{"end_date": "2026-09-03", "name": "TVN 24 BiS HD", "info_url": "https://epg.pw/channels/7656/20260902.html", "country": "Russian Federation", "description": null, "error_message": "", "provider": "", "source_url": "https://epg.pw/api/epg.json?channel_id=7656&date=20260902&timezone=None", "epg_list": [{"desc": null, "start_date": "2026-09-02T00:40:00+00:00", "title": "Nowa Maja w ogrodzie | S06"}, {"desc": null, "start_date": "2026-09-02T01:00:00+00:00", "title": "Nowa Maja w ogrodzie | S06"}, {"desc": null, "start_date": "2026-09-02T01:35:00+00:00", "title": "Tak jest"}, {"desc": null, "start_date": "2026-09-02T02:35:00+00:00", "title": "Fakty po Faktach"}, {"desc": null, "start_date": "2026-09-02T03:05:00+00:00", "title": "Kropka nad i"}, {"desc": null, "start_date": "2026-09-02T03:40:00+00:00", "title": "Tak jest"}, {"desc": null, "start_date": "2026-09-02T04:00:00+00:00", "title": "Niezwyk\u0142e Stany Prokopa | S04"}, {"desc": null, "start_date": "2026-09-02T04:30:00+00:00", "title": "Nowa Maja w ogrodzie | S06"}, {"desc": null, "start_date": "2026-09-02T05:00:00+00:00", "title": "Tak jest"}, {"desc": null, "start_date": "2026-09-02T06:00:00+00:00", "title": "Szk\u0142o kontaktowe"}, {"desc": null, "start_date": "2026-09-02T07:20:00+00:00", "title": "Fakty po Faktach"}, {"desc": null, "start_date": "2026-09-02T07:45:00+00:00", "title": "Kropka nad i"}, {"desc": null, "start_date": "2026-09-02T08:15:00+00:00", "title": "Fakty o \u015bwiecie"}, {"desc": null, "start_date": "2026-09-02T08:50:00+00:00", "title": "Alarm dla Ziemi"}, {"desc": null, "start_date": "2026-09-02T09:20:00+00:00", "title": "Kijek w kosmosie"}, {"desc": null, "start_date": "2026-09-02T09:50:00+00:00", "title": "Dokument w TVN24 Bi\u015a"}, {"desc": null, "start_date": "2026-09-02T10:50:00+00:00", "title": "Podcast ekonomiczny"}, {"desc": null, "start_date": "2026-09-02T11:25:00+00:00", "title": "Fakty po Faktach"}, {"desc": null, "start_date": "2026-09-02T11:55:00+00:00", "title": "Kropka nad i"}, {"desc": null, "start_date": "2026-09-02T12:30:00+00:00", "title": "Tak jest"}, {"desc": null, "start_date": "2026-09-02T13:20:00+00:00", "title": "Fakty po Faktach"}, {"desc": null, "start_date": "2026-09-02T14:00:00+00:00", "title": "Dzie\u0144 na \u015bwiecie"}, {"desc": null, "start_date": "2026-09-02T16:30:00+00:00", "title": "Fakty o \u015bwiecie"}, {"desc": null, "start_date": "2026-09-02T17:00:00+00:00", "title": "Fakty"}, {"desc": null, "start_date": "2026-09-02T17:30:00+00:00", "title": "Fakty po Faktach"}, {"desc": null, "start_date": "2026-09-02T18:00:00+00:00", "title": "Kropka nad i"}, {"desc": null, "start_date": "2026-09-02T18:20:00+00:00", "title": "Fakty o \u015bwiecie"}, {"desc": null, "start_date": "2026-09-02T19:00:00+00:00", "title": "Rozmowy dnia"}, {"desc": null, "start_date": "2026-09-02T19:40:00+00:00", "title": "24 godziny"}, {"desc": null, "start_date": "2026-09-02T20:55:00+00:00", "title": "Czarno na bia\u0142ym"}, {"desc": null, "start_date": "2026-09-02T21:35:00+00:00", "title": "Polska i \u015bwiat"}, {"desc": null, "start_date": "2026-09-02T22:35:00+00:00", "title": "Fakty po Faktach"}, {"desc": null, "start_date": "2026-09-02T23:05:00+00:00", "title": "Kropka nad i"}, {"desc": null, "start_date": "2026-09-02T23:40:00+00:00", "title": "Tak jest"}, {"desc": null, "start_date": "2026-09-03T00:40:00+00:00", "title": "Nowa Maja w ogrodzie | S06"}, {"desc": null, "start_date": "2026-09-03T01:00:00+00:00", "title": "Nowa Maja w ogrodzie | S06"}, {"desc": null, "start_date": "2026-09-03T01:35:00+00:00", "title": "Tak jest"}, {"desc": null, "start_date": "2026-09-03T02:35:00+00:00", "title": "Fakty po Faktach"}, {"desc": null, "start_date": "2026-09-03T03:05:00+00:00", "title": "Kropka nad i"}, {"desc": null, "start_date": "2026-09-03T03:40:00+00:00", "title": "Tak jest"}, {"desc": null, "start_date": "2026-09-03T04:00:00+00:00", "title": "Niezwyk\u0142e Stany Prokopa | S04"}, {"desc": null, "start_date": "2026-09-03T04:30:00+00:00", "title": "Nowa Maja w ogrodzie | S06"}, {"desc": null, "start_date": "2026-09-03T05:00:00+00:00", "title": "Tak jest"}, {"desc": null, "start_date": "2026-09-03T06:00:00+00:00", "title": "Szk\u0142o kontaktowe"}, {"desc": null, "start_date": "2026-09-03T07:15:00+00:00", "title": "Fakty po Faktach"}, {"desc": null, "start_date": "2026-09-03T07:45:00+00:00", "title": "Kropka nad i"}, {"desc": null, "start_date": "2026-09-03T08:15:00+00:00", "title": "Fakty o \u015bwiecie"}, {"desc": null, "start_date": "2026-09-03T08:50:00+00:00", "title": "Alarm dla Ziemi"}, {"desc": null, "start_date": "2026-09-03T09:20:00+00:00", "title": "Kijek w kosmosie"}, {"desc": null, "start_date": "2026-09-03T09:50:00+00:00", "title": "Dokument w TVN24 Bi\u015a"}, {"desc": null, "start_date": "2026-09-03T10:50:00+00:00", "title": "Podcast ekonomiczny"}, {"desc": null, "start_date": "2026-09-03T11:30:00+00:00", "title": "Fakty po Faktach"}, {"desc": null, "start_date": "2026-09-03T12:00:00+00:00", "title": "Kropka nad i"}, {"desc": null, "start_date": "2026-09-03T12:30:00+00:00", "title": "Polska i \u015bwiat"}, {"desc": null, "start_date": "2026-09-03T13:20:00+00:00", "title": "Fakty po Faktach"}, {"desc": null, "start_date": "2026-09-03T14:00:00+00:00", "title": "Dzie\u0144 na \u015bwiecie"}, {"desc": null, "start_date": "2026-09-03T16:30:00+00:00", "title": "Fakty o \u015bwiecie"}, {"desc": null, "start_date": "2026-09-03T17:00:00+00:00", "title": "Fakty"}, {"desc": null, "start_date": "2026-09-03T17:30:00+00:00", "title": "Fakty po Faktach"}, {"desc": null, "start_date": "2026-09-03T18:00:00+00:00", "title": "Kropka nad i"}, {"desc": null, "start_date": "2026-09-03T18:20:00+00:00", "title": "Fakty o \u015bwiecie"}, {"desc": null, "start_date": "2026-09-03T19:00:00+00:00", "title": "Rozmowy dnia"}, {"desc": null, "start_date": "2026-09-03T19:40:00+00:00", "title": "24 godziny"}, {"desc": null, "start_date": "2026-09-03T20:55:00+00:00", "title": "Czarno na bia\u0142ym"}, {"desc": null, "start_date": "2026-09-03T21:35:00+00:00", "title": "Polska i \u015bwiat"}, {"desc": null, "start_date": "2026-09-03T22:35:00+00:00", "title": "Fakty po Faktach"}, {"desc": null, "start_date": "2026-09-03T23:05:00+00:00", "title": "Kropka nad i"}, {"desc": null, "start_date": "2026-09-03T23:40:00+00:00", "title": "Tak jest"}], "offset": "+00:00", "timezone": "UTC", "error_code": -1, "start_date": "2026-09-02", "icon": "https://epg.pw/media/images/epg/2024/06/08/20240608035241139001_39.png"}