{"end_date": "2026-09-02", "name": "TVP Kobieta", "info_url": "https://epg.pw/channels/6977/20260901.html", "country": "Russian Federation", "description": null, "error_message": "", "provider": "", "source_url": "https://epg.pw/api/epg.json?channel_id=6977&date=20260901&timezone=None", "epg_list": [{"desc": null, "start_date": "2026-09-01T00:00:00+00:00", "title": "Na tropach przesz\u0142o\u015bci | E03"}, {"desc": null, "start_date": "2026-09-01T01:00:00+00:00", "title": "Po\u017cegnanie z Mari\u0105"}, {"desc": null, "start_date": "2026-09-01T02:30:00+00:00", "title": "Zako\u0144czenie programu"}, {"desc": null, "start_date": "2026-09-01T03:10:00+00:00", "title": "Ojciec Mateusz 19 \u2013 Mr\u00f3z | S19E249"}, {"desc": null, "start_date": "2026-09-01T04:05:00+00:00", "title": "Ojciec Mateusz 19 \u2013 Nikotyna | S19E250"}, {"desc": null, "start_date": "2026-09-01T05:00:00+00:00", "title": "Kto rz\u0105dzi \u015bwiatem? \u2013 Kto rz\u0105dzi \u015bwiatow\u0105 \u017cywno\u015bci\u0105? | S01E03"}, {"desc": null, "start_date": "2026-09-01T06:05:00+00:00", "title": "Dziedzictwo | E878"}, {"desc": null, "start_date": "2026-09-01T07:00:00+00:00", "title": "Dziedzictwo | E879"}, {"desc": null, "start_date": "2026-09-01T08:00:00+00:00", "title": "Na sygnale \u2013 Przesy\u0142ka | E884"}, {"desc": null, "start_date": "2026-09-01T08:40:00+00:00", "title": "Akacjowa 38 | E919"}, {"desc": null, "start_date": "2026-09-01T09:40:00+00:00", "title": "Lalka. Wspomnienia"}, {"desc": null, "start_date": "2026-09-01T10:00:00+00:00", "title": "Okrasa \u0142amie przepisy \u2013 Je\u017cyny na polskim talerzu"}, {"desc": null, "start_date": "2026-09-01T10:30:00+00:00", "title": "Kwiaty na warsztat 5 \u2013 Spektakularny bukiet z hortensjami w roli g\u0142\u00f3wnej | S05E4/6"}, {"desc": null, "start_date": "2026-09-01T10:45:00+00:00", "title": "Przepis dnia 4 | E30"}, {"desc": null, "start_date": "2026-09-01T11:00:00+00:00", "title": "Na dobre i na z\u0142e \u2013 L\u0119ki, l\u0119ki\u2026 | E601"}, {"desc": null, "start_date": "2026-09-01T11:55:00+00:00", "title": "Belize: Raj w sercu Karaib\u00f3w"}, {"desc": null, "start_date": "2026-09-01T13:00:00+00:00", "title": "Ros\u00f3\u0142 polski | E26"}, {"desc": null, "start_date": "2026-09-01T13:30:00+00:00", "title": "Ojciec Mateusz 9 \u2013 Muzycy | S09E117"}, {"desc": null, "start_date": "2026-09-01T14:25:00+00:00", "title": "Ojciec Mateusz 9 \u2013 Znikaj\u0105ca asystentka | S09E118"}, {"desc": null, "start_date": "2026-09-01T15:25:00+00:00", "title": "Kto rz\u0105dzi \u015bwiatem? \u2013 Kto rz\u0105dzi \u015bwiatow\u0105 \u017cywno\u015bci\u0105? | S01E03"}, {"desc": null, "start_date": "2026-09-01T16:20:00+00:00", "title": "Muzeum Polskiej Piosenki | E123"}, {"desc": null, "start_date": "2026-09-01T16:30:00+00:00", "title": "Lato z Radiem i Telewizj\u0105 Polsk\u0105 \u2013 Tarn\u00f3w"}, {"desc": null, "start_date": "2026-09-01T17:30:00+00:00", "title": "Mi\u0142o\u015b\u0107 i nadzieja | E351"}, {"desc": null, "start_date": "2026-09-01T18:30:00+00:00", "title": "Wichrowe wzg\u00f3rze | E332"}, {"desc": null, "start_date": "2026-09-01T19:20:00+00:00", "title": "Lato z Radiem i Telewizj\u0105 Polsk\u0105 \u2013 Che\u0142m"}, {"desc": null, "start_date": "2026-09-01T19:30:00+00:00", "title": "La Promesa \u2013 pa\u0142ac tajemnic | S01E308"}, {"desc": null, "start_date": "2026-09-01T20:30:00+00:00", "title": "\u015awiat\u0142o mi\u0119dzy oceanami"}, {"desc": null, "start_date": "2026-09-01T22:45:00+00:00", "title": "Ta\u0144cz\u0105ca ze \u015bwiatem \u2013 Malta | S07E02"}, {"desc": null, "start_date": "2026-09-01T23:20:00+00:00", "title": "To jest grane \u2013 Wakacyjnie | E103"}, {"desc": null, "start_date": "2026-09-01T23:50:00+00:00", "title": "Na tropach przesz\u0142o\u015bci | E04"}, {"desc": null, "start_date": "2026-09-02T00:40:00+00:00", "title": "Zako\u0144czenie programu"}, {"desc": null, "start_date": "2026-09-02T03:05:00+00:00", "title": "Ojciec Mateusz 19 \u2013 Jaki ojciec\u2026 | S19E251"}, {"desc": null, "start_date": "2026-09-02T04:00:00+00:00", "title": "Ojciec Mateusz 20 \u2013 Vistula Beach | S20E252"}, {"desc": null, "start_date": "2026-09-02T05:00:00+00:00", "title": "Kto rz\u0105dzi \u015bwiatem? \u2013 Kto rz\u0105dzi \u015bwiatowym gruntem? | S01E04"}, {"desc": null, "start_date": "2026-09-02T06:00:00+00:00", "title": "Dziedzictwo | E880"}, {"desc": null, "start_date": "2026-09-02T07:00:00+00:00", "title": "Dziedzictwo | E881"}, {"desc": null, "start_date": "2026-09-02T08:00:00+00:00", "title": "Na sygnale \u2013 Pierwszy dzie\u0144 reszty twojego \u017cycia\u2026 | E885"}, {"desc": null, "start_date": "2026-09-02T08:40:00+00:00", "title": "Akacjowa 38 | E920"}, {"desc": null, "start_date": "2026-09-02T10:00:00+00:00", "title": "Okrasa \u0142amie przepisy \u2013 Zimne ryby na Biebrzy"}, {"desc": null, "start_date": "2026-09-02T10:30:00+00:00", "title": "Zio\u0142owa apteka \u2013 Czystek"}, {"desc": null, "start_date": "2026-09-02T10:45:00+00:00", "title": "Przepis dnia | E31"}, {"desc": null, "start_date": "2026-09-02T11:00:00+00:00", "title": "Na dobre i na z\u0142e \u2013 Twardy zawodnik | E602"}, {"desc": null, "start_date": "2026-09-02T11:55:00+00:00", "title": "Mi\u0119dzynarodowy Festiwal Zespo\u0142\u00f3w Cyga\u0144skich Romane Dyvesa \u2013 Gorz\u00f3w Wielkopolski 2025 | E2025"}, {"desc": null, "start_date": "2026-09-02T13:00:00+00:00", "title": "Pi\u0119kno, zg\u0142o\u015b si\u0119! | S01E10-ost"}, {"desc": null, "start_date": "2026-09-02T13:30:00+00:00", "title": "Ojciec Mateusz 9 \u2013 Laweciarze | S09E119"}, {"desc": null, "start_date": "2026-09-02T14:30:00+00:00", "title": "Ojciec Mateusz 9 \u2013 Niebezpieczne zwi\u0105zki | S09E120"}, {"desc": null, "start_date": "2026-09-02T15:20:00+00:00", "title": "Kto rz\u0105dzi \u015bwiatem? \u2013 Kto rz\u0105dzi \u015bwiatowym gruntem? | S01E04"}, {"desc": null, "start_date": "2026-09-02T16:30:00+00:00", "title": "Gabi Drzewiecka zaprasza | S01E01"}, {"desc": null, "start_date": "2026-09-02T17:30:00+00:00", "title": "Mi\u0142o\u015b\u0107 i nadzieja | E352"}, {"desc": null, "start_date": "2026-09-02T18:30:00+00:00", "title": "Wichrowe wzg\u00f3rze | E333"}, {"desc": null, "start_date": "2026-09-02T19:30:00+00:00", "title": "La Promesa \u2013 pa\u0142ac tajemnic | S01E309"}, {"desc": null, "start_date": "2026-09-02T20:30:00+00:00", "title": "Zupa nic"}, {"desc": null, "start_date": "2026-09-02T22:15:00+00:00", "title": "Kocham Ci\u0119, Polsko! | S12E07"}, {"desc": null, "start_date": "2026-09-02T23:40:00+00:00", "title": "Na tropach przesz\u0142o\u015bci | E05"}], "offset": "+00:00", "timezone": "UTC", "error_code": -1, "start_date": "2026-09-01", "icon": "https://epg.pw/media/images/epg/2024/06/08/20240608031417774013_36.png"}