{"end_date": "2026-09-01", "name": "TVP Kobieta", "info_url": "https://epg.pw/channels/6977/20260831.html", "country": "Russian Federation", "description": null, "error_message": "", "provider": "", "source_url": "https://epg.pw/api/epg.json?channel_id=6977&date=20260831&timezone=None", "epg_list": [{"desc": null, "start_date": "2026-08-31T00:05:00+00:00", "title": "Ranczo 9 \u2013 Brzytwa dla ton\u0105cego | S09E115"}, {"desc": null, "start_date": "2026-08-31T00:55:00+00:00", "title": "\u017bona do podzia\u0142u"}, {"desc": null, "start_date": "2026-08-31T02:15:00+00:00", "title": "Zako\u0144czenie programu"}, {"desc": null, "start_date": "2026-08-31T02:16:00+00:00", "title": "Zako\u0144czenie programu"}, {"desc": null, "start_date": "2026-08-31T03:05:00+00:00", "title": "Ojciec Mateusz 19 \u2013 Wyzwolenie \u0141azarza | S19E247"}, {"desc": null, "start_date": "2026-08-31T04:05:00+00:00", "title": "Ojciec Mateusz 19 \u2013 Wina | S19E248"}, {"desc": null, "start_date": "2026-08-31T05:00:00+00:00", "title": "Sekrety dzikich kwiat\u00f3w \u2013 Kwiaty miejskie | E06"}, {"desc": null, "start_date": "2026-08-31T06:00:00+00:00", "title": "Dziedzictwo | E876"}, {"desc": null, "start_date": "2026-08-31T07:05:00+00:00", "title": "Dziedzictwo | E877"}, {"desc": null, "start_date": "2026-08-31T08:00:00+00:00", "title": "Na sygnale \u2013 Za kilka lajk\u00f3w wi\u0119cej | E883"}, {"desc": null, "start_date": "2026-08-31T08:40:00+00:00", "title": "Akacjowa 38 | E918"}, {"desc": null, "start_date": "2026-08-31T10:00:00+00:00", "title": "Na tropie przypraw. Pikantnie i s\u0142odko \u2013 Cebula"}, {"desc": null, "start_date": "2026-08-31T10:30:00+00:00", "title": "Kwiaty na warsztat 5 \u2013 Dekoracja piknikowa w ogrodzie | S05E3/6"}, {"desc": null, "start_date": "2026-08-31T10:45:00+00:00", "title": "Przepis dnia 4 | E29"}, {"desc": null, "start_date": "2026-08-31T11:00:00+00:00", "title": "Na dobre i na z\u0142e \u2013 Panaceum | E600"}, {"desc": null, "start_date": "2026-08-31T11:55:00+00:00", "title": "Kiedy\u015b to by\u0142o"}, {"desc": null, "start_date": "2026-08-31T12:30:00+00:00", "title": "Okrasa \u0142amie przepisy \u2013 Ryby w grzybach"}, {"desc": null, "start_date": "2026-08-31T13:00:00+00:00", "title": "Jak to si\u0119 m\u00f3wi, czyli Kasia u Bralczyka \u2013 /57 / | E57"}, {"desc": null, "start_date": "2026-08-31T13:30:00+00:00", "title": "Ojciec Mateusz 9 \u2013 Daleki krewny | S09E115"}, {"desc": null, "start_date": "2026-08-31T14:30:00+00:00", "title": "Ojciec Mateusz 9 \u2013 Pluskwa | S09E116"}, {"desc": null, "start_date": "2026-08-31T15:25:00+00:00", "title": "Sekrety dzikich kwiat\u00f3w \u2013 Kwiaty miejskie | E06"}, {"desc": null, "start_date": "2026-08-31T16:30:00+00:00", "title": "Hity wszech czas\u00f3w | E14"}, {"desc": null, "start_date": "2026-08-31T17:30:00+00:00", "title": "Mi\u0142o\u015b\u0107 i nadzieja | E350"}, {"desc": null, "start_date": "2026-08-31T18:30:00+00:00", "title": "Wichrowe wzg\u00f3rze | E331"}, {"desc": null, "start_date": "2026-08-31T19:30:00+00:00", "title": "La Promesa \u2013 pa\u0142ac tajemnic | S01E307"}, {"desc": null, "start_date": "2026-08-31T20:30:00+00:00", "title": "Wielkie oczy"}, {"desc": null, "start_date": "2026-08-31T22:20:00+00:00", "title": "Idealny rocznik"}, {"desc": null, "start_date": "2026-09-01T00:00:00+00:00", "title": "Na tropach przesz\u0142o\u015bci | E03"}, {"desc": null, "start_date": "2026-09-01T01:00:00+00:00", "title": "Po\u017cegnanie z Mari\u0105"}, {"desc": null, "start_date": "2026-09-01T02:30:00+00:00", "title": "Zako\u0144czenie programu"}, {"desc": null, "start_date": "2026-09-01T03:10:00+00:00", "title": "Ojciec Mateusz 19 \u2013 Mr\u00f3z | S19E249"}, {"desc": null, "start_date": "2026-09-01T04:05:00+00:00", "title": "Ojciec Mateusz 19 \u2013 Nikotyna | S19E250"}, {"desc": null, "start_date": "2026-09-01T05:00:00+00:00", "title": "Kto rz\u0105dzi \u015bwiatem? \u2013 Kto rz\u0105dzi \u015bwiatow\u0105 \u017cywno\u015bci\u0105? | S01E03"}, {"desc": null, "start_date": "2026-09-01T06:05:00+00:00", "title": "Dziedzictwo | E878"}, {"desc": null, "start_date": "2026-09-01T07:00:00+00:00", "title": "Dziedzictwo | E879"}, {"desc": null, "start_date": "2026-09-01T08:00:00+00:00", "title": "Na sygnale \u2013 Przesy\u0142ka | E884"}, {"desc": null, "start_date": "2026-09-01T08:40:00+00:00", "title": "Akacjowa 38 | E919"}, {"desc": null, "start_date": "2026-09-01T09:40:00+00:00", "title": "Lalka. Wspomnienia"}, {"desc": null, "start_date": "2026-09-01T10:00:00+00:00", "title": "Okrasa \u0142amie przepisy \u2013 Je\u017cyny na polskim talerzu"}, {"desc": null, "start_date": "2026-09-01T10:30:00+00:00", "title": "Kwiaty na warsztat 5 \u2013 Spektakularny bukiet z hortensjami w roli g\u0142\u00f3wnej | S05E4/6"}, {"desc": null, "start_date": "2026-09-01T10:45:00+00:00", "title": "Przepis dnia 4 | E30"}, {"desc": null, "start_date": "2026-09-01T11:00:00+00:00", "title": "Na dobre i na z\u0142e \u2013 L\u0119ki, l\u0119ki\u2026 | E601"}, {"desc": null, "start_date": "2026-09-01T11:55:00+00:00", "title": "Belize: Raj w sercu Karaib\u00f3w"}, {"desc": null, "start_date": "2026-09-01T13:00:00+00:00", "title": "Ros\u00f3\u0142 polski | E26"}, {"desc": null, "start_date": "2026-09-01T13:30:00+00:00", "title": "Ojciec Mateusz 9 \u2013 Muzycy | S09E117"}, {"desc": null, "start_date": "2026-09-01T14:25:00+00:00", "title": "Ojciec Mateusz 9 \u2013 Znikaj\u0105ca asystentka | S09E118"}, {"desc": null, "start_date": "2026-09-01T15:25:00+00:00", "title": "Kto rz\u0105dzi \u015bwiatem? \u2013 Kto rz\u0105dzi \u015bwiatow\u0105 \u017cywno\u015bci\u0105? | S01E03"}, {"desc": null, "start_date": "2026-09-01T16:20:00+00:00", "title": "Muzeum Polskiej Piosenki | E123"}, {"desc": null, "start_date": "2026-09-01T16:30:00+00:00", "title": "Lato z Radiem i Telewizj\u0105 Polsk\u0105 \u2013 Tarn\u00f3w"}, {"desc": null, "start_date": "2026-09-01T17:30:00+00:00", "title": "Mi\u0142o\u015b\u0107 i nadzieja | E351"}, {"desc": null, "start_date": "2026-09-01T18:30:00+00:00", "title": "Wichrowe wzg\u00f3rze | E332"}, {"desc": null, "start_date": "2026-09-01T19:20:00+00:00", "title": "Lato z Radiem i Telewizj\u0105 Polsk\u0105 \u2013 Che\u0142m"}, {"desc": null, "start_date": "2026-09-01T19:30:00+00:00", "title": "La Promesa \u2013 pa\u0142ac tajemnic | S01E308"}, {"desc": null, "start_date": "2026-09-01T20:30:00+00:00", "title": "\u015awiat\u0142o mi\u0119dzy oceanami"}, {"desc": null, "start_date": "2026-09-01T22:45:00+00:00", "title": "Ta\u0144cz\u0105ca ze \u015bwiatem \u2013 Malta | S07E02"}, {"desc": null, "start_date": "2026-09-01T23:20:00+00:00", "title": "To jest grane \u2013 Wakacyjnie | E103"}, {"desc": null, "start_date": "2026-09-01T23:50:00+00:00", "title": "Na tropach przesz\u0142o\u015bci | E04"}], "offset": "+00:00", "timezone": "UTC", "error_code": -1, "start_date": "2026-08-31", "icon": "https://epg.pw/media/images/epg/2024/06/08/20240608031417774013_36.png"}