{"end_date": "2026-09-02", "name": "CANAL+ Dokument HD", "info_url": "https://epg.pw/channels/6490/20260901.html", "country": "Russian Federation", "description": null, "error_message": "", "provider": "", "source_url": "https://epg.pw/api/epg.json?channel_id=6490&date=20260901&timezone=None", "epg_list": [{"desc": null, "start_date": "2026-09-01T00:25:00+00:00", "title": "Miasta rytm \u2013 Toru\u0144 | S01E02"}, {"desc": null, "start_date": "2026-09-01T01:20:00+00:00", "title": "Miasta rytm \u2013 Gda\u0144sk | S01E03"}, {"desc": null, "start_date": "2026-09-01T02:15:00+00:00", "title": "Polowanie na Hitlera \u2013 \u015amierciono\u015bna brandy | E07"}, {"desc": null, "start_date": "2026-09-01T03:05:00+00:00", "title": "Polowanie na Hitlera \u2013 Zamachowiec samob\u00f3jca | E08"}, {"desc": null, "start_date": "2026-09-01T04:00:00+00:00", "title": "O co biega? | E26"}, {"desc": null, "start_date": "2026-09-01T04:35:00+00:00", "title": "Miasta rytm \u2013 Krak\u00f3w | S01E04"}, {"desc": null, "start_date": "2026-09-01T05:30:00+00:00", "title": "Miasta rytm \u2013 \u0141\u00f3d\u017a | S01E05"}, {"desc": null, "start_date": "2026-09-01T06:25:00+00:00", "title": "Polowanie na Hitlera \u2013 W rezydencji Hitlera | E09"}, {"desc": null, "start_date": "2026-09-01T07:15:00+00:00", "title": "Polowanie na Hitlera \u2013 Wilczy Szaniec | E10"}, {"desc": null, "start_date": "2026-09-01T08:05:00+00:00", "title": "Polska z g\u00f3ry \u2013 Przemkowski Park Krajobrazowy | S01E06"}, {"desc": null, "start_date": "2026-09-01T08:35:00+00:00", "title": "Polska z g\u00f3ry \u2013 Dolina Dolnej Wis\u0142y | S01E07"}, {"desc": null, "start_date": "2026-09-01T09:05:00+00:00", "title": "Polska z g\u00f3ry \u2013 Dolina Bugu | S01E08"}, {"desc": null, "start_date": "2026-09-01T09:40:00+00:00", "title": "Nazi\u015bci po wojnie \u2013 globalna infiltracja | E01"}, {"desc": null, "start_date": "2026-09-01T10:40:00+00:00", "title": "Nazi\u015bci po wojnie \u2013 globalna infiltracja | E02"}, {"desc": null, "start_date": "2026-09-01T11:40:00+00:00", "title": "Nazi\u015bci po wojnie \u2013 globalna infiltracja | E03"}, {"desc": null, "start_date": "2026-09-01T12:40:00+00:00", "title": "Oscar Schindler: trudne dziedzictwo"}, {"desc": null, "start_date": "2026-09-01T13:40:00+00:00", "title": "Narodziny dyktatury. Droga Hitlera do w\u0142adzy"}, {"desc": null, "start_date": "2026-09-01T14:40:00+00:00", "title": "W kr\u00f3lestwie ksi\u0119cia Muhammada ibn Salmana"}, {"desc": null, "start_date": "2026-09-01T15:40:00+00:00", "title": "Franz Beckenbauer. Ostatni cesarz"}, {"desc": null, "start_date": "2026-09-01T17:15:00+00:00", "title": "Yintah"}, {"desc": null, "start_date": "2026-09-01T19:30:00+00:00", "title": "Sekrety skrajnej prawicy"}, {"desc": null, "start_date": "2026-09-01T21:15:00+00:00", "title": "Dzikie oblicze Japonii | E01"}, {"desc": null, "start_date": "2026-09-01T22:15:00+00:00", "title": "Dzikie oblicze Japonii | E02"}, {"desc": null, "start_date": "2026-09-01T23:15:00+00:00", "title": "Twardzielki \u2013 Karolina Koszewska-\u0141ukasik | E01"}, {"desc": null, "start_date": "2026-09-01T23:50:00+00:00", "title": "O co biega? | E26"}, {"desc": null, "start_date": "2026-09-02T00:25:00+00:00", "title": "Miasta rytm \u2013 Krak\u00f3w | S01E04"}, {"desc": null, "start_date": "2026-09-02T01:20:00+00:00", "title": "Miasta rytm \u2013 \u0141\u00f3d\u017a | S01E05"}, {"desc": null, "start_date": "2026-09-02T02:15:00+00:00", "title": "Polowanie na Hitlera \u2013 W rezydencji Hitlera | E09"}, {"desc": null, "start_date": "2026-09-02T03:05:00+00:00", "title": "Polowanie na Hitlera \u2013 Wilczy Szaniec | E10"}, {"desc": null, "start_date": "2026-09-02T04:00:00+00:00", "title": "O co biega? | E01"}, {"desc": null, "start_date": "2026-09-02T04:35:00+00:00", "title": "Miasta rytm \u2013 Wroc\u0142aw | S01E06"}, {"desc": null, "start_date": "2026-09-02T05:35:00+00:00", "title": "Miasta rytm \u2013 Katowice | S01E07"}, {"desc": null, "start_date": "2026-09-02T06:30:00+00:00", "title": "Chwile szcz\u0119\u015bcia | E01"}, {"desc": null, "start_date": "2026-09-02T07:25:00+00:00", "title": "Chwile szcz\u0119\u015bcia | E02"}, {"desc": null, "start_date": "2026-09-02T08:25:00+00:00", "title": "Polska z g\u00f3ry \u2013 Che\u0142m | S01E09"}, {"desc": null, "start_date": "2026-09-02T08:55:00+00:00", "title": "Polska z g\u00f3ry \u2013 Suwalszczyzna | S01E10"}, {"desc": null, "start_date": "2026-09-02T09:25:00+00:00", "title": "Polska z g\u00f3ry \u2013 Pomorze | S01E11"}, {"desc": null, "start_date": "2026-09-02T10:00:00+00:00", "title": "Samoloty bojowe III Rzeszy | E01"}, {"desc": null, "start_date": "2026-09-02T11:00:00+00:00", "title": "Samoloty bojowe III Rzeszy | E02"}, {"desc": null, "start_date": "2026-09-02T12:00:00+00:00", "title": "Panama. Susza, kryzys, migranci"}, {"desc": null, "start_date": "2026-09-02T13:00:00+00:00", "title": "24 godziny na kole podbiegunowym"}, {"desc": null, "start_date": "2026-09-02T14:00:00+00:00", "title": "Rozmowa z rekinem"}, {"desc": null, "start_date": "2026-09-02T15:00:00+00:00", "title": "Rewolucja Papie\u017ca Franciszka"}, {"desc": null, "start_date": "2026-09-02T16:00:00+00:00", "title": "Skandal w Kaplicy Syksty\u0144skiej"}, {"desc": null, "start_date": "2026-09-02T17:00:00+00:00", "title": "Ostatnie dni Kabulu | E03"}, {"desc": null, "start_date": "2026-09-02T18:00:00+00:00", "title": "Wojny w przestworzach | E01"}, {"desc": null, "start_date": "2026-09-02T18:55:00+00:00", "title": "Apulia, skarb po\u0142udniowych W\u0142och"}, {"desc": null, "start_date": "2026-09-02T19:55:00+00:00", "title": "Bro\u0144 ostateczna. Od Oppenheimera do Hiroszimy"}, {"desc": null, "start_date": "2026-09-02T20:55:00+00:00", "title": "Rosja kontra Rosja"}, {"desc": null, "start_date": "2026-09-02T21:55:00+00:00", "title": "Bojowniczki! One walczy\u0142y w getcie warszawskim"}, {"desc": null, "start_date": "2026-09-02T23:35:00+00:00", "title": "O co biega? | E01"}], "offset": "+00:00", "timezone": "UTC", "error_code": -1, "start_date": "2026-09-01", "icon": "https://epg.pw/media/images/epg/2024/06/08/20240608024642436793_86.png"}