{"end_date": "2026-09-03", "name": "Polonia 1", "info_url": "https://epg.pw/channels/6053/20260902.html", "country": "Russian Federation", "description": null, "error_message": "", "provider": "", "source_url": "https://epg.pw/api/epg.json?channel_id=6053&date=20260902&timezone=None", "epg_list": [{"desc": null, "start_date": "2026-09-02T00:50:00+00:00", "title": "Kabaretowy sza\u0142 \u2013 Czesuaf | S03E05"}, {"desc": null, "start_date": "2026-09-02T01:45:00+00:00", "title": "Kabaretowy sza\u0142 bis \u2013 Kabaret Moralnego Niepokoju | E09"}, {"desc": null, "start_date": "2026-09-02T02:50:00+00:00", "title": "Mi\u0142e rozmowy | E07"}, {"desc": null, "start_date": "2026-09-02T04:00:00+00:00", "title": "Kabaretowy sza\u0142 bis \u2013 Kabaret Moralnego Niepokoju | E25"}, {"desc": null, "start_date": "2026-09-02T05:00:00+00:00", "title": "Kabaretowy sza\u0142 bis \u2013 Kabaret Ani Mru-Mru | E15"}, {"desc": null, "start_date": "2026-09-02T06:00:00+00:00", "title": "Stra\u017c graniczna 2 | S02E07"}, {"desc": null, "start_date": "2026-09-02T06:30:00+00:00", "title": "Stra\u017c graniczna 3 | S03E12"}, {"desc": null, "start_date": "2026-09-02T07:00:00+00:00", "title": "Stra\u017c graniczna 3 | S03E19"}, {"desc": null, "start_date": "2026-09-02T07:30:00+00:00", "title": "Stra\u017c graniczna 4 | S04E06"}, {"desc": null, "start_date": "2026-09-02T08:00:00+00:00", "title": "Gor\u0105czka w mie\u015bcie | S01E41"}, {"desc": null, "start_date": "2026-09-02T09:00:00+00:00", "title": "Gor\u0105czka w mie\u015bcie | S01E46"}, {"desc": null, "start_date": "2026-09-02T10:00:00+00:00", "title": "Gor\u0105czka w mie\u015bcie | S01E03"}, {"desc": null, "start_date": "2026-09-02T11:00:00+00:00", "title": "Kobra \u2013 oddzia\u0142 specjalny | S01E14"}, {"desc": null, "start_date": "2026-09-02T12:00:00+00:00", "title": "Kobra \u2013 oddzia\u0142 specjalny | S01E15"}, {"desc": null, "start_date": "2026-09-02T13:05:00+00:00", "title": "Klejnot TV"}, {"desc": null, "start_date": "2026-09-02T15:05:00+00:00", "title": "Ale cyrk 2 | S02E02"}, {"desc": null, "start_date": "2026-09-02T15:40:00+00:00", "title": "U\u015bmiechnij si\u0119 | S01E03"}, {"desc": null, "start_date": "2026-09-02T15:50:00+00:00", "title": "U\u015bmiechnij si\u0119 | S01E07"}, {"desc": null, "start_date": "2026-09-02T16:00:00+00:00", "title": "Klejnot TV"}, {"desc": null, "start_date": "2026-09-02T19:00:00+00:00", "title": "Zagadka tygodnia"}, {"desc": null, "start_date": "2026-09-02T19:40:00+00:00", "title": "Inspektor M\u0142ot | S01E07"}, {"desc": null, "start_date": "2026-09-02T20:10:00+00:00", "title": "Zagadka tygodnia"}, {"desc": null, "start_date": "2026-09-02T20:50:00+00:00", "title": "Co\u015b \u015bmiesznego \u2013 Kabaret M\u0142odych Pan\u00f3w | E08"}, {"desc": null, "start_date": "2026-09-02T21:00:00+00:00", "title": "Muzyka"}, {"desc": null, "start_date": "2026-09-02T21:15:00+00:00", "title": "Juwelo"}, {"desc": null, "start_date": "2026-09-02T22:00:00+00:00", "title": "Kabaretowy sza\u0142 4 \u2013 Trzecia Strona Medalu | S04E12"}, {"desc": null, "start_date": "2026-09-02T22:50:00+00:00", "title": "Kabaretowy sza\u0142 bis \u2013 Kabaret Moralnego Niepokoju | E02"}, {"desc": null, "start_date": "2026-09-02T23:45:00+00:00", "title": "Kabaretowy sza\u0142 \u2013 MORALNEGO NIEPOKOJU. | S01E07"}, {"desc": null, "start_date": "2026-09-03T00:45:00+00:00", "title": "Kabaretowy sza\u0142 \u2013 Chyba | S03E06"}, {"desc": null, "start_date": "2026-09-03T01:35:00+00:00", "title": "Kabaretowy sza\u0142 \u2013 Kabret Tey | S02E20"}, {"desc": null, "start_date": "2026-09-03T02:50:00+00:00", "title": "Mi\u0142e rozmowy | E07"}, {"desc": null, "start_date": "2026-09-03T04:00:00+00:00", "title": "Kabaretowy sza\u0142 \u2013 Kabaret Moralnego Niepokoju, cz\u0119\u015b\u0107 1 | S01E01"}, {"desc": null, "start_date": "2026-09-03T05:00:00+00:00", "title": "Kabaretowy sza\u0142 bis \u2013 Kabaret Ani Mru-Mru | E16"}, {"desc": null, "start_date": "2026-09-03T06:00:00+00:00", "title": "Stra\u017c graniczna 2 | S02E08"}, {"desc": null, "start_date": "2026-09-03T06:30:00+00:00", "title": "Stra\u017c graniczna 3 | S03E13"}, {"desc": null, "start_date": "2026-09-03T07:05:00+00:00", "title": "Stra\u017c graniczna 3 | S03E20"}, {"desc": null, "start_date": "2026-09-03T07:30:00+00:00", "title": "Stra\u017c graniczna 4 | S04E07"}, {"desc": null, "start_date": "2026-09-03T08:00:00+00:00", "title": "Gor\u0105czka w mie\u015bcie | S01E42"}, {"desc": null, "start_date": "2026-09-03T09:00:00+00:00", "title": "Gor\u0105czka w mie\u015bcie | S01E47"}, {"desc": null, "start_date": "2026-09-03T10:00:00+00:00", "title": "Gor\u0105czka w mie\u015bcie | S01E04"}, {"desc": null, "start_date": "2026-09-03T11:00:00+00:00", "title": "Kobra \u2013 oddzia\u0142 specjalny | S01E15"}, {"desc": null, "start_date": "2026-09-03T12:00:00+00:00", "title": "Kobra \u2013 oddzia\u0142 specjalny | S01E16"}, {"desc": null, "start_date": "2026-09-03T13:05:00+00:00", "title": "Klejnot TV"}, {"desc": null, "start_date": "2026-09-03T15:05:00+00:00", "title": "Ale cyrk 2 | S02E03"}, {"desc": null, "start_date": "2026-09-03T15:40:00+00:00", "title": "U\u015bmiechnij si\u0119 | S01E04"}, {"desc": null, "start_date": "2026-09-03T15:50:00+00:00", "title": "U\u015bmiechnij si\u0119 | S01E08"}, {"desc": null, "start_date": "2026-09-03T16:00:00+00:00", "title": "Klejnot TV"}, {"desc": null, "start_date": "2026-09-03T19:00:00+00:00", "title": "Zagadka tygodnia"}, {"desc": null, "start_date": "2026-09-03T19:40:00+00:00", "title": "Inspektor M\u0142ot | S01E08"}, {"desc": null, "start_date": "2026-09-03T20:10:00+00:00", "title": "Zagadka tygodnia"}, {"desc": null, "start_date": "2026-09-03T20:50:00+00:00", "title": "Co\u015b \u015bmiesznego \u2013 Kabaret Jurki_2 | E32"}, {"desc": null, "start_date": "2026-09-03T21:00:00+00:00", "title": "Muzyka"}, {"desc": null, "start_date": "2026-09-03T21:15:00+00:00", "title": "Juwelo"}, {"desc": null, "start_date": "2026-09-03T22:00:00+00:00", "title": "Kabaretowy sza\u0142 4 \u2013 Moralnego Niepokoju | S04E13"}, {"desc": null, "start_date": "2026-09-03T22:55:00+00:00", "title": "Kabaretowy sza\u0142 bis \u2013 Kabaret Ciach | E03"}, {"desc": null, "start_date": "2026-09-03T23:50:00+00:00", "title": "Kabaretowy sza\u0142 \u2013 M\u0141ODYCH PAN\u00d3W | S01E08"}], "offset": "+00:00", "timezone": "UTC", "error_code": -1, "start_date": "2026-09-02", "icon": "https://epg.pw/media/images/epg/2024/06/08/20240608022214543404_58.png"}