{"end_date": "2026-09-02", "name": "Polonia 1", "info_url": "https://epg.pw/channels/6053/20260901.html", "country": "Russian Federation", "description": null, "error_message": "", "provider": "", "source_url": "https://epg.pw/api/epg.json?channel_id=6053&date=20260901&timezone=None", "epg_list": [{"desc": null, "start_date": "2026-09-01T00:50:00+00:00", "title": "Kabaretowy sza\u0142 4 \u2013 Tey | S04E19"}, {"desc": null, "start_date": "2026-09-01T02:05:00+00:00", "title": "Kabaretowy sza\u0142 \u2013 Kabaret Moralnego Niepokoju | S02E14"}, {"desc": null, "start_date": "2026-09-01T02:50:00+00:00", "title": "Mi\u0142e rozmowy | E07"}, {"desc": null, "start_date": "2026-09-01T04:00:00+00:00", "title": "Kabaretowy sza\u0142 bis \u2013 Kabaret Ani Mru-Mru | E24"}, {"desc": null, "start_date": "2026-09-01T04:55:00+00:00", "title": "Kabaretowy sza\u0142 bis \u2013 Kabaret Ani Mru-Mru | E14"}, {"desc": null, "start_date": "2026-09-01T06:00:00+00:00", "title": "Stra\u017c graniczna 2 | S02E06"}, {"desc": null, "start_date": "2026-09-01T06:30:00+00:00", "title": "Stra\u017c graniczna 3 | S03E11"}, {"desc": null, "start_date": "2026-09-01T07:00:00+00:00", "title": "Stra\u017c graniczna 4 | S04E12"}, {"desc": null, "start_date": "2026-09-01T07:30:00+00:00", "title": "Stra\u017c graniczna 4 | S04E05"}, {"desc": null, "start_date": "2026-09-01T08:00:00+00:00", "title": "Gor\u0105czka w mie\u015bcie | S01E40"}, {"desc": null, "start_date": "2026-09-01T09:00:00+00:00", "title": "Gor\u0105czka w mie\u015bcie | S01E45"}, {"desc": null, "start_date": "2026-09-01T10:00:00+00:00", "title": "Gor\u0105czka w mie\u015bcie | S01E02"}, {"desc": null, "start_date": "2026-09-01T11:00:00+00:00", "title": "Kobra \u2013 oddzia\u0142 specjalny | S01E13"}, {"desc": null, "start_date": "2026-09-01T12:00:00+00:00", "title": "Kobra \u2013 oddzia\u0142 specjalny | S01E14"}, {"desc": null, "start_date": "2026-09-01T13:05:00+00:00", "title": "Klejnot TV"}, {"desc": null, "start_date": "2026-09-01T15:05:00+00:00", "title": "Ale cyrk 2 | S02E01"}, {"desc": null, "start_date": "2026-09-01T15:40:00+00:00", "title": "U\u015bmiechnij si\u0119 | S01E02"}, {"desc": null, "start_date": "2026-09-01T15:50:00+00:00", "title": "U\u015bmiechnij si\u0119 | S01E06"}, {"desc": null, "start_date": "2026-09-01T16:00:00+00:00", "title": "Klejnot TV"}, {"desc": null, "start_date": "2026-09-01T19:00:00+00:00", "title": "Zagadka tygodnia"}, {"desc": null, "start_date": "2026-09-01T19:40:00+00:00", "title": "Inspektor M\u0142ot | S01E06"}, {"desc": null, "start_date": "2026-09-01T20:15:00+00:00", "title": "Zagadka tygodnia"}, {"desc": null, "start_date": "2026-09-01T20:50:00+00:00", "title": "Co\u015b \u015bmiesznego \u2013 Fair_Play_Crew_1 | E36"}, {"desc": null, "start_date": "2026-09-01T21:00:00+00:00", "title": "Muzyka"}, {"desc": null, "start_date": "2026-09-01T21:15:00+00:00", "title": "Kabaretowy sza\u0142 2026 \u2013 Kabaret Jurki | E02"}, {"desc": null, "start_date": "2026-09-01T22:00:00+00:00", "title": "Kabaretowy sza\u0142 4 \u2013 Zdolni i Skromni | S04E11"}, {"desc": null, "start_date": "2026-09-01T22:55:00+00:00", "title": "Kabaretowy sza\u0142 bis \u2013 Smile | E01"}, {"desc": null, "start_date": "2026-09-01T23:55:00+00:00", "title": "Kabaretowy sza\u0142 \u2013 Smile | S01E06"}, {"desc": null, "start_date": "2026-09-02T00:50:00+00:00", "title": "Kabaretowy sza\u0142 \u2013 Czesuaf | S03E05"}, {"desc": null, "start_date": "2026-09-02T01:45:00+00:00", "title": "Kabaretowy sza\u0142 bis \u2013 Kabaret Moralnego Niepokoju | E09"}, {"desc": null, "start_date": "2026-09-02T02:50:00+00:00", "title": "Mi\u0142e rozmowy | E07"}, {"desc": null, "start_date": "2026-09-02T04:00:00+00:00", "title": "Kabaretowy sza\u0142 bis \u2013 Kabaret Moralnego Niepokoju | E25"}, {"desc": null, "start_date": "2026-09-02T05:00:00+00:00", "title": "Kabaretowy sza\u0142 bis \u2013 Kabaret Ani Mru-Mru | E15"}, {"desc": null, "start_date": "2026-09-02T06:00:00+00:00", "title": "Stra\u017c graniczna 2 | S02E07"}, {"desc": null, "start_date": "2026-09-02T06:30:00+00:00", "title": "Stra\u017c graniczna 3 | S03E12"}, {"desc": null, "start_date": "2026-09-02T07:00:00+00:00", "title": "Stra\u017c graniczna 3 | S03E19"}, {"desc": null, "start_date": "2026-09-02T07:30:00+00:00", "title": "Stra\u017c graniczna 4 | S04E06"}, {"desc": null, "start_date": "2026-09-02T08:00:00+00:00", "title": "Gor\u0105czka w mie\u015bcie | S01E41"}, {"desc": null, "start_date": "2026-09-02T09:00:00+00:00", "title": "Gor\u0105czka w mie\u015bcie | S01E46"}, {"desc": null, "start_date": "2026-09-02T10:00:00+00:00", "title": "Gor\u0105czka w mie\u015bcie | S01E03"}, {"desc": null, "start_date": "2026-09-02T11:00:00+00:00", "title": "Kobra \u2013 oddzia\u0142 specjalny | S01E14"}, {"desc": null, "start_date": "2026-09-02T12:00:00+00:00", "title": "Kobra \u2013 oddzia\u0142 specjalny | S01E15"}, {"desc": null, "start_date": "2026-09-02T13:05:00+00:00", "title": "Klejnot TV"}, {"desc": null, "start_date": "2026-09-02T15:05:00+00:00", "title": "Ale cyrk 2 | S02E02"}, {"desc": null, "start_date": "2026-09-02T15:40:00+00:00", "title": "U\u015bmiechnij si\u0119 | S01E03"}, {"desc": null, "start_date": "2026-09-02T15:50:00+00:00", "title": "U\u015bmiechnij si\u0119 | S01E07"}, {"desc": null, "start_date": "2026-09-02T16:00:00+00:00", "title": "Klejnot TV"}, {"desc": null, "start_date": "2026-09-02T19:00:00+00:00", "title": "Zagadka tygodnia"}, {"desc": null, "start_date": "2026-09-02T19:40:00+00:00", "title": "Inspektor M\u0142ot | S01E07"}, {"desc": null, "start_date": "2026-09-02T20:10:00+00:00", "title": "Zagadka tygodnia"}, {"desc": null, "start_date": "2026-09-02T20:50:00+00:00", "title": "Co\u015b \u015bmiesznego \u2013 Kabaret M\u0142odych Pan\u00f3w | E08"}, {"desc": null, "start_date": "2026-09-02T21:00:00+00:00", "title": "Muzyka"}, {"desc": null, "start_date": "2026-09-02T21:15:00+00:00", "title": "Juwelo"}, {"desc": null, "start_date": "2026-09-02T22:00:00+00:00", "title": "Kabaretowy sza\u0142 4 \u2013 Trzecia Strona Medalu | S04E12"}, {"desc": null, "start_date": "2026-09-02T22:50:00+00:00", "title": "Kabaretowy sza\u0142 bis \u2013 Kabaret Moralnego Niepokoju | E02"}, {"desc": null, "start_date": "2026-09-02T23:45:00+00:00", "title": "Kabaretowy sza\u0142 \u2013 MORALNEGO NIEPOKOJU. | S01E07"}], "offset": "+00:00", "timezone": "UTC", "error_code": -1, "start_date": "2026-09-01", "icon": "https://epg.pw/media/images/epg/2024/06/08/20240608022214543404_58.png"}