{"end_date": "2026-09-04", "name": "La 1", "info_url": "https://epg.pw/channels/566198/20260904.html", "country": "France", "description": null, "error_message": "", "provider": "", "source_url": "https://epg.pw/api/epg.json?channel_id=566198&date=20260904&timezone=None", "epg_list": [{"desc": null, "start_date": "2026-09-04T00:30:00+00:00", "title": "Noticias 24 h"}, {"desc": null, "start_date": "2026-09-04T04:00:00+00:00", "title": "Noticias 24H"}, {"desc": null, "start_date": "2026-09-04T05:00:00+00:00", "title": "Telediario Matinal"}, {"desc": "Magazine matinal de la 1 en el que se re\u00fane informaci\u00f3n de actualidad social. El programa cuenta con voces autorizadas que tratan temas que fomenten el pensamiento cr\u00edtico y el servicio p\u00fablico para ayudar a los ciudadanos en su d\u00eda a d\u00eda.", "start_date": "2026-09-04T06:30:00+00:00", "title": "La hora de La 1: La hora de la actualidad"}, {"desc": "Magaz\u00edn de actualidad conducido por Adela Gonz\u00e1lez y Javier Ruiz, que combina noticias y entretenimiento de la mano de sus colaboradores.", "start_date": "2026-09-04T08:35:00+00:00", "title": "Ma\u00f1aneros 360"}, {"desc": null, "start_date": "2026-09-04T12:55:00+00:00", "title": "Telediario 1"}, {"desc": "Actualidad deportiva diaria nacional e internacional.", "start_date": "2026-09-04T13:30:00+00:00", "title": "Deportes 1"}, {"desc": null, "start_date": "2026-09-04T13:35:00+00:00", "title": "El tiempo"}, {"desc": null, "start_date": "2026-09-04T13:40:00+00:00", "title": "Informativo Madrid"}, {"desc": "Magac\u00edn conducido por Marta Flich y Gonzalo Mir\u00f3 que comenta la actualidad e intenta explicar de forma sencilla lo que ocurre, con rigor, claridad y dinamismo.", "start_date": "2026-09-04T13:50:00+00:00", "title": "Directo al grano"}, {"desc": "Adriana, una joven de 20 a\u00f1os, viaja de Madrid a Asturias tras descubrir que su matrimonio con un desconocido fue concertado en secreto y debe ir a buscarlo a casa de su t\u00eda. All\u00ed ser\u00e1 obligada a trabajar como criada.", "start_date": "2026-09-04T15:45:00+00:00", "title": "Valle Salvaje"}, {"desc": null, "start_date": "2026-09-04T16:35:00+00:00", "title": "La Promesa: Especiales"}, {"desc": "Jes\u00fas Cintora presenta este magac\u00edn de actualidad, en el que, con humor, se desmontan bulos que circulan en los medios de comunicaci\u00f3n y las redes sociales.", "start_date": "2026-09-04T17:35:00+00:00", "title": "Malas lenguas"}, {"desc": "Marc Santandreu ofrece una original mirada sobre el territorio y sus habitantes a trav\u00e9s de la meteorolog\u00eda. La divulgaci\u00f3n y la informaci\u00f3n sobre el terreno conviven con el descubrimiento de la naturaleza y el medio ambiente. Marc Santandreu presenta la edici\u00f3n dominical.", "start_date": "2026-09-04T18:25:00+00:00", "title": "Aqu\u00ed la Tierra"}, {"desc": null, "start_date": "2026-09-04T18:55:00+00:00", "title": "Telediario 2"}, {"desc": "Actualidad deportiva diaria nacional e internacional.", "start_date": "2026-09-04T19:40:00+00:00", "title": "Deportes 2"}, {"desc": "Una mirada al pasado para recuperar alguno de los mejores momentos de la historia de Televisi\u00f3n Espa\u00f1ola. La nostalgia, el humor y la iron\u00eda son los ingredientes principales de un formato amenizado por el grafismo y las vi\u00f1etas inconfundibles de Antonio Fraguas Forges.", "start_date": "2026-09-04T19:45:00+00:00", "title": "Viaje al centro de la tele: La noche tem\u00e1tica"}, {"desc": "Una mirada al pasado para recuperar alguno de los mejores momentos de la historia de Televisi\u00f3n Espa\u00f1ola. La nostalgia, el humor y la iron\u00eda son los ingredientes principales de un formato amenizado por el grafismo y las vi\u00f1etas inconfundibles de Antonio Fraguas Forges.", "start_date": "2026-09-04T20:45:00+00:00", "title": "Viaje al centro de la tele: La noche tem\u00e1tica"}, {"desc": "Una mirada al pasado para recuperar alguno de los mejores momentos de la historia de Televisi\u00f3n Espa\u00f1ola. La nostalgia, el humor y la iron\u00eda son los ingredientes principales de un formato amenizado por el grafismo y las vi\u00f1etas inconfundibles de Antonio Fraguas Forges.", "start_date": "2026-09-04T21:40:00+00:00", "title": "Viaje al centro de la tele: La noche tem\u00e1tica"}, {"desc": "Una mirada al pasado para recuperar alguno de los mejores momentos de la historia de Televisi\u00f3n Espa\u00f1ola. La nostalgia, el humor y la iron\u00eda son los ingredientes principales de un formato amenizado por el grafismo y las vi\u00f1etas inconfundibles de Antonio Fraguas Forges.", "start_date": "2026-09-04T22:40:00+00:00", "title": "Viaje al centro de la tele: La noche tem\u00e1tica"}], "offset": "+00:00", "timezone": "UTC", "error_code": -1, "start_date": "2026-09-04", "icon": ""}