{"end_date": "2026-09-05", "name": "S\u00e3o Paulo/SP  Band News", "info_url": "https://epg.pw/channels/565864/20260904.html", "country": "Brazil", "description": null, "error_message": "", "provider": "", "source_url": "https://epg.pw/api/epg.json?channel_id=565864&date=20260904&timezone=None", "epg_list": [{"desc": null, "start_date": "2026-09-04T00:30:00+00:00", "title": "Edi\u00e7\u00e3o da Noite"}, {"desc": "Comandado pela Juliana Rosa, o programa vai falar sobre assuntos que mexem com a economia do pa\u00eds e com o bolso do brasileiro, e de forma simples.", "start_date": "2026-09-04T02:30:00+00:00", "title": "Economia Pra Voc\u00ea"}, {"desc": null, "start_date": "2026-09-04T03:00:00+00:00", "title": "Descobrindo Os Tesouros Do Brasil"}, {"desc": null, "start_date": "2026-09-04T03:30:00+00:00", "title": "Viver Melhor"}, {"desc": null, "start_date": "2026-09-04T04:00:00+00:00", "title": "Jornal da Band"}, {"desc": null, "start_date": "2026-09-04T05:00:00+00:00", "title": "Jornal da Noite"}, {"desc": null, "start_date": "2026-09-04T05:45:00+00:00", "title": "Opini\u00e3o Do Dia"}, {"desc": null, "start_date": "2026-09-04T06:00:00+00:00", "title": "Edi\u00e7\u00e3o da Noite"}, {"desc": "Reapresenta\u00e7\u00e3o das principais not\u00edcias do agroneg\u00f3cio brasileiro em um telejornal produzido pelo canal Terraviva.", "start_date": "2026-09-04T08:00:00+00:00", "title": "Jornal Terraviva"}, {"desc": null, "start_date": "2026-09-04T08:30:00+00:00", "title": "Bandnews Hoje"}, {"desc": "Um jornal de opini\u00e3o forte. Muito debate e entrevistas exclusivas com personalidades da economia e da pol\u00edtica nacional.", "start_date": "2026-09-04T11:00:00+00:00", "title": "Jornal Gente"}, {"desc": null, "start_date": "2026-09-04T12:30:00+00:00", "title": "Resumo Bandnews"}, {"desc": null, "start_date": "2026-09-04T13:00:00+00:00", "title": "Manh\u00e3 Bandnews"}, {"desc": null, "start_date": "2026-09-04T14:00:00+00:00", "title": "O X da Quest\u00e3o"}, {"desc": null, "start_date": "2026-09-04T15:00:00+00:00", "title": "Meio Do Dia"}, {"desc": null, "start_date": "2026-09-04T15:30:00+00:00", "title": "Resumo Bandnews"}, {"desc": null, "start_date": "2026-09-04T16:00:00+00:00", "title": "Papo Reto"}, {"desc": null, "start_date": "2026-09-04T17:00:00+00:00", "title": "Tarde Bandnews"}, {"desc": "O Expresso BandNews, com Andressa Guaran\u00e1 e Lenny Leone, aborda os principais destaques do dia.", "start_date": "2026-09-04T20:00:00+00:00", "title": "Expresso Bandnews"}, {"desc": null, "start_date": "2026-09-04T21:00:00+00:00", "title": "O \u00c9 da Coisa"}, {"desc": null, "start_date": "2026-09-04T22:30:00+00:00", "title": "Panorama Bandnews"}, {"desc": null, "start_date": "2026-09-04T23:30:00+00:00", "title": "Jornal da Band"}, {"desc": null, "start_date": "2026-09-05T00:30:00+00:00", "title": "Edi\u00e7\u00e3o da Noite"}, {"desc": null, "start_date": "2026-09-05T02:30:00+00:00", "title": "BandNews DOCs"}, {"desc": null, "start_date": "2026-09-05T03:00:00+00:00", "title": "Experimente"}, {"desc": null, "start_date": "2026-09-05T03:30:00+00:00", "title": "Economia Pra Voc\u00ea"}, {"desc": null, "start_date": "2026-09-05T04:00:00+00:00", "title": "Jornal da Band"}, {"desc": "An\u00e1lises, entrevistas, mat\u00e9rias especiais e todos os fatos relevantes do dia no Brasil e no Mundo.", "start_date": "2026-09-05T05:00:00+00:00", "title": "Jornal da Noite"}, {"desc": null, "start_date": "2026-09-05T05:45:00+00:00", "title": "Opini\u00e3o Do Dia"}, {"desc": null, "start_date": "2026-09-05T06:00:00+00:00", "title": "Edi\u00e7\u00e3o da Noite"}, {"desc": "Reapresenta\u00e7\u00e3o das principais not\u00edcias do agroneg\u00f3cio brasileiro em um telejornal produzido pelo canal Terraviva.", "start_date": "2026-09-05T08:00:00+00:00", "title": "Jornal Terraviva"}, {"desc": "Comandado pela Juliana Rosa, o programa vai falar sobre assuntos que mexem com a economia do pa\u00eds e com o bolso do brasileiro, e de forma simples.", "start_date": "2026-09-05T08:30:00+00:00", "title": "Economia Pra Voc\u00ea"}, {"desc": null, "start_date": "2026-09-05T09:00:00+00:00", "title": "Bandnews Empresas"}, {"desc": null, "start_date": "2026-09-05T09:30:00+00:00", "title": "Bandnews No Mundo"}, {"desc": null, "start_date": "2026-09-05T10:00:00+00:00", "title": "BandNews DOCs"}, {"desc": null, "start_date": "2026-09-05T10:30:00+00:00", "title": "O Que \u00c9 Ser Brasileiro?"}, {"desc": "A atualiza\u00e7\u00e3o das not\u00edcias da manh\u00e3 e tudo o que \u00e9 importante para voc\u00ea ficar ligado ao longo do dia est\u00e3o no Manh\u00e3 BandNews.", "start_date": "2026-09-05T11:00:00+00:00", "title": "Manh\u00e3 Bandnews"}, {"desc": null, "start_date": "2026-09-05T12:30:00+00:00", "title": "Descobrindo Os Tesouros Do Brasil"}, {"desc": "Sob comando do renomado m\u00e9dico infectologista e ex-secret\u00e1rio da Sa\u00fade de S\u00e3o Paulo, o programa trar\u00e1 autoridades, gestores da \u00e1rea da sa\u00fade e grandes m\u00e9dicos para tratar de temas de interesse p\u00fablico.", "start_date": "2026-09-05T13:00:00+00:00", "title": "Viver Melhor"}, {"desc": null, "start_date": "2026-09-05T13:30:00+00:00", "title": "Bandnews No Mundo"}, {"desc": null, "start_date": "2026-09-05T14:00:00+00:00", "title": "Manh\u00e3 Bandnews"}, {"desc": null, "start_date": "2026-09-05T15:00:00+00:00", "title": "Tarde Bandnews"}, {"desc": null, "start_date": "2026-09-05T16:30:00+00:00", "title": "Bandnews Empresas"}, {"desc": null, "start_date": "2026-09-05T17:00:00+00:00", "title": "Economia Pra Voc\u00ea"}, {"desc": null, "start_date": "2026-09-05T17:30:00+00:00", "title": "Viver Melhor"}, {"desc": "As principais not\u00edcias do Brasil e do mundo, voc\u00ea encontra no Tarde BandNews. Coberturas ao vivo e a participa\u00e7\u00e3o de rep\u00f3rteres espalhados por todo o pa\u00eds e pelo exterior.", "start_date": "2026-09-05T18:00:00+00:00", "title": "Tarde Bandnews"}, {"desc": null, "start_date": "2026-09-05T18:30:00+00:00", "title": "Seus Filhos"}, {"desc": null, "start_date": "2026-09-05T19:00:00+00:00", "title": "Tarde Bandnews"}, {"desc": null, "start_date": "2026-09-05T20:00:00+00:00", "title": "Bandnews Entrevistas"}, {"desc": null, "start_date": "2026-09-05T21:00:00+00:00", "title": "Edi\u00e7\u00e3o da Noite"}, {"desc": null, "start_date": "2026-09-05T23:30:00+00:00", "title": "Jornal da Band"}], "offset": "+00:00", "timezone": "UTC", "error_code": -1, "start_date": "2026-09-04", "icon": ""}