{"end_date": "2026-09-03", "name": "TL7", "info_url": "https://epg.pw/channels/56023/20260902.html", "country": "France", "description": null, "error_message": "", "provider": "", "source_url": "https://epg.pw/api/epg.json?channel_id=56023&date=20260902&timezone=None", "epg_list": [{"desc": null, "start_date": "2026-09-02T00:17:00+00:00", "title": "Parcours de vie"}, {"desc": null, "start_date": "2026-09-02T00:27:00+00:00", "title": "Sport 7"}, {"desc": null, "start_date": "2026-09-02T01:02:00+00:00", "title": "Bienvenue chez vous"}, {"desc": null, "start_date": "2026-09-02T01:08:00+00:00", "title": "JT TL7"}, {"desc": null, "start_date": "2026-09-02T01:26:00+00:00", "title": "Magazine"}, {"desc": null, "start_date": "2026-09-02T02:24:00+00:00", "title": "JT TL7"}, {"desc": null, "start_date": "2026-09-02T02:38:00+00:00", "title": "Vu d'ici"}, {"desc": null, "start_date": "2026-09-02T02:56:00+00:00", "title": "Au f\u00e9minin"}, {"desc": null, "start_date": "2026-09-02T03:14:00+00:00", "title": "Grand tourisme"}, {"desc": null, "start_date": "2026-09-02T03:29:00+00:00", "title": "JT TL7"}, {"desc": null, "start_date": "2026-09-02T03:44:00+00:00", "title": "JT des autres"}, {"desc": null, "start_date": "2026-09-02T04:01:00+00:00", "title": "Apr\u00e8s match"}, {"desc": null, "start_date": "2026-09-02T04:21:00+00:00", "title": "Parcours de vie"}, {"desc": null, "start_date": "2026-09-02T04:28:00+00:00", "title": "JT TL7"}, {"desc": null, "start_date": "2026-09-02T04:48:00+00:00", "title": "Vu d'ici"}, {"desc": null, "start_date": "2026-09-02T05:05:00+00:00", "title": "Au f\u00e9minin"}, {"desc": null, "start_date": "2026-09-02T05:23:00+00:00", "title": "Grand tourisme"}, {"desc": null, "start_date": "2026-09-02T05:40:00+00:00", "title": "JT TL7"}, {"desc": null, "start_date": "2026-09-02T06:02:00+00:00", "title": "Cin\u00e9 7"}, {"desc": null, "start_date": "2026-09-02T06:18:00+00:00", "title": "JT TL7"}, {"desc": null, "start_date": "2026-09-02T06:34:00+00:00", "title": "Sport 7"}, {"desc": null, "start_date": "2026-09-02T07:09:00+00:00", "title": "Pass' Moi l'Assoc"}, {"desc": null, "start_date": "2026-09-02T07:24:00+00:00", "title": "Documentaire"}, {"desc": null, "start_date": "2026-09-02T08:29:00+00:00", "title": "JT TL7"}, {"desc": null, "start_date": "2026-09-02T08:49:00+00:00", "title": "Anciens programmes"}, {"desc": null, "start_date": "2026-09-02T10:20:00+00:00", "title": "Vu d'ici"}, {"desc": null, "start_date": "2026-09-02T10:37:00+00:00", "title": "Au f\u00e9minin"}, {"desc": null, "start_date": "2026-09-02T10:52:00+00:00", "title": "Bienvenue chez vous"}, {"desc": null, "start_date": "2026-09-02T11:06:00+00:00", "title": "JT TL7"}, {"desc": null, "start_date": "2026-09-02T11:22:00+00:00", "title": "Cin\u00e9 7"}, {"desc": null, "start_date": "2026-09-02T11:37:00+00:00", "title": "Parcours de vie"}, {"desc": null, "start_date": "2026-09-02T11:45:00+00:00", "title": "JT des autres"}, {"desc": null, "start_date": "2026-09-02T12:01:00+00:00", "title": "C\u00f4t\u00e9 sc\u00e8ne"}, {"desc": null, "start_date": "2026-09-02T12:33:00+00:00", "title": "Parcours de vie"}, {"desc": null, "start_date": "2026-09-02T12:39:00+00:00", "title": "Cin\u00e9 7"}, {"desc": null, "start_date": "2026-09-02T13:01:00+00:00", "title": "Vu d'ici"}, {"desc": null, "start_date": "2026-09-02T13:18:00+00:00", "title": "Au f\u00e9minin"}, {"desc": null, "start_date": "2026-09-02T13:33:00+00:00", "title": "Anciens programmes"}, {"desc": null, "start_date": "2026-09-02T15:04:00+00:00", "title": "Parcours de vie"}, {"desc": null, "start_date": "2026-09-02T15:12:00+00:00", "title": "Bienvenue chez vous"}, {"desc": null, "start_date": "2026-09-02T15:19:00+00:00", "title": "Apr\u00e8s match"}, {"desc": null, "start_date": "2026-09-02T15:41:00+00:00", "title": "Sport 7"}, {"desc": null, "start_date": "2026-09-02T16:13:00+00:00", "title": "Music Live"}, {"desc": null, "start_date": "2026-09-02T16:30:00+00:00", "title": "JT TL7"}, {"desc": null, "start_date": "2026-09-02T16:50:00+00:00", "title": "M\u00e9t\u00e9o"}, {"desc": null, "start_date": "2026-09-02T16:52:00+00:00", "title": "Agenda des sorties"}, {"desc": null, "start_date": "2026-09-02T16:54:00+00:00", "title": "Bienvenue chez vous"}, {"desc": null, "start_date": "2026-09-02T17:00:00+00:00", "title": "Agenda r\u00e9gion"}, {"desc": null, "start_date": "2026-09-02T17:04:00+00:00", "title": "Tourisme en Loire"}, {"desc": null, "start_date": "2026-09-02T17:08:00+00:00", "title": "Place \u00e0 la sant\u00e9"}, {"desc": null, "start_date": "2026-09-02T17:10:00+00:00", "title": "Rh\u00f4ne-Alpes rendez-vous"}, {"desc": null, "start_date": "2026-09-02T17:30:00+00:00", "title": "Grand tourisme"}, {"desc": null, "start_date": "2026-09-02T18:04:00+00:00", "title": "Agenda cin\u00e9"}, {"desc": null, "start_date": "2026-09-02T18:10:00+00:00", "title": "JT TL7"}, {"desc": null, "start_date": "2026-09-02T18:29:00+00:00", "title": "M\u00e9t\u00e9o"}, {"desc": null, "start_date": "2026-09-02T18:30:00+00:00", "title": "Place \u00e0 vous"}, {"desc": null, "start_date": "2026-09-02T18:31:00+00:00", "title": "Cin\u00e9 7"}, {"desc": null, "start_date": "2026-09-02T18:40:00+00:00", "title": "Ambassadeur en Rh\u00f4ne-Alpes"}, {"desc": null, "start_date": "2026-09-02T18:45:00+00:00", "title": "Documentaire"}, {"desc": null, "start_date": "2026-09-02T20:24:00+00:00", "title": "JT TL7"}, {"desc": null, "start_date": "2026-09-02T20:38:00+00:00", "title": "C'est par ici la sortie"}, {"desc": null, "start_date": "2026-09-02T21:14:00+00:00", "title": "C\u00f4t\u00e9 sc\u00e8ne r\u00e9tro"}, {"desc": null, "start_date": "2026-09-02T21:29:00+00:00", "title": "JT TL7"}, {"desc": null, "start_date": "2026-09-02T21:44:00+00:00", "title": "Grand tourisme"}, {"desc": null, "start_date": "2026-09-02T22:01:00+00:00", "title": "Pass' Moi l'Assoc"}, {"desc": null, "start_date": "2026-09-02T22:16:00+00:00", "title": "Parcours de vie"}, {"desc": null, "start_date": "2026-09-02T22:30:00+00:00", "title": "JT TL7"}, {"desc": null, "start_date": "2026-09-02T22:51:00+00:00", "title": "Bienvenue chez vous"}, {"desc": null, "start_date": "2026-09-02T23:02:00+00:00", "title": "C\u00f4t\u00e9 sc\u00e8ne"}, {"desc": null, "start_date": "2026-09-02T23:25:00+00:00", "title": "Culture TL7"}, {"desc": null, "start_date": "2026-09-02T23:58:00+00:00", "title": "JT TL7"}, {"desc": null, "start_date": "2026-09-03T00:17:00+00:00", "title": "Parcours de vie"}, {"desc": null, "start_date": "2026-09-03T00:27:00+00:00", "title": "Vu d'ici"}, {"desc": null, "start_date": "2026-09-03T00:44:00+00:00", "title": "Au f\u00e9minin"}, {"desc": null, "start_date": "2026-09-03T01:02:00+00:00", "title": "Bienvenue chez vous"}, {"desc": null, "start_date": "2026-09-03T01:08:00+00:00", "title": "JT TL7"}, {"desc": null, "start_date": "2026-09-03T01:26:00+00:00", "title": "Documentaire"}, {"desc": null, "start_date": "2026-09-03T02:24:00+00:00", "title": "JT TL7"}, {"desc": null, "start_date": "2026-09-03T02:38:00+00:00", "title": "C'est par ici la sortie"}, {"desc": null, "start_date": "2026-09-03T03:14:00+00:00", "title": "C\u00f4t\u00e9 sc\u00e8ne r\u00e9tro"}, {"desc": null, "start_date": "2026-09-03T03:29:00+00:00", "title": "JT TL7"}, {"desc": null, "start_date": "2026-09-03T03:44:00+00:00", "title": "Grand tourisme"}, {"desc": null, "start_date": "2026-09-03T04:01:00+00:00", "title": "Pass' Moi l'Assoc"}, {"desc": null, "start_date": "2026-09-03T04:16:00+00:00", "title": "Parcours de vie"}, {"desc": null, "start_date": "2026-09-03T04:28:00+00:00", "title": "JT TL7"}, {"desc": null, "start_date": "2026-09-03T04:48:00+00:00", "title": "Culture TL7"}, {"desc": null, "start_date": "2026-09-03T05:23:00+00:00", "title": "C\u00f4t\u00e9 sc\u00e8ne"}, {"desc": null, "start_date": "2026-09-03T05:40:00+00:00", "title": "JT TL7"}, {"desc": null, "start_date": "2026-09-03T06:02:00+00:00", "title": "Ev\u00e9nements en Rh\u00f4ne-Alpes"}, {"desc": null, "start_date": "2026-09-03T06:18:00+00:00", "title": "JT TL7"}, {"desc": null, "start_date": "2026-09-03T06:34:00+00:00", "title": "Vu d'ici"}, {"desc": null, "start_date": "2026-09-03T06:51:00+00:00", "title": "Au f\u00e9minin"}, {"desc": null, "start_date": "2026-09-03T07:09:00+00:00", "title": "Bienvenue hebdo"}, {"desc": null, "start_date": "2026-09-03T07:34:00+00:00", "title": "Hebdo Parcours de vie"}, {"desc": null, "start_date": "2026-09-03T08:01:00+00:00", "title": "Grand tourisme"}, {"desc": null, "start_date": "2026-09-03T08:29:00+00:00", "title": "JT TL7"}, {"desc": null, "start_date": "2026-09-03T08:49:00+00:00", "title": "Anciens programmes"}, {"desc": null, "start_date": "2026-09-03T10:20:00+00:00", "title": "Sport 7"}, {"desc": null, "start_date": "2026-09-03T10:52:00+00:00", "title": "Bienvenue chez vous"}, {"desc": null, "start_date": "2026-09-03T11:06:00+00:00", "title": "JT TL7"}, {"desc": null, "start_date": "2026-09-03T11:22:00+00:00", "title": "C\u00f4t\u00e9 sc\u00e8ne"}, {"desc": null, "start_date": "2026-09-03T11:37:00+00:00", "title": "Parcours de vie"}, {"desc": null, "start_date": "2026-09-03T11:45:00+00:00", "title": "JT des autres"}, {"desc": null, "start_date": "2026-09-03T12:04:00+00:00", "title": "Ev\u00e9nements en Rh\u00f4ne-Alpes"}, {"desc": null, "start_date": "2026-09-03T12:33:00+00:00", "title": "Parcours de vie"}, {"desc": null, "start_date": "2026-09-03T12:39:00+00:00", "title": "C\u00f4t\u00e9 sc\u00e8ne"}, {"desc": null, "start_date": "2026-09-03T13:01:00+00:00", "title": "Culture TL7"}, {"desc": null, "start_date": "2026-09-03T13:34:00+00:00", "title": "Anciens programmes"}, {"desc": null, "start_date": "2026-09-03T15:04:00+00:00", "title": "Parcours de vie"}, {"desc": null, "start_date": "2026-09-03T15:13:00+00:00", "title": "Bienvenue chez vous"}, {"desc": null, "start_date": "2026-09-03T15:19:00+00:00", "title": "Grand tourisme"}, {"desc": null, "start_date": "2026-09-03T15:35:00+00:00", "title": "Music Live"}, {"desc": null, "start_date": "2026-09-03T15:41:00+00:00", "title": "Vu d'ici"}, {"desc": null, "start_date": "2026-09-03T15:58:00+00:00", "title": "Au f\u00e9minin"}, {"desc": null, "start_date": "2026-09-03T16:30:00+00:00", "title": "JT TL7"}, {"desc": null, "start_date": "2026-09-03T16:50:00+00:00", "title": "M\u00e9t\u00e9o"}, {"desc": null, "start_date": "2026-09-03T16:52:00+00:00", "title": "Agenda des sorties"}, {"desc": null, "start_date": "2026-09-03T16:54:00+00:00", "title": "Bienvenue chez vous"}, {"desc": null, "start_date": "2026-09-03T17:00:00+00:00", "title": "Agenda r\u00e9gion"}, {"desc": null, "start_date": "2026-09-03T17:04:00+00:00", "title": "Tourisme en Loire"}, {"desc": null, "start_date": "2026-09-03T17:08:00+00:00", "title": "Place \u00e0 la sant\u00e9"}, {"desc": null, "start_date": "2026-09-03T17:10:00+00:00", "title": "Autour des Verts"}, {"desc": null, "start_date": "2026-09-03T17:30:00+00:00", "title": "Autour des Verts"}, {"desc": null, "start_date": "2026-09-03T18:04:00+00:00", "title": "Agenda cin\u00e9"}, {"desc": null, "start_date": "2026-09-03T18:10:00+00:00", "title": "JT TL7"}, {"desc": null, "start_date": "2026-09-03T18:29:00+00:00", "title": "M\u00e9t\u00e9o"}, {"desc": null, "start_date": "2026-09-03T18:30:00+00:00", "title": "Place \u00e0 vous"}, {"desc": null, "start_date": "2026-09-03T18:31:00+00:00", "title": "Carbone 42"}, {"desc": null, "start_date": "2026-09-03T18:40:00+00:00", "title": "Ambassadeur en Rh\u00f4ne-Alpes"}, {"desc": null, "start_date": "2026-09-03T18:45:00+00:00", "title": "Documentaire"}, {"desc": null, "start_date": "2026-09-03T20:26:00+00:00", "title": "JT TL7"}, {"desc": null, "start_date": "2026-09-03T20:40:00+00:00", "title": "Autour des Verts"}, {"desc": null, "start_date": "2026-09-03T21:16:00+00:00", "title": "Ev\u00e9nements en Rh\u00f4ne-Alpes"}, {"desc": null, "start_date": "2026-09-03T21:31:00+00:00", "title": "JT TL7"}, {"desc": null, "start_date": "2026-09-03T21:46:00+00:00", "title": "C\u00f4t\u00e9 sc\u00e8ne"}, {"desc": null, "start_date": "2026-09-03T22:03:00+00:00", "title": "JT des autres"}, {"desc": null, "start_date": "2026-09-03T22:18:00+00:00", "title": "Parcours de vie"}, {"desc": null, "start_date": "2026-09-03T22:30:00+00:00", "title": "JT TL7"}, {"desc": null, "start_date": "2026-09-03T22:51:00+00:00", "title": "Bienvenue chez vous"}, {"desc": null, "start_date": "2026-09-03T23:02:00+00:00", "title": "Ev\u00e9nements en Rh\u00f4ne-Alpes"}, {"desc": null, "start_date": "2026-09-03T23:25:00+00:00", "title": "Autour des Verts"}, {"desc": null, "start_date": "2026-09-03T23:58:00+00:00", "title": "JT TL7"}], "offset": "+00:00", "timezone": "UTC", "error_code": -1, "start_date": "2026-09-02", "icon": ""}