{"end_date": "2026-09-03", "name": "France 2", "info_url": "https://epg.pw/channels/55812/20260902.html", "country": "France", "description": null, "error_message": "", "provider": "", "source_url": "https://epg.pw/api/epg.json?channel_id=55812&date=20260902&timezone=None", "epg_list": [{"desc": null, "start_date": "2026-09-02T00:15:00+00:00", "title": "Journal M\u00e9t\u00e9o climat outre-mer"}, {"desc": "Colette Deromme, 50 ans, a \u00e9t\u00e9 tu\u00e9e le 14 avril 2011 \u00e0 Lorgues, dans le Var, par son ex-belle-soeur Sylviane Fabre. Retour sur cette affaire.", "start_date": "2026-09-02T00:20:00+00:00", "title": "Au bout de l'enqu\u00eate, la fin du crime parfait ?"}, {"desc": "Entre 1985 et 1999, Denis Waxin a viol\u00e9 et tu\u00e9 trois fillettes et viol\u00e9 deux gar\u00e7ons et une autre fillette dans la r\u00e9gion de Lille. Arr\u00eat\u00e9 en janvier 1999 et condamn\u00e9 en novembre 2003 \u00e0 la r\u00e9clusion criminelle \u00e0 perp\u00e9tuit\u00e9 avec une p\u00e9riode de s\u00fbret\u00e9 de 29 ans.", "start_date": "2026-09-02T01:10:00+00:00", "title": "Au bout de l'enqu\u00eate, la fin du crime parfait ?"}, {"desc": null, "start_date": "2026-09-02T02:00:00+00:00", "title": "Affaire conclue, tout le monde a quelque chose \u00e0 vendre"}, {"desc": "A partir de 2008, Eduardo Hermida, s'est mis \u00e0 peindre sur les murs du quartier de Canido \u00e0 Ferro, en Espagne, mettant l'art \u00e0 la port\u00e9e de toutes et tous.", "start_date": "2026-09-02T02:40:00+00:00", "title": "Courant d'art"}, {"desc": null, "start_date": "2026-09-02T03:00:00+00:00", "title": "Pays et march\u00e9s du monde"}, {"desc": "Quiz de culture g\u00e9n\u00e9rale au cours duquel 6 candidats vont tenter chaque jour de d\u00e9loger le champion en titre (qui accumule les gains d'\u00e9mission en \u00e9mission) et de prendre sa place. Les 2 premi\u00e8res manches, \"les qualifs\", et \"la comp\u00e8t'\" d\u00e9signent le challenger qui rel\u00e8ve \"le d\u00e9fi\" de d\u00e9tr\u00f4ner le champion en titre. C'est le champion en titre qui choisit le th\u00e8me des questions en finale.", "start_date": "2026-09-02T03:10:00+00:00", "title": "Tout le monde veut prendre sa place"}, {"desc": null, "start_date": "2026-09-02T04:00:00+00:00", "title": "Le 6h info"}, {"desc": null, "start_date": "2026-09-02T04:30:00+00:00", "title": "T\u00e9l\u00e9matin"}, {"desc": null, "start_date": "2026-09-02T06:00:00+00:00", "title": "Journal 08h00"}, {"desc": null, "start_date": "2026-09-02T06:30:00+00:00", "title": "T\u00e9l\u00e9matin"}, {"desc": null, "start_date": "2026-09-02T07:15:00+00:00", "title": "T\u00e9l\u00e9matin, la suite"}, {"desc": null, "start_date": "2026-09-02T08:41:00+00:00", "title": "Journal M\u00e9t\u00e9o climat outre-mer"}, {"desc": null, "start_date": "2026-09-02T08:45:00+00:00", "title": "Chacun son tour"}, {"desc": null, "start_date": "2026-09-02T09:25:00+00:00", "title": "Chacun son tour"}, {"desc": "Quiz de culture g\u00e9n\u00e9rale au cours duquel 6 candidats vont tenter chaque jour de d\u00e9loger le champion en titre (qui accumule les gains d'\u00e9mission en \u00e9mission) et de prendre sa place. Les 2 premi\u00e8res manches, \"les qualifs\", et \"la comp\u00e8t'\" d\u00e9signent le challenger qui rel\u00e8ve \"le d\u00e9fi\" de d\u00e9tr\u00f4ner le champion en titre. C'est le champion en titre qui choisit le th\u00e8me des questions en finale.", "start_date": "2026-09-02T09:55:00+00:00", "title": "Tout le monde veut prendre sa place"}, {"desc": null, "start_date": "2026-09-02T10:55:00+00:00", "title": "Journal M\u00e9t\u00e9o Climat"}, {"desc": null, "start_date": "2026-09-02T11:00:00+00:00", "title": "Journal 13h00"}, {"desc": null, "start_date": "2026-09-02T11:40:00+00:00", "title": "Journal M\u00e9t\u00e9o Climat"}, {"desc": "Romans, essais, classiques ou encore bandes dessin\u00e9es, Fran\u00e7ois Busnel vous propose chaque jour de d\u00e9couvrir ou red\u00e9couvrir une \u0153uvre fran\u00e7aise ou \u00e9trang\u00e8re : du lundi au dimanche sur toutes les antennes du groupe France T\u00e9l\u00e9visions !", "start_date": "2026-09-02T11:45:00+00:00", "title": "La p'tite librairie"}, {"desc": "Tous les jours, Faustine BOLLAERT accueille sur le plateau de \\\" Ca commence aujourd'hui \\\" des hommes et des femmes qui viennent t\u00e9moigner sur une p\u00e9riode de leur vie, un drame, une \u00e9preuve, un cap \u00e0 passer ou un changement, et qui font souvent \u00e9cho \u00e0 de grands sujets de soci\u00e9t\u00e9. Entour\u00e9e d'experts : psychologues, psychiatres, avocats, gyn\u00e9cologue, Faustine aide les t\u00e9moins et les t\u00e9l\u00e9spectateurs", "start_date": "2026-09-02T11:55:00+00:00", "title": "\u00c7a commence aujourd'hui"}, {"desc": null, "start_date": "2026-09-02T13:05:00+00:00", "title": "\u00c7a commence aujourd'hui"}, {"desc": null, "start_date": "2026-09-02T14:20:00+00:00", "title": "Affaire conclue, tout le monde a quelque chose \u00e0 vendre"}, {"desc": null, "start_date": "2026-09-02T15:15:00+00:00", "title": "Affaire conclue, tout le monde a quelque chose \u00e0 vendre"}, {"desc": "Mot de passe - Le Duel est un jeu qui consiste \u00e0 faire deviner des mots \u00e0 un partenaire de jeu en donnant des mots indices. Il se joue avec deux candidats face \u00e0 deux c\u00e9l\u00e9brit\u00e9s. Du lundi au jeudi, ce sont les Duels et la Finale se joue en fin de semaine, le vendredi, avec le meilleur des 2 candidats et les deux c\u00e9l\u00e9brit\u00e9s.", "start_date": "2026-09-02T16:01:00+00:00", "title": "Mot de passe : le duel"}, {"desc": "\u00c9mission quotidienne pour jouer avec la langue fran\u00e7aise et enrichir sa culture g\u00e9n\u00e9rale. Autour de Sidonie Bonnec et Bruno Guillon, 2 \u00e9quipes jouent en r\u00e9pondant \u00e0 des questions. Chacune est constitu\u00e9e d'un candidat, \u00e9paul\u00e9 par 2 personnalit\u00e9s : humoristes, com\u00e9diens, journalistes...", "start_date": "2026-09-02T16:05:00+00:00", "title": "Tout le monde a son mot \u00e0 dire"}, {"desc": "Les candidats chantent en karaok\u00e9 accompagn\u00e9s par un orchestre. Quand les mots s'effacent, seuls gagnent ceux qui se souviennent de toutes les paroles.", "start_date": "2026-09-02T16:40:00+00:00", "title": "N'oubliez pas les paroles"}, {"desc": "Les candidats chantent en karaok\u00e9 accompagn\u00e9s par un orchestre. Quand les mots s'effacent, seuls gagnent ceux qui se souviennent de toutes les paroles.", "start_date": "2026-09-02T17:15:00+00:00", "title": "N'oubliez pas les paroles"}, {"desc": null, "start_date": "2026-09-02T17:55:00+00:00", "title": "Journal M\u00e9t\u00e9o Climat"}, {"desc": null, "start_date": "2026-09-02T18:00:00+00:00", "title": "Journal 20h00"}, {"desc": null, "start_date": "2026-09-02T18:55:00+00:00", "title": "Journal M\u00e9t\u00e9o Climat"}, {"desc": null, "start_date": "2026-09-02T19:00:00+00:00", "title": "R\u00e9flexe !"}, {"desc": null, "start_date": "2026-09-02T19:05:00+00:00", "title": "Basique, l'essentiel de la musique"}, {"desc": "Apr\u00e8s une dispute familiale, une adolescente est gri\u00e8vement bless\u00e9e lors d'une chasse dans la for\u00eat. Alors que l'enqu\u00eate d\u00e9bute, son p\u00e8re n'a qu'une obsession : se venger.", "start_date": "2026-09-02T19:10:00+00:00", "title": "Un dimanche de chasse"}, {"desc": "Suite au d\u00e9c\u00e8s de sa m\u00e8re, une adolescente est envoy\u00e9e \u00e0 la campagne. L'abattage d'une vache l'\u00e9veille \u00e0 la cause animale, puis au militantisme. Jusqu'au drame.", "start_date": "2026-09-02T20:50:00+00:00", "title": "Le combat d'Alice"}, {"desc": "Marleau se rend dans un petit village corse o\u00f9 le corps d'un ancien m\u00e9decin a \u00e9t\u00e9 d\u00e9couvert assassin\u00e9. Elle soup\u00e7onne d'embl\u00e9e la fille du d\u00e9funt.", "start_date": "2026-09-02T22:20:00+00:00", "title": "Capitaine Marleau"}, {"desc": "C'\u00e9tait une jeune femme de 23 ans, m\u00e8re d'un enfant d'un an, qui menait une vie simple et sans histoire. Pourtant cette nuit d'avril 2012, Ma\u00ebva Rousseau est retrouv\u00e9e sauvagement assassin\u00e9e dans sa petite maison du Val d'Oise. Commence alors une enqu\u00eate aux multiples rebondissements. Elle va mettre au jour une sombre entreprise macabre, aliment\u00e9e par la vengeance, la suspicion et les fantasmes.", "start_date": "2026-09-02T23:55:00+00:00", "title": "Au bout de l'enqu\u00eate, la fin du crime parfait ?"}, {"desc": "Le 8 novembre 1972, s'ouvrait, devant le tribunal correctionnel de Bobigny, le proc\u00e8s de Mich\u00e8le Chevalier, m\u00e8re de la jeune Marie-Claire, jug\u00e9e le mois pr\u00e9c\u00e9dent pour avoir avort\u00e9. Mich\u00e8le Chevalier, qui a assist\u00e9 sa fille, est accus\u00e9e de \"complicit\u00e9 d'avortement\" et jug\u00e9e en m\u00eame temps que deux coll\u00e8gues.", "start_date": "2026-09-03T00:40:00+00:00", "title": "Au bout de l'enqu\u00eate, la fin du crime parfait ?"}, {"desc": null, "start_date": "2026-09-03T01:30:00+00:00", "title": "Journal M\u00e9t\u00e9o climat outre-mer"}, {"desc": null, "start_date": "2026-09-03T01:35:00+00:00", "title": "Emissions religieuses"}, {"desc": "Le trafic des tortues alimente le commerce des carapaces ; certaines sont chass\u00e9es pour leur viande, tandis que d'autres deviennent des animaux de compagnie.", "start_date": "2026-09-03T02:30:00+00:00", "title": "Le trafic des tortues"}, {"desc": null, "start_date": "2026-09-03T02:50:00+00:00", "title": "Pays et march\u00e9s du monde"}, {"desc": null, "start_date": "2026-09-03T03:00:00+00:00", "title": "Pays et march\u00e9s du monde"}, {"desc": "Quiz de culture g\u00e9n\u00e9rale au cours duquel 6 candidats vont tenter chaque jour de d\u00e9loger le champion en titre (qui accumule les gains d'\u00e9mission en \u00e9mission) et de prendre sa place. Les 2 premi\u00e8res manches, \"les qualifs\", et \"la comp\u00e8t'\" d\u00e9signent le challenger qui rel\u00e8ve \"le d\u00e9fi\" de d\u00e9tr\u00f4ner le champion en titre. C'est le champion en titre qui choisit le th\u00e8me des questions en finale.", "start_date": "2026-09-03T03:10:00+00:00", "title": "Tout le monde veut prendre sa place"}, {"desc": null, "start_date": "2026-09-03T04:00:00+00:00", "title": "Le 6h info"}, {"desc": null, "start_date": "2026-09-03T04:30:00+00:00", "title": "T\u00e9l\u00e9matin"}, {"desc": null, "start_date": "2026-09-03T06:00:00+00:00", "title": "Journal 08h00"}, {"desc": null, "start_date": "2026-09-03T06:30:00+00:00", "title": "T\u00e9l\u00e9matin"}, {"desc": null, "start_date": "2026-09-03T07:20:00+00:00", "title": "T\u00e9l\u00e9matin, la suite"}, {"desc": null, "start_date": "2026-09-03T08:40:00+00:00", "title": "Journal M\u00e9t\u00e9o climat outre-mer"}, {"desc": null, "start_date": "2026-09-03T08:45:00+00:00", "title": "Chacun son tour"}, {"desc": null, "start_date": "2026-09-03T09:25:00+00:00", "title": "Chacun son tour"}, {"desc": "Quiz de culture g\u00e9n\u00e9rale au cours duquel 6 candidats vont tenter chaque jour de d\u00e9loger le champion en titre (qui accumule les gains d'\u00e9mission en \u00e9mission) et de prendre sa place. Les 2 premi\u00e8res manches, \"les qualifs\", et \"la comp\u00e8t'\" d\u00e9signent le challenger qui rel\u00e8ve \"le d\u00e9fi\" de d\u00e9tr\u00f4ner le champion en titre. C'est le champion en titre qui choisit le th\u00e8me des questions en finale.", "start_date": "2026-09-03T09:55:00+00:00", "title": "Tout le monde veut prendre sa place"}, {"desc": null, "start_date": "2026-09-03T10:55:00+00:00", "title": "Journal M\u00e9t\u00e9o Climat"}, {"desc": null, "start_date": "2026-09-03T11:00:00+00:00", "title": "Journal 13h00"}, {"desc": null, "start_date": "2026-09-03T11:40:00+00:00", "title": "Journal M\u00e9t\u00e9o Climat"}, {"desc": "Romans, essais, classiques ou encore bandes dessin\u00e9es, Fran\u00e7ois Busnel vous propose chaque jour de d\u00e9couvrir ou red\u00e9couvrir une \u0153uvre fran\u00e7aise ou \u00e9trang\u00e8re : du lundi au dimanche sur toutes les antennes du groupe France T\u00e9l\u00e9visions !", "start_date": "2026-09-03T11:45:00+00:00", "title": "La p'tite librairie"}, {"desc": "Tous les jours, Faustine BOLLAERT accueille sur le plateau de \\\" Ca commence aujourd'hui \\\" des hommes et des femmes qui viennent t\u00e9moigner sur une p\u00e9riode de leur vie, un drame, une \u00e9preuve, un cap \u00e0 passer ou un changement, et qui font souvent \u00e9cho \u00e0 de grands sujets de soci\u00e9t\u00e9. Entour\u00e9e d'experts : psychologues, psychiatres, avocats, gyn\u00e9cologue, Faustine aide les t\u00e9moins et les t\u00e9l\u00e9spectateurs", "start_date": "2026-09-03T11:55:00+00:00", "title": "\u00c7a commence aujourd'hui"}, {"desc": "Faustine Bollaert re\u00e7oit 2 femmes qui ont pass\u00e9 la moiti\u00e9 de leur vie dans une secte sous l'emprise d'un gourou.Suzanne a fait la connaissance de son bourreau \u00e0 l'\u00e2ge de 3 ans, et ce, jusqu'\u00e0 ses 21 ans. Il a su s\u00e9duire sa m\u00e8re et est devenu son \"beau-p\u00e8re\". Il fait 30 enfants avec 4 femmes diff\u00e9rentes et vivent tous ensemble soumis \u00e0 cet homme ...", "start_date": "2026-09-03T13:05:00+00:00", "title": "\u00c7a commence aujourd'hui"}, {"desc": null, "start_date": "2026-09-03T14:20:00+00:00", "title": "Affaire conclue, tout le monde a quelque chose \u00e0 vendre"}, {"desc": null, "start_date": "2026-09-03T15:15:00+00:00", "title": "Affaire conclue, tout le monde a quelque chose \u00e0 vendre"}, {"desc": "Mot de passe - Le Duel est un jeu qui consiste \u00e0 faire deviner des mots \u00e0 un partenaire de jeu en donnant des mots indices. Il se joue avec deux candidats face \u00e0 deux c\u00e9l\u00e9brit\u00e9s. Du lundi au jeudi, ce sont les Duels et la Finale se joue en fin de semaine, le vendredi, avec le meilleur des 2 candidats et les deux c\u00e9l\u00e9brit\u00e9s.", "start_date": "2026-09-03T16:01:00+00:00", "title": "Mot de passe : le duel"}, {"desc": "\u00c9mission quotidienne pour jouer avec la langue fran\u00e7aise et enrichir sa culture g\u00e9n\u00e9rale. Autour de Sidonie Bonnec et Bruno Guillon, 2 \u00e9quipes jouent en r\u00e9pondant \u00e0 des questions. Chacune est constitu\u00e9e d'un candidat, \u00e9paul\u00e9 par 2 personnalit\u00e9s : humoristes, com\u00e9diens, journalistes...", "start_date": "2026-09-03T16:05:00+00:00", "title": "Tout le monde a son mot \u00e0 dire"}, {"desc": "Les candidats chantent en karaok\u00e9 accompagn\u00e9s par un orchestre. Quand les mots s'effacent, seuls gagnent ceux qui se souviennent de toutes les paroles.", "start_date": "2026-09-03T16:40:00+00:00", "title": "N'oubliez pas les paroles"}, {"desc": "Les candidats chantent en karaok\u00e9 accompagn\u00e9s par un orchestre. Quand les mots s'effacent, seuls gagnent ceux qui se souviennent de toutes les paroles.", "start_date": "2026-09-03T17:15:00+00:00", "title": "N'oubliez pas les paroles"}, {"desc": null, "start_date": "2026-09-03T17:55:00+00:00", "title": "Journal M\u00e9t\u00e9o Climat"}, {"desc": null, "start_date": "2026-09-03T18:00:00+00:00", "title": "Journal 20h00"}, {"desc": null, "start_date": "2026-09-03T18:55:00+00:00", "title": "Journal M\u00e9t\u00e9o Climat"}, {"desc": "Programme Court Parrain\u00e9 avec FTP Annonceur GMF Production VML.", "start_date": "2026-09-03T19:00:00+00:00", "title": "R\u00e9flexe !"}, {"desc": null, "start_date": "2026-09-03T19:05:00+00:00", "title": "Basique, l'essentiel de la musique"}, {"desc": "Au sommaire : \"Pompiers volontaires, l'engagement \u00e0 l'\u00e9preuve\". Durant plusieurs mois, \"Envoy\u00e9 Sp\u00e9cial\" a suivi le quotidien de pompiers volontaires qui jonglent entre vie personnelle, vie professionnelle et engagement au sein de leur caserne. - \"3 mois pour sauver mon \u00e9cole\". Des \u00e9lus et des parents se mobilisent depuis des mois pour sauver leur \u00e9cole et peut-\u00eatre leur commune.", "start_date": "2026-09-03T19:10:00+00:00", "title": "Envoy\u00e9 sp\u00e9cial"}, {"desc": "La r\u00e9introduction de certains pesticides interdits est un sujet tr\u00e8s controvers\u00e9. L'un d'eux, l'ac\u00e9tamipride, a \u00e9t\u00e9 au coeur d'une bataille m\u00e9diatique et politique entre les soutiens d'un mod\u00e8le agricole en crise et les partisans d'un monde sans pesticides. \"Compl\u00e9ment d'enqu\u00eate\" r\u00e9v\u00e8le les dessous de cet affrontement.", "start_date": "2026-09-03T21:00:00+00:00", "title": "Compl\u00e9ment d'enqu\u00eate"}, {"desc": null, "start_date": "2026-09-03T22:10:00+00:00", "title": "Nous, les Europ\u00e9ens"}, {"desc": "Retour sur le destin incroyable et m\u00e9connu d'une h\u00e9ro\u00efne de l'ombre pendant la Seconde Guerre Mondiale : Rose Valland, attach\u00e9e de conservation du mus\u00e9e du Jeu de Paume.", "start_date": "2026-09-03T22:45:00+00:00", "title": "13h15, le dimanche..."}, {"desc": null, "start_date": "2026-09-03T23:30:00+00:00", "title": "13h15, le dimanche..."}], "offset": "+00:00", "timezone": "UTC", "error_code": -1, "start_date": "2026-09-02", "icon": ""}