{"end_date": "2026-09-04", "name": "TV MONACO", "info_url": "https://epg.pw/channels/557750/20260903.html", "country": "France", "description": null, "error_message": "", "provider": "", "source_url": "https://epg.pw/api/epg.json?channel_id=557750&date=20260903&timezone=None", "epg_list": [{"desc": "Tout l'\u00e9t\u00e9 depuis Monaco, revivez les grandes s\u00e9quences de votre \u00e9mission consacr\u00e9e aux livres et \u00e0 la francophonie.", "start_date": "2026-09-03T00:45:00+00:00", "title": "Le Club Francophone de l'\u00e9t\u00e9"}, {"desc": "Le journal de TVMONACO : les temps forts de la semaine.", "start_date": "2026-09-03T01:20:00+00:00", "title": "L'actu"}, {"desc": "Un bulletin m\u00e9t\u00e9o plein de bonne humeur, capable de repousser les nuages et d'illuminer le ciel gris.", "start_date": "2026-09-03T01:40:00+00:00", "title": "La mou\u00e9t\u00e9o"}, {"desc": "La r\u00e9serve \u00e9cologique de Los Yaltes, au nord de l'\u00c9quateur, est en danger. Depuis 25 ans, le cin\u00e9aste fran\u00e7ais Philippe Molins m\u00e8ne de front recherche scientifique et combat \u00e9cologique pour sauver de la d\u00e9forestation ce sanctuaire de biodiversit\u00e9 unique au monde.", "start_date": "2026-09-03T01:45:00+00:00", "title": "Le secret de la for\u00eat de nuages"}, {"desc": null, "start_date": "2026-09-03T02:30:00+00:00", "title": "Fratrie du cirque"}, {"desc": null, "start_date": "2026-09-03T03:20:00+00:00", "title": "Garibaldi"}, {"desc": "Sophie Jovillard part \u00e0 la d\u00e9couverte des plus somptueuses villas et des ch\u00e2teaux d'exception de la Riviera fran\u00e7aise, de Nice \u00e0 Menton, en passant par Monaco.", "start_date": "2026-09-03T04:15:00+00:00", "title": "Les tr\u00e9sors de la Riviera fran\u00e7aise"}, {"desc": "Un programme contemplatif qui invite les t\u00e9l\u00e9spectateurs \u00e0 d\u00e9couvrir la r\u00e9gion et la nature des environs de Monaco \u00e0 travers une approche immersive et apaisante.", "start_date": "2026-09-03T04:45:00+00:00", "title": "Slow TV R\u00e9gion"}, {"desc": "Un programme contemplatif qui invite les t\u00e9l\u00e9spectateurs \u00e0 d\u00e9couvrir la r\u00e9gion et la nature des environs de Monaco \u00e0 travers une approche immersive et apaisante.", "start_date": "2026-09-03T05:00:00+00:00", "title": "Slow TV R\u00e9gion"}, {"desc": "L'alerte sonne dans Cerveau City : M\u00e9mo et Erreur partent identifier les d\u00e9terminants, ces petits mots essentiels qui accompagnent le nom et pr\u00e9cisent son sens !", "start_date": "2026-09-03T05:45:00+00:00", "title": "My Class"}, {"desc": "Le journal de TVMONACO : les temps forts de la semaine.", "start_date": "2026-09-03T06:00:00+00:00", "title": "L'actu"}, {"desc": "Un bulletin m\u00e9t\u00e9o plein de bonne humeur, capable de repousser les nuages et d'illuminer le ciel gris.", "start_date": "2026-09-03T06:20:00+00:00", "title": "La mou\u00e9t\u00e9o"}, {"desc": "Le c\u00e9l\u00e8bre quintet nous emm\u00e8ne dans un univers magique. Compos\u00e9 en grande partie de leur album \\ Brotherhood \\ et de \\ Naima \\ de John Coltrane, le Belmondo Quintet envoute l'auditoire.", "start_date": "2026-09-03T06:25:00+00:00", "title": "Belmondo Quintet - Concert Radio France"}, {"desc": "La photographe de renom du magazine Ebony, Melissa Alcena, parcourt l'\u00eele d'Eleuthera de bout en bout, jusqu'\u00e0 Harbour Island, \u00e0 la recherche de l'inspiration pour son travail.", "start_date": "2026-09-03T07:50:00+00:00", "title": "Couleurs Des \u00celes : Les Cara\u00efbes En Images"}, {"desc": "D\u00e9couvrez les Cara\u00efbes \u00e0 travers les regards uniques de photographes locaux. Ces artistes capturent l'essence culturelle de leurs \u00eeles, des \u00e9paves sous-marines aux Bahamas jusqu'\u00e0 la premi\u00e8re femme ma\u00eetre assembleuse de rhum \u00e0 la Barbade. Plongez dans des paysages \u00e9poustouflants de plages roses et eaux cristallines.", "start_date": "2026-09-03T08:15:00+00:00", "title": "Couleurs Des \u00celes : Les Cara\u00efbes En Images"}, {"desc": "Jusqu'o\u00f9 iriez-vous \u00e0 la recherche de quelque chose qui n'existe peut-\u00eatre pas ?", "start_date": "2026-09-03T08:45:00+00:00", "title": "La folie des vagues"}, {"desc": "Un bulletin m\u00e9t\u00e9o plein de bonne humeur, capable de repousser les nuages et d'illuminer le ciel gris.", "start_date": "2026-09-03T10:25:00+00:00", "title": "La mou\u00e9t\u00e9o"}, {"desc": "LA TABLE DU MARCHE propose au spectateur de d\u00e9couvrir les march\u00e9s les plus charmants/typiques/insolites de la Riviera au travers de portraits rapides et de recettes gourmandes et de saison.", "start_date": "2026-09-03T10:30:00+00:00", "title": "La table du march\u00e9 printemps"}, {"desc": "decouvrez les marches les plus charmant de la Riviera au travers de portraits rapides et de recettes gourmandes et de saison.", "start_date": "2026-09-03T10:40:00+00:00", "title": "La table du march\u00e9 \u00e9t\u00e9"}, {"desc": "decouvrez les marches les plus charmant de la Riviera au travers de portraits rapides et de recettes gourmandes et de saison.", "start_date": "2026-09-03T10:55:00+00:00", "title": "La table du march\u00e9 \u00e9t\u00e9"}, {"desc": "decouvrez les marches les plus charmant de la Riviera au travers de portraits rapides et de recettes gourmandes et de saison.", "start_date": "2026-09-03T11:05:00+00:00", "title": "La table du march\u00e9 \u00e9t\u00e9"}, {"desc": null, "start_date": "2026-09-03T11:20:00+00:00", "title": "Traqueurs de serpents"}, {"desc": null, "start_date": "2026-09-03T12:15:00+00:00", "title": "Personn'elles"}, {"desc": "Pierre, fra\u00eechement dipl\u00f4m\u00e9 d'\u00e9tudes agricoles, prend en main l'exploitation familiale de vaches laiti\u00e8res. Quand l'une de ses t\u00eates de b\u00e9tail est touch\u00e9e par la maladie de la vache folle, Pierre pr\u00e9f\u00e8re sacrifier lui-m\u00eame sa b\u00eate par crainte que les services v\u00e9t\u00e9rinaires ne suppriment tout son cheptel...", "start_date": "2026-09-03T14:00:00+00:00", "title": "Petit Paysan"}, {"desc": null, "start_date": "2026-09-03T15:15:00+00:00", "title": "Pourquoi Nous Dansons"}, {"desc": "A l'heure du petit-d\u00e9jeuner, avec sa bande de chroniqueurs, Sebastien Serrano pr\u00e9sente tout ce qui se fait de mieux sur la Riviera et dans la Principaut\u00e9 de Monaco.", "start_date": "2026-09-03T16:05:00+00:00", "title": "\u00c7a va l'faire !"}, {"desc": "Le journal de TVMONACO : les temps forts de la semaine.", "start_date": "2026-09-03T17:00:00+00:00", "title": "L'actu"}, {"desc": "Un bulletin m\u00e9t\u00e9o plein de bonne humeur, capable de repousser les nuages et d'illuminer le ciel gris.", "start_date": "2026-09-03T17:20:00+00:00", "title": "La mou\u00e9t\u00e9o"}, {"desc": "L'histoire tragique de Louis Sockalexis, le premier Am\u00e9rindien \u00e0 jouer en Ligue majeure de baseball, et la fa\u00e7on dont son h\u00e9ritage mythique et controvers\u00e9 soul\u00e8ve encore aujourd'hui des questions sur les pr\u00e9jug\u00e9s et les traditions dans ce sport.", "start_date": "2026-09-03T17:26:00+00:00", "title": "Deerfoot Of the Diamond"}, {"desc": "Bienvenue \u00e0 Melaka, \u00e9tat malais dans la r\u00e9gion sud de la p\u00e9ninsule dont la capitale, Melacca est \u00e9galement inscrite au patrimoine mondial de l'UNESCO depuis juillet 2008.", "start_date": "2026-09-03T17:55:00+00:00", "title": "Melaka International Marathon 2023"}, {"desc": "Dans la deuxi\u00e8me saison, David Gross voyage du Danemark \u00e0 travers l'Europe jusqu'en Roumanie, toujours avec sa cuisine anti-gaspillage pour transformer les d\u00e9chets en une exp\u00e9rience culinaire. David pr\u00e9pare des plats cr\u00e9atifs visant \u00e0 lutter contre le gaspillage, notre soci\u00e9t\u00e9 de consommation, et remet en question quelles recettes de cuisine et de vie ont du sens en temps de crise.", "start_date": "2026-09-03T18:20:00+00:00", "title": "Cuisine anti-gaspillage"}, {"desc": "Le Programme est consacr\u00e9 \u00e0 la Principaut\u00e9 de Monaco pendant la Seconde Guerre Mondiale. Il \u00e9voque de mani\u00e8re tr\u00e8s document\u00e9e des conditions de vie en Principaut\u00e9 entre 1939 et 1945. L'\u00e9motion des diff\u00e9rents t\u00e9moins, la qualit\u00e9 du montage et sa port\u00e9e symbolique en font un t\u00e9moignage captivant du lien de Monaco avec cette p\u00e9riode de l'Histoire mondiale. Plus de 4 (quatre) ans de travail auront \u00e9t\u00e9", "start_date": "2026-09-03T18:50:00+00:00", "title": "Monaco occup\u00e9... Monaco lib\u00e9r\u00e9"}, {"desc": "Le Programme est consacr\u00e9 \u00e0 la Principaut\u00e9 de Monaco pendant la Seconde Guerre Mondiale. Il \u00e9voque de mani\u00e8re tr\u00e8s document\u00e9e des conditions de vie en Principaut\u00e9 entre 1939 et 1945. L'\u00e9motion des diff\u00e9rents t\u00e9moins, la qualit\u00e9 du montage et sa port\u00e9e symbolique en font un t\u00e9moignage captivant du lien de Monaco avec cette p\u00e9riode de l'Histoire mondiale. Plus de 4 (quatre) ans de travail auront \u00e9t\u00e9", "start_date": "2026-09-03T19:41:00+00:00", "title": "Monaco occup\u00e9... Monaco lib\u00e9r\u00e9"}, {"desc": "Suivez le parcours extraordinaire de Zohra, le premier orchestre f\u00e9minin d'Afghanistan, acclam\u00e9 dans le monde entier. Face \u00e0 la menace grandissante des talibans, les musiciennes luttent pour leur survie et celle de leur art. Entre cachettes et campagnes internationales pour sauver leurs camarades, leur combat pour pr\u00e9server la musique r\u00e9sonne avec force. Avec des t\u00e9moignages exclusifs des musicien", "start_date": "2026-09-03T20:35:00+00:00", "title": "Faire vivre la musique"}, {"desc": "Suivez le parcours extraordinaire de Zohra, le premier orchestre f\u00e9minin d'Afghanistan, acclam\u00e9 dans le monde entier. Face \u00e0 la menace grandissante des talibans, les musiciennes luttent pour leur survie et celle de leur art. Entre cachettes et campagnes internationales pour sauver leurs camarades, leur combat pour pr\u00e9server la musique r\u00e9sonne avec force. Avec des t\u00e9moignages exclusifs des musicien", "start_date": "2026-09-03T21:20:00+00:00", "title": "Faire vivre la musique"}, {"desc": "Le journal de TVMONACO : les temps forts de la semaine.", "start_date": "2026-09-03T22:15:00+00:00", "title": "L'actu"}, {"desc": "Un bulletin m\u00e9t\u00e9o plein de bonne humeur, capable de repousser les nuages et d'illuminer le ciel gris.", "start_date": "2026-09-03T22:35:00+00:00", "title": "La mou\u00e9t\u00e9o"}, {"desc": "MC Solaar nous offre un nouveau projet nomm\u00e9 Tryptique. C'est une r\u00e9f\u00e9rence \u00e0 l'art graphique en g\u00e9n\u00e9ral, et sp\u00e9cifiquement au Street Art qui a toujours passionn\u00e9 MC Solaar d'ou son nom de sc\u00e8ne. Le premier EP de ce projet se nomme \\ Lueurs C\u00e9lestes \\ car l'\u00e9toile est le symbole de l'artiste. Constitu\u00e9 de 7 titres tous enregistr\u00e9s en France mais mix\u00e9s et masteris\u00e9s en France, au Canada et aux Etat", "start_date": "2026-09-03T22:40:00+00:00", "title": "B\u00e2timent B"}, {"desc": "Les Celtics et les Lakers ont disput\u00e9 trois finales NBA passionnantes en l'espace de quatre ans, au milieu des ann\u00e9es 1980, ce qui a aliment\u00e9 la popularit\u00e9 de la ligue et ouvert la voie \u00e0 la croissance ph\u00e9nom\u00e9nale et \u00e0 la notori\u00e9t\u00e9 dont la NBA b\u00e9n\u00e9ficie aujourd'hui.", "start_date": "2026-09-03T23:35:00+00:00", "title": "Celtics / Lakers : Les meilleurs des ennemis"}, {"desc": "Le journal de TVMONACO : les temps forts de la semaine.", "start_date": "2026-09-04T01:20:00+00:00", "title": "L'actu"}, {"desc": "Un bulletin m\u00e9t\u00e9o plein de bonne humeur, capable de repousser les nuages et d'illuminer le ciel gris.", "start_date": "2026-09-04T01:40:00+00:00", "title": "La mou\u00e9t\u00e9o"}, {"desc": null, "start_date": "2026-09-04T01:45:00+00:00", "title": "Climat, les gros mensonges des g\u00e9ants du p\u00e9trole"}, {"desc": "La grande outarde, l'oiseau volant le plus lourd du monde, est menac\u00e9e d'extinction. En Allemagne, passionn\u00e9s et scientifiques tentent de sauver l'esp\u00e8ce.", "start_date": "2026-09-04T02:40:00+00:00", "title": "Les glorieuses outardes"}, {"desc": null, "start_date": "2026-09-04T03:30:00+00:00", "title": "La r\u00e9volution crispr - L'\u00e9dition du g\u00e9nome"}, {"desc": "Dans la deuxi\u00e8me saison, David Gross voyage du Danemark \u00e0 travers l'Europe jusqu'en Roumanie, toujours avec sa cuisine anti-gaspillage pour transformer les d\u00e9chets en une exp\u00e9rience culinaire. David pr\u00e9pare des plats cr\u00e9atifs visant \u00e0 lutter contre le gaspillage, notre soci\u00e9t\u00e9 de consommation, et remet en question quelles recettes de cuisine et de vie ont du sens en temps de crise.", "start_date": "2026-09-04T04:20:00+00:00", "title": "Cuisine anti-gaspillage"}, {"desc": "Un programme contemplatif qui invite les t\u00e9l\u00e9spectateurs \u00e0 d\u00e9couvrir la r\u00e9gion et la nature des environs de Monaco \u00e0 travers une approche immersive et apaisante.", "start_date": "2026-09-04T04:45:00+00:00", "title": "Slow TV R\u00e9gion"}, {"desc": "Un programme contemplatif qui invite les t\u00e9l\u00e9spectateurs \u00e0 d\u00e9couvrir la r\u00e9gion et la nature des environs de Monaco \u00e0 travers une approche immersive et apaisante.", "start_date": "2026-09-04T05:00:00+00:00", "title": "Slow TV R\u00e9gion"}, {"desc": "L'alerte sonne dans Cerveau City : M\u00e9mo et Erreur partent identifier les d\u00e9terminants, ces petits mots essentiels qui accompagnent le nom et pr\u00e9cisent son sens !", "start_date": "2026-09-04T05:45:00+00:00", "title": "My Class"}, {"desc": "Le journal de TVMONACO : les temps forts de la semaine.", "start_date": "2026-09-04T06:00:00+00:00", "title": "L'actu"}, {"desc": "Un bulletin m\u00e9t\u00e9o plein de bonne humeur, capable de repousser les nuages et d'illuminer le ciel gris.", "start_date": "2026-09-04T06:20:00+00:00", "title": "La mou\u00e9t\u00e9o"}, {"desc": "Sacr\u00e9e artiste f\u00e9minine de l'ann\u00e9e aux Victoires de la musique en 2021, L'auteure, compositrice, interpr\u00e8te et musicienne avait offert en 2020 un concert aux milliers de places vides du Grand th\u00e9\u00e2tre antique, seule interpr\u00e8te pr\u00e9sente au festival. L'unique repr\u00e9sentation avait fait suite \u00e0 l'annulation des Nuits de Fourvi\u00e8re en raison de la crise sanitaire.", "start_date": "2026-09-04T06:25:00+00:00", "title": "Pomme"}, {"desc": "Tout l'\u00e9t\u00e9 depuis Monaco, revivez les grandes s\u00e9quences de votre \u00e9mission consacr\u00e9e aux livres et \u00e0 la francophonie.", "start_date": "2026-09-04T07:20:00+00:00", "title": "Le Club Francophone de l'\u00e9t\u00e9"}, {"desc": null, "start_date": "2026-09-04T07:55:00+00:00", "title": "Karl Lagerfeld"}, {"desc": "Au coeur de la C\u00f4te d'Azur, le massif des Maures r\u00e9v\u00e8le une for\u00eat ancienne et secr\u00e8te, sculpt\u00e9e par le temps, les incendies et la r\u00e9silience du vivant.", "start_date": "2026-09-04T08:40:00+00:00", "title": "Collection Riviera"}, {"desc": "Vainqueur de l'Eurovision en 1974 avec Waterloo, le groupe Abba, form\u00e9 deux ans plus t\u00f4t, a conquis la plan\u00e8te avec ses tubes survitamin\u00e9s, son extravagance vestimentaire et sa bonne humeur contagieuse. Mais, au d\u00e9but des ann\u00e9es 1980, l'alchimie entre les membres du groupe s'effrite. Apr\u00e8s une ultime tourn\u00e9e en 1979, le quatuor se s\u00e9pare en 1982 avant de redevenir \u00e0 la mode au d\u00e9but des ann\u00e9es 199", "start_date": "2026-09-04T09:35:00+00:00", "title": "Abba Forever"}, {"desc": "Un bulletin m\u00e9t\u00e9o plein de bonne humeur, capable de repousser les nuages et d'illuminer le ciel gris.", "start_date": "2026-09-04T10:25:00+00:00", "title": "La mou\u00e9t\u00e9o"}, {"desc": "decouvrez les marches les plus charmant de la Riviera au travers de portraits rapides et de recettes gourmandes et de saison.", "start_date": "2026-09-04T10:30:00+00:00", "title": "La table du march\u00e9 \u00e9t\u00e9"}, {"desc": "decouvrez les marches les plus charmant de la Riviera au travers de portraits rapides et de recettes gourmandes et de saison.", "start_date": "2026-09-04T10:40:00+00:00", "title": "La table du march\u00e9 \u00e9t\u00e9"}, {"desc": "decouvrez les marches les plus charmant de la Riviera au travers de portraits rapides et de recettes gourmandes et de saison.", "start_date": "2026-09-04T10:55:00+00:00", "title": "La table du march\u00e9 \u00e9t\u00e9"}, {"desc": "decouvrez les marches les plus charmant de la Riviera au travers de portraits rapides et de recettes gourmandes et de saison.", "start_date": "2026-09-04T11:05:00+00:00", "title": "La table du march\u00e9 \u00e9t\u00e9"}, {"desc": null, "start_date": "2026-09-04T11:20:00+00:00", "title": "Traqueurs de serpents"}, {"desc": null, "start_date": "2026-09-04T12:15:00+00:00", "title": "M\u00e9diterran\u00e9e : Etat d'urgence climatique"}, {"desc": "L'\u0152IL DU RADDAR, le nouveau magazine d'actualit\u00e9 de TVMonaco. Enqu\u00eate suivie d'un d\u00e9bat.", "start_date": "2026-09-04T12:45:00+00:00", "title": "L'oeil du radar"}, {"desc": "Deux femmes au nord du 55e parall\u00e8le, chez les Inuits.", "start_date": "2026-09-04T13:10:00+00:00", "title": "Passion glaciale"}, {"desc": "Cuba est la plus grande \u00eele des Cara\u00efbes, dont un cinqui\u00e8me est prot\u00e9g\u00e9 pour une faune spectaculaire. On y d\u00e9couvre du minuscule colibri-abeille aux crocodiles rapides et menac\u00e9s, ainsi que geckos, iguanes, pythons et chauves-souris dans des \u00e9cosyst\u00e8mes uniques. Pr\u00e9serv\u00e9 depuis la r\u00e9volution, ce paradis naturel fait face \u00e0 un avenir incertain : la nature y aura-t-elle toujours sa place ?", "start_date": "2026-09-04T14:05:00+00:00", "title": "Kuba - Die Wilde Revolution"}, {"desc": "Plongez au c\u0153ur du Sanctuaire Pelagos, un immense espace maritime en mer m\u00e9diterran\u00e9e qui regorge d'esp\u00e8ces exceptionnelles. Mais depuis quelques ann\u00e9es, le sanctuaire marin est confront\u00e9 \u00e0 plusieurs menaces. Pollution, trafic maritime et encore surp\u00eache, cette zone fait face \u00e0 de multiples pressions. Alors pour tenter de prot\u00e9ger le sanctuaire, associations mon\u00e9gasques, fran\u00e7aises, et m\u00eame autori", "start_date": "2026-09-04T15:00:00+00:00", "title": "L'oeil du radar"}, {"desc": "Sophie Jovillard part \u00e0 la d\u00e9couverte des plus somptueuses villas et des ch\u00e2teaux d'exception de la Riviera fran\u00e7aise, de Nice \u00e0 Menton, en passant par Monaco.", "start_date": "2026-09-04T15:30:00+00:00", "title": "Les tr\u00e9sors de la Riviera fran\u00e7aise"}, {"desc": "Jusqu'\u00e0 400 vols par jour et un ballet d'h\u00e9licopt\u00e8res presque incessant : pendant les grands \u00e9v\u00e9nements comme le Grand Prix, l'h\u00e9liport de Monaco tourne \u00e0 plein r\u00e9gime. Mais comment g\u00e9rer un tel trafic a\u00e9rien aux portes de la Principaut\u00e9 ? Embarquez dans les coulisses d'une m\u00e9canique spectaculaire, o\u00f9 chaque minute compte.", "start_date": "2026-09-04T16:00:00+00:00", "title": "Les coulisses de l'h\u00e9liport"}, {"desc": "A l'heure du petit-d\u00e9jeuner, avec sa bande de chroniqueurs, Sebastien Serrano pr\u00e9sente tout ce qui se fait de mieux sur la Riviera et dans la Principaut\u00e9 de Monaco.", "start_date": "2026-09-04T16:05:00+00:00", "title": "\u00c7a va l'faire !"}, {"desc": "Le journal de TVMONACO : les temps forts de la semaine.", "start_date": "2026-09-04T17:00:00+00:00", "title": "L'actu"}, {"desc": "Un bulletin m\u00e9t\u00e9o plein de bonne humeur, capable de repousser les nuages et d'illuminer le ciel gris.", "start_date": "2026-09-04T17:20:00+00:00", "title": "La mou\u00e9t\u00e9o"}, {"desc": "En Allemagne, le fossile d'oiseau le plus complet au monde a \u00e9t\u00e9 d\u00e9couvert. D'une envergure de six m\u00e8tres, il avait \u00e9t\u00e9 ill\u00e9galement export\u00e9 depuis Caldera, une ville du nord du Chili qui a surv\u00e9cu \u00e0 la crise de la p\u00eache en vendant des fossiles. Jusqu'alors, personne ne connaissait cet endroit, o\u00f9 la mer et le d\u00e9sert se rencontrent, et qui s'est r\u00e9v\u00e9l\u00e9 \u00eatre l'un des sites pal\u00e9ontologiques les plus", "start_date": "2026-09-04T17:25:00+00:00", "title": "Commerce Illicite"}, {"desc": "Dans la deuxi\u00e8me saison, David Gross voyage du Danemark \u00e0 travers l'Europe jusqu'en Roumanie, toujours avec sa cuisine anti-gaspillage pour transformer les d\u00e9chets en une exp\u00e9rience culinaire. David pr\u00e9pare des plats cr\u00e9atifs visant \u00e0 lutter contre le gaspillage, notre soci\u00e9t\u00e9 de consommation, et remet en question quelles recettes de cuisine et de vie ont du sens en temps de crise.", "start_date": "2026-09-04T18:20:00+00:00", "title": "Cuisine anti-gaspillage"}, {"desc": "Au large du continent africain, sept \u00eeles perdues au milieu de l'Atlantique attirent chaque ann\u00e9e douze millions de touristes pour leur doux climat et de leurs jolis panoramas. Mais les Canaries ont su pr\u00e9server leur beaut\u00e9 sauvage, abritant une faune et une flore diversifi\u00e9es. Les for\u00eats de nuages subtropicales y c\u00f4toient d'arides paysages volcaniques et des sommets enneig\u00e9s. Et le monde sous-mar", "start_date": "2026-09-04T18:50:00+00:00", "title": "Les \u00eeles Canaries"}, {"desc": "Au large du continent africain, sept \u00eeles perdues au milieu de l'Atlantique attirent chaque ann\u00e9e douze millions de touristes pour leur doux climat et de leurs jolis panoramas. Mais les Canaries ont su pr\u00e9server leur beaut\u00e9 sauvage, abritant une faune et une flore diversifi\u00e9es. Les for\u00eats de nuages subtropicales y c\u00f4toient d'arides paysages volcaniques et des sommets enneig\u00e9s. Et le monde sous-mar", "start_date": "2026-09-04T19:35:00+00:00", "title": "Les \u00eeles Canaries"}, {"desc": "Depuis les ann\u00e9es 1970, des flottes de p\u00eache \u00e9trang\u00e8res ratissent les eaux de l'Afrique de l'Ouest, faisant concurrence aux p\u00eacheurs artisans locaux.", "start_date": "2026-09-04T20:30:00+00:00", "title": "Razzia sur l'Atlantique"}, {"desc": "En 1898, \u00e0 peine \u00e2g\u00e9 de 18 ans, l'Allemand Hans Schomburgk pose pour la premi\u00e8re fois le pied sur le continent noir. En 1912, il est admis \u00e0 la Royal Geographical Society de Londres et parvient \u00e0 financer sa premi\u00e8re exp\u00e9dition cin\u00e9matographique en Afrique, o\u00f9 il tourne le documentaire Randonn\u00e9es et pistes en Afrique. Eprouv\u00e9 par les deux conflits mondiaux, il ne fera ses adieux \u00e0 l'Afrique qu'en ", "start_date": "2026-09-04T21:20:00+00:00", "title": "L'Afrique cam\u00e9ra au poing"}, {"desc": "Le journal de TVMONACO : les temps forts de la semaine.", "start_date": "2026-09-04T22:50:00+00:00", "title": "L'actu"}, {"desc": "Un bulletin m\u00e9t\u00e9o plein de bonne humeur, capable de repousser les nuages et d'illuminer le ciel gris.", "start_date": "2026-09-04T23:10:00+00:00", "title": "La mou\u00e9t\u00e9o"}, {"desc": null, "start_date": "2026-09-04T23:15:00+00:00", "title": "Alt-J"}], "offset": "+00:00", "timezone": "UTC", "error_code": -1, "start_date": "2026-09-03", "icon": ""}