{"end_date": "2026-09-01", "name": "CANAL+SPORT360", "info_url": "https://epg.pw/channels/557555/20260831.html", "country": "France", "description": null, "error_message": "", "provider": "", "source_url": "https://epg.pw/api/epg.json?channel_id=557555&date=20260831&timezone=None", "epg_list": [{"desc": "Apr\u00e8s la Grande-Bretagne et Silverstone, direction le circuit Motorland Aragon pour une nouvelle manche du championnat du monde Moto GP. Raul Fernandez s'est impos\u00e9 en Angleterre, va-t-il doubler la mise en Espagne ? Au classement g\u00e9n\u00e9ral, Jorge Martin est toujours largement en t\u00eate, devant Marco Bezzecchi.", "start_date": "2026-08-31T00:16:00+00:00", "title": "La course des Moto GP"}, {"desc": "Retrouvez le podium des diff\u00e9rentes cat\u00e9gories de Moto avec la remise du troph\u00e9e, le champagne et les interviews des pilotes.", "start_date": "2026-08-31T01:05:00+00:00", "title": "Moto : Le podium"}, {"desc": "Les journalistes et experts de la cha\u00eene analysent et d\u00e9cryptent le dernier Grand Prix, avec un retour en images et en statistiques sur les moments d\u00e9terminants de la course, et bien s\u00fbr les premi\u00e8res impressions des pilotes victorieux.", "start_date": "2026-08-31T01:22:00+00:00", "title": "D\u00e9brief Moto"}, {"desc": "Fermeture de l'antenne \u00e0 la fin des diffusions de la journ\u00e9e.", "start_date": "2026-08-31T02:00:00+00:00", "title": "Fin des programmes"}, {"desc": "Tous les matins de 6h \u00e0 10h, Arthur Darrouzes vous emm\u00e8ne dans un tour du monde complet de l'actualit\u00e9 sportive. Sports collectifs ou individuels, en France ou \u00e0 l'\u00e9tranger, tous les faits marquants d\u00e9velopp\u00e9s et analys\u00e9s par les journalistes et chroniqueurs du groupe !", "start_date": "2026-08-31T04:00:00+00:00", "title": "La matinale"}, {"desc": "Apr\u00e8s la Grande-Bretagne et Silverstone, direction le circuit Motorland Aragon pour une nouvelle manche du championnat du monde Moto GP. Raul Fernandez s'est impos\u00e9 en Angleterre, va-t-il doubler la mise en Espagne ? Au classement g\u00e9n\u00e9ral, Jorge Martin est toujours largement en t\u00eate, devant Marco Bezzecchi.", "start_date": "2026-08-31T06:00:00+00:00", "title": "La course des Moto GP"}, {"desc": "Retrouvez le podium des diff\u00e9rentes cat\u00e9gories de Moto avec la remise du troph\u00e9e, le champagne et les interviews des pilotes.", "start_date": "2026-08-31T06:50:00+00:00", "title": "Moto : Le podium"}, {"desc": "Les journalistes et experts de la cha\u00eene analysent et d\u00e9cryptent le dernier Grand Prix, avec un retour en images et en statistiques sur les moments d\u00e9terminants de la course, et bien s\u00fbr les premi\u00e8res impressions des pilotes victorieux.", "start_date": "2026-08-31T07:07:00+00:00", "title": "D\u00e9brief Moto"}, {"desc": "Pour les passionn\u00e9s de grosses cyclindr\u00e9es, ce magazine propose des anecdotes et des histoires insolites, ainsi que des informations li\u00e9es \u00e0 l'univers de la MotoGP.", "start_date": "2026-08-31T07:47:00+00:00", "title": "Fractionn\u00e9 Moto"}, {"desc": "Inscrit pour la premi\u00e8re fois au calendrier du championnat du monde, ce Rallye du Paraguay, organis\u00e9 du 28 au 31 ao\u00fbt, emprunte des routes en terre situ\u00e9es \u00e0 l'extr\u00eame sud du pays.", "start_date": "2026-08-31T07:51:00+00:00", "title": "21e sp\u00e9ciale"}, {"desc": "Quel pilote s'imposera dans ce Rallye du Paraguay \u00e0 l'issue de cette 22e sp\u00e9ciale disput\u00e9e \u00e0 Encarnaci\u00f3n ? Longue de 10,26 km, cette ultime Power Stage doit livrer le verdict d'une \u00e9preuve intense et pi\u00e9geuse. Apr\u00e8s trois jours de comp\u00e9tition, les derniers kilom\u00e8tres pourraient encore faire basculer la course.", "start_date": "2026-08-31T08:41:00+00:00", "title": "22e sp\u00e9ciale : Powerstage"}, {"desc": "Tour du monde en bref et en images des derni\u00e8res actualit\u00e9s importantes tous sports confondus dans le JT d'Infosport+.", "start_date": "2026-08-31T10:15:00+00:00", "title": "Le JT"}, {"desc": "Apr\u00e8s la Grande-Bretagne et Silverstone, direction le circuit Motorland Aragon pour une nouvelle manche du championnat du monde Moto GP. Raul Fernandez s'est impos\u00e9 en Angleterre, va-t-il doubler la mise en Espagne ? Au classement g\u00e9n\u00e9ral, Jorge Martin est toujours largement en t\u00eate, devant Marco Bezzecchi.", "start_date": "2026-08-31T10:45:00+00:00", "title": "La course des Moto GP"}, {"desc": "Retrouvez le podium des diff\u00e9rentes cat\u00e9gories de Moto avec la remise du troph\u00e9e, le champagne et les interviews des pilotes.", "start_date": "2026-08-31T11:34:00+00:00", "title": "Moto : Le podium"}, {"desc": "Les journalistes et experts de la cha\u00eene analysent et d\u00e9cryptent le dernier Grand Prix, avec un retour en images et en statistiques sur les moments d\u00e9terminants de la course, et bien s\u00fbr les premi\u00e8res impressions des pilotes victorieux.", "start_date": "2026-08-31T11:51:00+00:00", "title": "D\u00e9brief Moto"}, {"desc": "D\u00e9couvrez des surprenantes anecdotes et des belles histoires li\u00e9es au monde du sport dans ce magazine.", "start_date": "2026-08-31T12:30:00+00:00", "title": "Fractionn\u00e9"}, {"desc": "L'alpiniste Emily Harrington s'attaque au plus grand d\u00e9fi de sa carri\u00e8re : gravir El Capitan, mythique paroi du parc national de Yosemite, en moins de 24 heures. D\u00e9j\u00e0 pass\u00e9e par l'Everest et les sommets de plus de 8 000 m\u00e8tres, l'Am\u00e9ricaine veut marquer l'histoire d'un sport encore largement masculin. Mais une chute quasi fatale vient bouleverser sa trajectoire et l'oblige \u00e0 interroger le prix de ", "start_date": "2026-08-31T12:40:00+00:00", "title": "Girl Climber : Sans limite"}, {"desc": "Tour du monde en bref et en images des derni\u00e8res actualit\u00e9s importantes tous sports confondus dans le JT d'Infosport+.", "start_date": "2026-08-31T14:00:00+00:00", "title": "Le JT"}, {"desc": "Diffusion du Grand Prix d'Aragon, une course disput\u00e9e dans le cadre du championnat du monde de moto 3. Le circuit du Motorland accueille chaque ann\u00e9e les coureurs sur les 5,344 km de piste, qui s'y d\u00e9placent avec pour objectif la victoire et le maximum de points en vue du titre supr\u00eame.", "start_date": "2026-08-31T14:30:00+00:00", "title": "La course des Moto 3"}, {"desc": "Un montage des plus belles images du dernier Grand Prix de F1 gr\u00e2ce notamment \u00e0 des cam\u00e9ras embarqu\u00e9es dans les voitures des pilotes. Des interviews et des analyses des journalistes et consultants enrichissent ce magazine.", "start_date": "2026-08-31T15:27:00+00:00", "title": "On Board F1"}, {"desc": "Le tour de l'actualit\u00e9 sportive \u00e0 360\u00b0 dans ce Club 360 o\u00f9 les derni\u00e8res informations du moment sont analys\u00e9es et d\u00e9crypt\u00e9es.", "start_date": "2026-08-31T16:00:00+00:00", "title": "Club 360"}, {"desc": "Le Zapsport 360 permet de retrouver toutes les images marquantes du sport des derniers jours, dans un format dynamique : r\u00e9sultats, comp\u00e9titions du moment et s\u00e9quences spectaculaires sont au rendez-vous.", "start_date": "2026-08-31T17:00:00+00:00", "title": "Zapsport 360"}, {"desc": "Faisant partie du calendrier ERC depuis 2004, le Barum Czech Rally Zlin est bas\u00e9 dans la ville universitaire de Moravie du Sud, \u00e0 300 kilom\u00e8tres au sud de la capitale tch\u00e8que, Prague. Revivez la victoire, d'Adam Brezik, le 16 ao\u00fbt dernier, qui s'est impos\u00e9 au terme d'une \u00e9preuve tr\u00e8s disput\u00e9e, au volant de sa Skoda Fabia RS Rally2.", "start_date": "2026-08-31T17:03:00+00:00", "title": "Les temps forts"}, {"desc": "Inscrit pour la premi\u00e8re fois au calendrier du championnat du monde, ce Rallye du Paraguay, organis\u00e9 du 28 au 31 ao\u00fbt, emprunte des routes en terre situ\u00e9es \u00e0 l'extr\u00eame sud du pays.", "start_date": "2026-08-31T17:30:00+00:00", "title": "20e sp\u00e9ciale"}, {"desc": "Inscrit pour la premi\u00e8re fois au calendrier du championnat du monde, ce Rallye du Paraguay, organis\u00e9 du 28 au 31 ao\u00fbt, emprunte des routes en terre situ\u00e9es \u00e0 l'extr\u00eame sud du pays.", "start_date": "2026-08-31T18:15:00+00:00", "title": "21e sp\u00e9ciale"}, {"desc": "Quel pilote s'imposera dans ce Rallye du Paraguay \u00e0 l'issue de cette 22e sp\u00e9ciale disput\u00e9e \u00e0 Encarnaci\u00f3n ? Longue de 10,26 km, cette ultime Power Stage doit livrer le verdict d'une \u00e9preuve intense et pi\u00e9geuse. Apr\u00e8s trois jours de comp\u00e9tition, les derniers kilom\u00e8tres pourraient encore faire basculer la course.", "start_date": "2026-08-31T19:07:00+00:00", "title": "22e sp\u00e9ciale : Powerstage"}, {"desc": "Apr\u00e8s la Grande-Bretagne et Silverstone, direction le circuit Motorland Aragon pour une nouvelle manche du championnat du monde Moto GP. Raul Fernandez s'est impos\u00e9 en Angleterre, va-t-il doubler la mise en Espagne ? Au classement g\u00e9n\u00e9ral, Jorge Martin est toujours largement en t\u00eate, devant Marco Bezzecchi.", "start_date": "2026-08-31T20:41:00+00:00", "title": "La course des Moto GP"}, {"desc": "Retrouvez le podium des diff\u00e9rentes cat\u00e9gories de Moto avec la remise du troph\u00e9e, le champagne et les interviews des pilotes.", "start_date": "2026-08-31T21:30:00+00:00", "title": "Moto : Le podium"}, {"desc": "Les journalistes et experts de la cha\u00eene analysent et d\u00e9cryptent le dernier Grand Prix, avec un retour en images et en statistiques sur les moments d\u00e9terminants de la course, et bien s\u00fbr les premi\u00e8res impressions des pilotes victorieux.", "start_date": "2026-08-31T21:47:00+00:00", "title": "D\u00e9brief Moto"}, {"desc": "Le Zapsport 360 permet de retrouver toutes les images marquantes du sport des derniers jours, dans un format dynamique : r\u00e9sultats, comp\u00e9titions du moment et s\u00e9quences spectaculaires sont au rendez-vous.", "start_date": "2026-08-31T22:26:00+00:00", "title": "Zapsport 360"}, {"desc": "Tour du monde en bref et en images des derni\u00e8res actualit\u00e9s importantes tous sports confondus dans le JT d'Infosport+.", "start_date": "2026-08-31T22:30:00+00:00", "title": "Le JT"}, {"desc": "Retour sur les meilleurs moments de l'\u00e9tape de Pau de l'In Extenso Supersevens. Pendant deux jours, le Stade du Hameau a accueilli les formations masculines et f\u00e9minines pour un rendez-vous plac\u00e9 sous le signe de la vitesse et du spectacle. Essais, gestes d\u00e9cisifs, retournements de situation et matches \u00e0 suspense, toutes les s\u00e9quences marquantes de cette deuxi\u00e8me \u00e9tape estivale sont au programme a", "start_date": "2026-08-31T23:00:00+00:00", "title": "Etape de Pau. Les meilleurs moments"}, {"desc": "Retour sur les plus grands moments du dernier tournoi du circuit Premier Padel, qui voit s'affronter les meilleurs joueurs et joueuses du monde. Le magazine passe en revue les r\u00e9sultats, tant dans les \u00e9preuves masculines que f\u00e9minines, et pr\u00e9sente les derniers classements en date. Soir de padel fait aussi le point sur les joueurs et les joueuses qui marquent le circuit de leur empreinte.", "start_date": "2026-09-01T01:01:00+00:00", "title": "Soir de padel"}, {"desc": "Fermeture de l'antenne \u00e0 la fin des diffusions de la journ\u00e9e.", "start_date": "2026-09-01T02:01:00+00:00", "title": "Fin des programmes"}, {"desc": "Tous les matins de 6h \u00e0 10h, Arthur Darrouzes vous emm\u00e8ne dans un tour du monde complet de l'actualit\u00e9 sportive. Sports collectifs ou individuels, en France ou \u00e0 l'\u00e9tranger, tous les faits marquants d\u00e9velopp\u00e9s et analys\u00e9s par les journalistes et chroniqueurs du groupe !", "start_date": "2026-09-01T04:00:00+00:00", "title": "La matinale"}, {"desc": "Quel pilote s'imposera dans ce Rallye du Paraguay \u00e0 l'issue de cette 22e sp\u00e9ciale disput\u00e9e \u00e0 Encarnaci\u00f3n ? Longue de 10,26 km, cette ultime Power Stage doit livrer le verdict d'une \u00e9preuve intense et pi\u00e9geuse. Apr\u00e8s trois jours de comp\u00e9tition, les derniers kilom\u00e8tres pourraient encore faire basculer la course.", "start_date": "2026-09-01T06:00:00+00:00", "title": "22e sp\u00e9ciale : Powerstage"}, {"desc": "Un montage des plus belles images du dernier Grand Prix de F1 gr\u00e2ce notamment \u00e0 des cam\u00e9ras embarqu\u00e9es dans les voitures des pilotes. Des interviews et des analyses des journalistes et consultants enrichissent ce magazine.", "start_date": "2026-09-01T07:30:00+00:00", "title": "On Board F1"}, {"desc": "Formula One, le mag pr\u00e9sente les actualit\u00e9s de la Formule 1. Derniers r\u00e9sultats, prochaines courses, interviews des pilotes, analyses des r\u00e9sultats avec l'\u00e9quipe des experts de la cha\u00eene, tout est \u00e0 d\u00e9couvrir dans Formula One, le mag.", "start_date": "2026-09-01T08:01:00+00:00", "title": "Formula One, le mag"}, {"desc": "Apr\u00e8s la Grande-Bretagne et Silverstone, direction le circuit Motorland Aragon pour une nouvelle manche du championnat du monde Moto GP. Raul Fernandez s'est impos\u00e9 en Angleterre, va-t-il doubler la mise en Espagne ? Au classement g\u00e9n\u00e9ral, Jorge Martin est toujours largement en t\u00eate, devant Marco Bezzecchi.", "start_date": "2026-09-01T08:30:00+00:00", "title": "La course des Moto GP"}, {"desc": "Retrouvez le podium des diff\u00e9rentes cat\u00e9gories de Moto avec la remise du troph\u00e9e, le champagne et les interviews des pilotes.", "start_date": "2026-09-01T09:19:00+00:00", "title": "Moto : Le podium"}, {"desc": "Les journalistes et experts de la cha\u00eene analysent et d\u00e9cryptent le dernier Grand Prix, avec un retour en images et en statistiques sur les moments d\u00e9terminants de la course, et bien s\u00fbr les premi\u00e8res impressions des pilotes victorieux.", "start_date": "2026-09-01T09:35:00+00:00", "title": "D\u00e9brief Moto"}, {"desc": "Tour du monde en bref et en images des derni\u00e8res actualit\u00e9s importantes tous sports confondus dans le JT d'Infosport+.", "start_date": "2026-09-01T10:15:00+00:00", "title": "Le JT"}, {"desc": "Quel pilote s'imposera dans ce Rallye du Paraguay \u00e0 l'issue de cette 22e sp\u00e9ciale disput\u00e9e \u00e0 Encarnaci\u00f3n ? Longue de 10,26 km, cette ultime Power Stage doit livrer le verdict d'une \u00e9preuve intense et pi\u00e9geuse. Apr\u00e8s trois jours de comp\u00e9tition, les derniers kilom\u00e8tres pourraient encore faire basculer la course.", "start_date": "2026-09-01T11:00:00+00:00", "title": "22e sp\u00e9ciale : Powerstage"}, {"desc": "Faisant partie du calendrier ERC depuis 2004, le Barum Czech Rally Zlin est bas\u00e9 dans la ville universitaire de Moravie du Sud, \u00e0 300 kilom\u00e8tres au sud de la capitale tch\u00e8que, Prague. Revivez la victoire, d'Adam Brezik, le 16 ao\u00fbt dernier, qui s'est impos\u00e9 au terme d'une \u00e9preuve tr\u00e8s disput\u00e9e, au volant de sa Skoda Fabia RS Rally2.", "start_date": "2026-09-01T12:31:00+00:00", "title": "Les temps forts"}, {"desc": "Retour sur les plus grands moments du dernier tournoi du circuit Premier Padel, qui voit s'affronter les meilleurs joueurs et joueuses du monde. Le magazine passe en revue les r\u00e9sultats, tant dans les \u00e9preuves masculines que f\u00e9minines, et pr\u00e9sente les derniers classements en date. Soir de padel fait aussi le point sur les joueurs et les joueuses qui marquent le circuit de leur empreinte.", "start_date": "2026-09-01T12:58:00+00:00", "title": "Soir de padel"}, {"desc": "Tour du monde en bref et en images des derni\u00e8res actualit\u00e9s importantes tous sports confondus dans le JT d'Infosport+.", "start_date": "2026-09-01T14:00:00+00:00", "title": "Le JT"}, {"desc": "Diffusion du Grand Prix d'Aragon, une course disput\u00e9e dans le cadre du championnat du monde de moto 2. Le circuit du Motorland accueille chaque ann\u00e9e les coureurs sur les 5,344 km de piste, qui s'y d\u00e9placent avec pour objectif la victoire et le maximum de points en vue du titre supr\u00eame.", "start_date": "2026-09-01T14:30:00+00:00", "title": "La course des Moto 2"}, {"desc": "La Formule 1\u00ae, ce n\u2019est pas seulement une course. C\u2019est une histoire qui s\u2019\u00e9crit avant m\u00eame que les voitures ne prennent la piste. Une \u00e9pop\u00e9e racont\u00e9e depuis 2013 et l\u2019arriv\u00e9e de la F1 sur Canal+ par le service des Bandes Annonces, d\u00e9sormais reconnu de tout le paddock gr\u00e2ce \u00e0 ses concepts innovants et ses id\u00e9es uniques. Au rythme des saisons, des batailles en piste et autres exploits historiques, ", "start_date": "2026-09-01T15:29:00+00:00", "title": "Formule 1 : La fabrique des r\u00eaves"}, {"desc": "Le tour de l'actualit\u00e9 sportive \u00e0 360\u00b0 dans ce Club 360 o\u00f9 les derni\u00e8res informations du moment sont analys\u00e9es et d\u00e9crypt\u00e9es.", "start_date": "2026-09-01T16:00:00+00:00", "title": "Club 360"}, {"desc": "Les grands directs sont en conditions r\u00e9elles pour les \u00e9v\u00e9nements sportifs premium comme le football ou le basketball, avec des commentaires et les derni\u00e8res informations.", "start_date": "2026-09-01T17:00:00+00:00", "title": "Les grands directs"}, {"desc": "Fast Life suit Margot Laffite, figure incontournable du sport automobile fran\u00e7ais, dans une immersion intime et dynamique au coeur de son univers : la vitesse, la transmission et la passion. Le documentaire retrace son parcours depuis son enfance dans l'ombre des circuits, marqu\u00e9e par la pr\u00e9sence de son p\u00e8re, Jacques Laffite, pilote de F1. On y d\u00e9couvre comment elle a d\u00fb se construire une identit\u00e9", "start_date": "2026-09-01T18:30:00+00:00", "title": "Fast Life Margot Laffite"}, {"desc": "Le Zapsport 360 permet de retrouver toutes les images marquantes du sport des derniers jours, dans un format dynamique : r\u00e9sultats, comp\u00e9titions du moment et s\u00e9quences spectaculaires sont au rendez-vous.", "start_date": "2026-09-01T18:58:00+00:00", "title": "Zapsport 360"}, {"desc": "Apr\u00e8s le retour victorieux de Lando Norris (McLaren) en Hongrie, les pilotes ont rendez-vous aux Pays-Bas, pour le Grand Prix disput\u00e9 sur le circuit de Zandvoort. Une \u00e9preuve remport\u00e9e, l'an dernier, par l'Australien Oscar Piastri (McLaren). Cette saison, Piastri n'occupe que la 7e place du classement des pilotes, domin\u00e9 par le jeune Italien Kimi Antonelli (Mercedes).", "start_date": "2026-09-01T19:07:00+00:00", "title": "La course"}, {"desc": "Les hymnes, la remise des troph\u00e9es aux pilotes ayant termin\u00e9 aux trois premi\u00e8res places, le traditionnel champagne qui coule \u00e0 flots : toute la c\u00e9r\u00e9monie du podium du Grand Prix de Formule 1 du jour \u00e0 suivre avec les \u00e9quipes de Canal+ !", "start_date": "2026-09-01T20:58:00+00:00", "title": "Le podium"}, {"desc": "Formula One, le mag pr\u00e9sente les actualit\u00e9s de la Formule 1. Derniers r\u00e9sultats, prochaines courses, interviews des pilotes, analyses des r\u00e9sultats avec l'\u00e9quipe des experts de la cha\u00eene, tout est \u00e0 d\u00e9couvrir dans Formula One, le mag.", "start_date": "2026-09-01T21:18:00+00:00", "title": "Formula One, le mag"}, {"desc": "G\u00fcnther Steiner, ex figure de la F1, est le nouveau patron de Tech3, qui aligne Bastianini et Vinales en Moto GP. Team G\u00fcnther suit les coulisses de cette association inattendue.", "start_date": "2026-09-01T21:50:00+00:00", "title": "Team G\u00fcnther"}, {"desc": "Tour du monde en bref et en images des derni\u00e8res actualit\u00e9s importantes tous sports confondus dans le JT d'Infosport+.", "start_date": "2026-09-01T22:15:00+00:00", "title": "Le JT"}, {"desc": "Le Sail Grand Prix d'Allemagne se d\u00e9roule les 22 et 23 ao\u00fbt sur la mer Baltique, \u00e0 Sassnitz. Cette \u00e9tape majeure du calendrier r\u00e9unit les meilleures \u00e9quipes mondiales de F50.", "start_date": "2026-09-01T23:00:00+00:00", "title": "1er jour"}], "offset": "+00:00", "timezone": "UTC", "error_code": -1, "start_date": "2026-08-31", "icon": ""}