{"end_date": "2026-09-01", "name": "CANAL+DOCS", "info_url": "https://epg.pw/channels/557551/20260831.html", "country": "France", "description": null, "error_message": "", "provider": "", "source_url": "https://epg.pw/api/epg.json?channel_id=557551&date=20260831&timezone=None", "epg_list": [{"desc": "Fermeture de l'antenne \u00e0 la fin des diffusions de la journ\u00e9e.", "start_date": "2026-08-31T00:41:00+00:00", "title": "Fin des programmes"}, {"desc": "Depuis toujours, l\u2019Homme cherche \u00e0 gagner du temps. Nous passons une bonne partie de notre existence et de notre \u00e9nergie \u00e0 trouver des moyens d\u2019aller plus vite, \u00e0 inventer des objets qui nous permettent de gagner quelques minutes, voire quelques secondes. Mais ces objets que nous avons invent\u00e9s nous font-ils r\u00e9ellement gagner du temps? Nous rendent-ils vraiment la vie plus facile? Est-ce m\u00eame scie", "start_date": "2026-08-31T05:24:00+00:00", "title": "Plus vite !"}, {"desc": "Dan Wheldon, double champion de l'Indy 500, est d\u00e9c\u00e9d\u00e9 en octobre 2011 dans l'un des pires accidents de l'histoire de l'Indycar. Dix ans plus tard, les deux fils de Dan, Sebastian et Oliver, suivent les traces de leur p\u00e8re et tentent de surmonter la douleur de leur perte de la seule mani\u00e8re qu'ils connaissent : en prenant le volant pour faire de la course \u00e0 leur tour. Coup de projecteur sur leur h", "start_date": "2026-08-31T06:13:00+00:00", "title": "Coeurs de lions"}, {"desc": "R\u00e9cits anciens, t\u00e9moignages d'historiens et techniques scientifiques r\u00e9centes retracent le d\u00e9roulement de quelques-unes des plus grandes batailles qui ont marqu\u00e9 le cours de l'Histoire. Ces op\u00e9rations, impliquant parfois des civilisations puissantes, sont \u00e9voqu\u00e9es heure par heure.", "start_date": "2026-08-31T08:01:00+00:00", "title": "Batailles de l\u00e9gende"}, {"desc": "R\u00e9cits anciens, t\u00e9moignages d'historiens et techniques scientifiques r\u00e9centes retracent le d\u00e9roulement de quelques-unes des plus grandes batailles qui ont marqu\u00e9 le cours de l'Histoire. Ces op\u00e9rations, impliquant parfois des civilisations puissantes, sont \u00e9voqu\u00e9es heure par heure.", "start_date": "2026-08-31T08:47:00+00:00", "title": "Batailles de l\u00e9gende"}, {"desc": "Marque iconique des ann\u00e9es 1980 aux tenues rutilantes et sexy, la maison Mugler a \u00e9t\u00e9 fond\u00e9e en 1974 par le grand couturier et artiste visionnaire Thierry Mugler. Directeur artistique depuis 2017, l'Am\u00e9ricain Casey Cadwallader poursuit l'oeuvre de son fondateur en conservant le m\u00eame esprit.", "start_date": "2026-08-31T09:31:00+00:00", "title": "Inside the Dream - Dans les pas de Thierry Mugler"}, {"desc": "Laure Boulleau retourne en Arabie, pour la seconde fois, \u00e0 la rencontre de jeunes footballeuses. Cette fois-ci, elle invite Jean Imbert \u00e0 la rejoindre. Durant ce voyage, ils vivront des aventures sportives, exploreront de nouvelles saveurs et d\u00e9couvriront les cultures locales.", "start_date": "2026-08-31T10:37:00+00:00", "title": "Aventures d'Arabie"}, {"desc": "N\u00e9e sans jambes et abandonn\u00e9e par ses parents, Jen Bricker grandit au sein de sa famille adoptive. Elle idol\u00e2tre Dominique Moceanu, une c\u00e9l\u00e8bre gymnaste am\u00e9ricaine lui ressemblant beaucoup. M\u00e9daill\u00e9e d'or aux Jeux olympiques d'Atlanta en 1996, la championne est l'une des premi\u00e8res \u00e0 d\u00e9noncer les abus sexuels commis sur les gymnastes. A son tour, Jen devient une acrobate de renomm\u00e9e mondiale. Elle ", "start_date": "2026-08-31T11:33:00+00:00", "title": "\"Elle me ressemble\""}, {"desc": "De de Gaulle \u00e0 Fran\u00e7ois Hollande, les pr\u00e9sidents de la Ve R\u00e9publique ont tous men\u00e9 des guerres secr\u00e8tes et des op\u00e9rations cibl\u00e9es contre des ennemis de la France.", "start_date": "2026-08-31T13:07:00+00:00", "title": "Les tueurs de la R\u00e9publique"}, {"desc": "De de Gaulle \u00e0 Fran\u00e7ois Hollande, les pr\u00e9sidents de la Ve R\u00e9publique ont tous men\u00e9 des guerres secr\u00e8tes et des op\u00e9rations cibl\u00e9es contre des ennemis de la France.", "start_date": "2026-08-31T14:02:00+00:00", "title": "Les tueurs de la R\u00e9publique"}, {"desc": "May Pang, l'assistante personnelle de John Lennon et de Yoko Ono, \u00e9voque sa relation intime durant 18 mois avec l'ex-Beatle. La jeune femme, alors \u00e2g\u00e9e de 22 ans, vivait un premier amour inoubliable avec une l\u00e9gende la musique. Cette liaison d\u00e9cid\u00e9e par Yoko elle-m\u00eame aura permis au musicien de retisser des liens avec son fils Julian et contribu\u00e9 \u00e0 la sortie d'albums iconiques comme Mind Games ou ", "start_date": "2026-08-31T15:00:00+00:00", "title": "John Lennon : L'amour interdit"}, {"desc": "Tracy Raquel Berns a \u00e9t\u00e9 tenue pour responsable de la mort accidentelle de son petit fr\u00e8re survenue alors qu'elle n'avait que 2 ans et \u00e9tait rong\u00e9e par la culpabilit\u00e9 et les questions sans r\u00e9ponse. D\u00e9termin\u00e9e \u00e0 d\u00e9couvrir la v\u00e9rit\u00e9, son enqu\u00eate la conduit \u00e0 des r\u00e9v\u00e9lations choquantes et \u00e0 des liens avec d'autres d\u00e9c\u00e8s myst\u00e9rieux. Une enqu\u00eate circonstanci\u00e9e permet de d\u00e9signer les v\u00e9ritables coupable", "start_date": "2026-08-31T16:39:00+00:00", "title": "Coupable \u00e0 2 ans ?"}, {"desc": "Tracy Raquel Berns a \u00e9t\u00e9 tenue pour responsable de la mort accidentelle de son petit fr\u00e8re survenue alors qu'elle n'avait que 2 ans et \u00e9tait rong\u00e9e par la culpabilit\u00e9 et les questions sans r\u00e9ponse. D\u00e9termin\u00e9e \u00e0 d\u00e9couvrir la v\u00e9rit\u00e9, son enqu\u00eate la conduit \u00e0 des r\u00e9v\u00e9lations choquantes et \u00e0 des liens avec d'autres d\u00e9c\u00e8s myst\u00e9rieux. Une enqu\u00eate circonstanci\u00e9e permet de d\u00e9signer les v\u00e9ritables coupable", "start_date": "2026-08-31T17:25:00+00:00", "title": "Coupable \u00e0 2 ans ?"}, {"desc": "Tracy Raquel Berns a \u00e9t\u00e9 tenue pour responsable de la mort accidentelle de son petit fr\u00e8re survenue alors qu'elle n'avait que 2 ans et \u00e9tait rong\u00e9e par la culpabilit\u00e9 et les questions sans r\u00e9ponse. D\u00e9termin\u00e9e \u00e0 d\u00e9couvrir la v\u00e9rit\u00e9, son enqu\u00eate la conduit \u00e0 des r\u00e9v\u00e9lations choquantes et \u00e0 des liens avec d'autres d\u00e9c\u00e8s myst\u00e9rieux. Une enqu\u00eate circonstanci\u00e9e permet de d\u00e9signer les v\u00e9ritables coupable", "start_date": "2026-08-31T18:12:00+00:00", "title": "Coupable \u00e0 2 ans ?"}, {"desc": "Si G\u00e9raldine Nakache a pu percer dans le cin\u00e9ma et faire des films, c'est notamment gr\u00e2ce au combat de f\u00e9ministes comme Gis\u00e8le Halimi, grande avocate, qui ont lutt\u00e9 pour les droits des femmes. Pour construire une carri\u00e8re \u00e0 la hauteur de leurs ambitions, les deux femmes ont d\u00fb beaucoup travailler. Une rencontre des proches de l'avocate et des images d'archives permettent \u00e0 G\u00e9raldine de retracer so", "start_date": "2026-08-31T19:00:00+00:00", "title": "Elle parle d'Elle"}, {"desc": "L'actrice Diane Kruger \u00e9voque l'ic\u00f4ne du cin\u00e9ma Romy Schneider. De leurs origines allemandes \u00e0 leur carri\u00e8re de com\u00e9dienne, en passant par l'amour de la France, les deux femmes ont de nombreux points communs. Les films tourn\u00e9s \u00e0 Paris de Romy Schneider lui donnent envie de se lancer dans le cin\u00e9ma.", "start_date": "2026-08-31T19:52:00+00:00", "title": "Elle parle d'Elle"}, {"desc": "Mossi Traor\u00e9 est un cr\u00e9ateur au destin hors du commun. Issu d'une cit\u00e9 sensible, il a r\u00e9ussi \u00e0 se hisser jusqu'aux podiums de la Fashion Week parisienne. Sa d\u00e9termination, son talent et son art de la  d\u00e9brouille  en font un artiste unique qui bouillonne d'id\u00e9es. Ce passionn\u00e9 d'art ne s'interdit aucun projet, le dernier en date : faire porter l'une de ses robes haute couture \u00e0 la star plan\u00e9taire de", "start_date": "2026-08-31T20:48:00+00:00", "title": "En mode Mossi"}, {"desc": "Des jeunes, \u00e2g\u00e9s de 18 \u00e0 22 ans, dont certain.e.s seront les publicitaires de demain, \u00e9changent avec Jacques S\u00e9gu\u00e9la, figure embl\u00e9matique de la publicit\u00e9 fran\u00e7aise et s'expriment sur leur vision de ce secteur aujourd'hui. Quel regard porte cette g\u00e9n\u00e9ration sur les grandes campagnes et les spots marquants con\u00e7us par Jacques S\u00e9gu\u00e9la ces cinquante derni\u00e8res ann\u00e9es ?", "start_date": "2026-08-31T22:04:00+00:00", "title": "S\u00e9gu\u00e9la, une page de pub"}, {"desc": "L'affaire Samuel Paty a boulevers\u00e9 la France en 2020. Ce professeur fut victime d'un attentat apr\u00e8s avoir montr\u00e9 des caricatures controvers\u00e9es en classe. Une campagne diffamatoire en ligne, aliment\u00e9e par les mensonges d'une \u00e9l\u00e8ve, a pr\u00e9cipit\u00e9 sa fin tragique. Le film suit l'enqu\u00eate de sa soeur Micka\u00eblle, d\u00e9termin\u00e9e \u00e0 faire la lumi\u00e8re sur ce drame et \u00e0 d\u00e9fendre la la\u00efcit\u00e9 dans l'enseignement.", "start_date": "2026-08-31T22:57:00+00:00", "title": "Au nom de mon fr\u00e8re : les derniers jours de Samuel Paty"}, {"desc": "Fermeture de l'antenne \u00e0 la fin des diffusions de la journ\u00e9e.", "start_date": "2026-09-01T00:15:00+00:00", "title": "Fin des programmes"}, {"desc": "Depuis toujours, l\u2019Homme cherche \u00e0 gagner du temps. Nous passons une bonne partie de notre existence et de notre \u00e9nergie \u00e0 trouver des moyens d\u2019aller plus vite, \u00e0 inventer des objets qui nous permettent de gagner quelques minutes, voire quelques secondes. Mais ces objets que nous avons invent\u00e9s nous font-ils r\u00e9ellement gagner du temps? Nous rendent-ils vraiment la vie plus facile? Est-ce m\u00eame scie", "start_date": "2026-09-01T05:31:00+00:00", "title": "Plus vite !"}, {"desc": "En 1987, \u00e0 Williamsburg, en Virginie, alors qu'il n'\u00e9tait qu'un jeune \u00e9tudiant, la soeur alors \u00e2g\u00e9e de 15 ans de Stephen Pandos a disparu, ne laissant que quelques mots. Plus de trente ans apr\u00e8s, l'homme entame des recherches, en qu\u00eate de v\u00e9rit\u00e9, et persuad\u00e9 que ses propres parents sont impliqu\u00e9s dans la disparition de Jennifer.", "start_date": "2026-09-01T06:20:00+00:00", "title": "Pour ma soeur : L'affaire Jennifer Pandos"}, {"desc": "En 1987, \u00e0 Williamsburg, en Virginie, alors qu'il n'\u00e9tait qu'un jeune \u00e9tudiant, la soeur alors \u00e2g\u00e9e de 15 ans de Stephen Pandos a disparu, ne laissant que quelques mots. Plus de trente ans apr\u00e8s, l'homme entame des recherches, en qu\u00eate de v\u00e9rit\u00e9, et persuad\u00e9 que ses propres parents sont impliqu\u00e9s dans la disparition de Jennifer.", "start_date": "2026-09-01T07:18:00+00:00", "title": "Pour ma soeur : L'affaire Jennifer Pandos"}, {"desc": "R\u00e9cits anciens, t\u00e9moignages d'historiens et techniques scientifiques r\u00e9centes retracent le d\u00e9roulement de quelques-unes des plus grandes batailles qui ont marqu\u00e9 le cours de l'Histoire. Ces op\u00e9rations, impliquant parfois des civilisations puissantes, sont \u00e9voqu\u00e9es heure par heure.", "start_date": "2026-09-01T08:19:00+00:00", "title": "Batailles de l\u00e9gende"}, {"desc": "R\u00e9cits anciens, t\u00e9moignages d'historiens et techniques scientifiques r\u00e9centes retracent le d\u00e9roulement de quelques-unes des plus grandes batailles qui ont marqu\u00e9 le cours de l'Histoire. Ces op\u00e9rations, impliquant parfois des civilisations puissantes, sont \u00e9voqu\u00e9es heure par heure.", "start_date": "2026-09-01T09:04:00+00:00", "title": "Batailles de l\u00e9gende"}, {"desc": "L'interpr\u00e9tation inimitable par Roger Moore du c\u00e9l\u00e8bre espion britannique est l'une des plus appr\u00e9ci\u00e9es du r\u00f4le. Le Bond de Moore a marqu\u00e9 une \u00e9poque et repr\u00e9sent\u00e9 une nouvelle forme de masculinit\u00e9, dr\u00f4le, \u00e9l\u00e9gante et m\u00eame un brin excentrique. Des anecdotes et des archives in\u00e9dites r\u00e9v\u00e8lent enfin le vrai Roger Moore.", "start_date": "2026-09-01T09:54:00+00:00", "title": "Mon nom est Moore, Roger Moore"}, {"desc": "Deux champions de BMX, l'une originaire des Etats-Unis, et l'autre d'Australie, tombent amoureux et se lancent \u00e0 l'assaut du monde. Un accident d'entra\u00eenement va bouleverser leur vie. Sam devenu t\u00e9trapl\u00e9gique, fait une d\u00e9pression, et Alise perd le go\u00fbt de la comp\u00e9tition. Ensemble, ils s'\u00e9paulent et s'aident dans l'espoir de redevenir champions du monde. Ce film raconte l'histoire touchante et la c", "start_date": "2026-09-01T11:26:00+00:00", "title": "Ride : pour l'amour du BMX"}, {"desc": "La pilote allemande Sophia Fl\u00f6rsch r\u00eave de F1 depuis son enfance. En 2016, elle est devenue la premi\u00e8re femme \u00e0 marquer des points en Formule 4. En 2018, elle a fr\u00f4l\u00e9 la mort dans un terrible accident lors du Grand Prix F3 de Macao. Ce documentaire retrace son combat pour revenir sur les circuits dans un monde centr\u00e9 sur les hommes.", "start_date": "2026-09-01T13:01:00+00:00", "title": "#Racegirl - Le destin de Sophia"}, {"desc": "Lors des Jeux Olympiques d'hiver de 1994 en Norv\u00e8ge, Le Cri, l'un des plus c\u00e9l\u00e8bres tableaux d'Edvard Munch, a \u00e9t\u00e9 d\u00e9rob\u00e9. Apr\u00e8s d'actives recherches men\u00e9es par les autorit\u00e9s norv\u00e9giennes, les m\u00e9dias internationaux et l'unit\u00e9 de Scotland Yard consacr\u00e9e aux vols d'oeuvres d'art, l'auteur du vol est arr\u00eat\u00e9. Il s'agit de P\u00e5l Enger, un ancien footballeur professionnel. Pourquoi s'est-il empar\u00e9 de ce t", "start_date": "2026-09-01T14:38:00+00:00", "title": "Braquage nordique - L'homme qui a vol\u00e9 Le Cri"}, {"desc": "Mossi Traor\u00e9 est un cr\u00e9ateur au destin hors du commun. Issu d'une cit\u00e9 sensible, il a r\u00e9ussi \u00e0 se hisser jusqu'aux podiums de la Fashion Week parisienne. Sa d\u00e9termination, son talent et son art de la  d\u00e9brouille  en font un artiste unique qui bouillonne d'id\u00e9es. Ce passionn\u00e9 d'art ne s'interdit aucun projet, le dernier en date : faire porter l'une de ses robes haute couture \u00e0 la star plan\u00e9taire de", "start_date": "2026-09-01T16:13:00+00:00", "title": "En mode Mossi"}, {"desc": "En 1981, l'un des tueurs en s\u00e9rie les plus cruels des Etats-Unis a plaid\u00e9 coupable pour les meurtres de cinq prostitu\u00e9es. Un policier l'interroge au sujet de crimes non \u00e9lucid\u00e9s.", "start_date": "2026-09-01T17:31:00+00:00", "title": "Torso Killer : Confessions"}, {"desc": "En 1981, l'un des tueurs en s\u00e9rie les plus cruels des Etats-Unis a plaid\u00e9 coupable pour les meurtres de cinq prostitu\u00e9es. Un policier l'interroge au sujet de crimes non \u00e9lucid\u00e9s.", "start_date": "2026-09-01T18:18:00+00:00", "title": "Torso Killer : Confessions"}, {"desc": "En f\u00e9vrier 2005, Rafic Hariri, l'ancien Premier ministre libanais, est assassin\u00e9 \u00e0 Beyrouth dans un attentat \u00e0 la voiture pi\u00e9g\u00e9e. Le meurtre du milliardaire, qui avait permis la reconstruction du Liban apr\u00e8s quinze ann\u00e9es de guerre civile, provoque une onde de choc au Moyen-Orient. Retour sur cet attentat qui a tu\u00e9 22 personnes et bless\u00e9 226 autres.", "start_date": "2026-09-01T19:00:00+00:00", "title": "Conspiration, assassinat \u00e0 Beyrouth"}, {"desc": "En 1425, Jeanne d'Arc, issue d'une famille pieuse de Lorraine, voit son village de Domr\u00e9my encercl\u00e9 par les ennemis anglais et germaniques. S'inqui\u00e9tant du sort de la France, la paysanne dit avoir entendu les voix soudaines de trois saints qui lui ont dict\u00e9 des missions salvatrices pour le royaume.", "start_date": "2026-09-01T20:44:00+00:00", "title": "Jeanne d'Arc, femme, guerri\u00e8re, sainte"}, {"desc": "En 1425, Jeanne d'Arc, issue d'une famille pieuse de Lorraine, voit son village de Domr\u00e9my encercl\u00e9 par les ennemis anglais et germaniques. S'inqui\u00e9tant du sort de la France, la paysanne dit avoir entendu les voix soudaines de trois saints qui lui ont dict\u00e9 des missions salvatrices pour le royaume.", "start_date": "2026-09-01T21:35:00+00:00", "title": "Jeanne d'Arc, femme, guerri\u00e8re, sainte"}, {"desc": "Joe Pyfer a d\u00e9but\u00e9 la pratique du jiu jitsu d\u00e8s l'\u00e2ge de 4 ans. Il vit une enfance difficile et s'enfuit du domicile familial \u00e0 16 ans. Son entra\u00eeneur de lutte au lyc\u00e9e l'accueille alors chez lui et Joe continue \u00e0 s'entra\u00eener pour devenir un combattant professionnel. Apr\u00e8s une terrible blessure au bras, il retourne au combat et parvient enfin \u00e0 r\u00e9aliser son r\u00eave d'entrer \u00e0 l'UFC, la plus grande li", "start_date": "2026-09-01T22:31:00+00:00", "title": "Joe Pyfer : Combattre et rena\u00eetre"}, {"desc": "La jeune cheffe Alexia Duch\u00eane parcourt le monde \u00e0 la rencontre de producteurs d'excellence, mara\u00eechers, \u00e9leveurs, p\u00eacheurs, exp\u00e9rimente de nouvelles recettes et r\u00e9invente, avec des produits durables, des plats embl\u00e9matiques de diff\u00e9rents pays. Elle ambitionne de tisser un lien entre la richesse des traditions culinaires et la r\u00e9alit\u00e9 contemporaine, celle du changement climatique, de la responsabi", "start_date": "2026-09-01T23:38:00+00:00", "title": "Alexia cuisine le monde"}], "offset": "+00:00", "timezone": "UTC", "error_code": -1, "start_date": "2026-08-31", "icon": ""}