{"end_date": "2026-09-05", "name": "TV Trwam [PL]", "info_url": "https://epg.pw/channels/548882/20260904.html", "country": "Russian Federation", "description": null, "error_message": "", "provider": "", "source_url": "https://epg.pw/api/epg.json?channel_id=548882&date=20260904&timezone=None", "epg_list": [{"desc": null, "start_date": "2026-09-04T00:25:00+00:00", "title": "Rodzinny Ogr\u00f3d Zoologiczny \u2013 W\u0119\u017ce i inne gady | E04"}, {"desc": null, "start_date": "2026-09-04T01:00:00+00:00", "title": "Informacje dnia"}, {"desc": null, "start_date": "2026-09-04T01:20:00+00:00", "title": "R\u00f3\u017caniec"}, {"desc": null, "start_date": "2026-09-04T01:50:00+00:00", "title": "Kartka z kalendarza \u2013 powstanie warszawskie \u2013 3 wrze\u015bnia 1944"}, {"desc": null, "start_date": "2026-09-04T02:00:00+00:00", "title": "Apel Jasnog\u00f3rski"}, {"desc": null, "start_date": "2026-09-04T02:20:00+00:00", "title": "Informacje dnia"}, {"desc": null, "start_date": "2026-09-04T02:40:00+00:00", "title": "Polski punkt widzenia"}, {"desc": null, "start_date": "2026-09-04T03:00:00+00:00", "title": "Przetrwali\u015bmy"}, {"desc": null, "start_date": "2026-09-04T03:30:00+00:00", "title": "Pozna\u0144 bez serca"}, {"desc": null, "start_date": "2026-09-04T04:00:00+00:00", "title": "Wsp\u00f3\u0142pracownicy Prawdy"}, {"desc": null, "start_date": "2026-09-04T05:55:00+00:00", "title": "Kartka z kalendarza \u2013 powstanie warszawskie \u2013 4 wrze\u015bnia 1944"}, {"desc": null, "start_date": "2026-09-04T06:00:00+00:00", "title": "Informacje dnia"}, {"desc": null, "start_date": "2026-09-04T06:15:00+00:00", "title": "Polski punkt widzenia"}, {"desc": null, "start_date": "2026-09-04T06:40:00+00:00", "title": "S\u0142owo \u017cycia \u2013 (\u0141k 5, 33-39) Nowo\u015b\u0107 nauki Jezusa"}, {"desc": null, "start_date": "2026-09-04T06:45:00+00:00", "title": "Je\u015bli ludzie me \u017cyczenie spe\u0142ni\u0105"}, {"desc": null, "start_date": "2026-09-04T07:10:00+00:00", "title": "Z w\u0119dk\u0105 nad wod\u0119 w Polsk\u0119 i \u015bwiat"}, {"desc": null, "start_date": "2026-09-04T07:35:00+00:00", "title": "\u015awi\u0119ty na ka\u017cdy dzie\u0144 \u2013 4 wrze\u015bnia, wspomnienie b\u0142. m\u0119czennic z Nowogr\u00f3dka s. Marii Stella i Towarzy"}, {"desc": null, "start_date": "2026-09-04T07:45:00+00:00", "title": "Jestem mam\u0105 \u2013 Patostreamy | E434"}, {"desc": null, "start_date": "2026-09-04T08:00:00+00:00", "title": "Informacje dnia"}, {"desc": null, "start_date": "2026-09-04T08:15:00+00:00", "title": "Wi\u0119zy krwi"}, {"desc": null, "start_date": "2026-09-04T09:25:00+00:00", "title": "Kartka z kalendarza \u2013 powstanie warszawskie \u2013 4 wrze\u015bnia 1944"}, {"desc": null, "start_date": "2026-09-04T09:35:00+00:00", "title": "Natura et Homo"}, {"desc": null, "start_date": "2026-09-04T10:00:00+00:00", "title": "Anio\u0142 Pa\u0144ski"}, {"desc": null, "start_date": "2026-09-04T10:03:00+00:00", "title": "Informacje dnia"}, {"desc": null, "start_date": "2026-09-04T10:20:00+00:00", "title": "G\u0142os serca \u2013 Nigdy nie m\u00f3w nigdy | S01E93"}, {"desc": null, "start_date": "2026-09-04T11:05:00+00:00", "title": "Wilamowice \u2013 Kult \u015bw. arcybiskupa J\u00f3zefa Bilczewskiego"}, {"desc": null, "start_date": "2026-09-04T11:30:00+00:00", "title": "Msza \u015bwi\u0119ta z Jasnej G\u00f3ry \u2013 Transmisja z kaplicy Cudownego Obrazu Matki Bo\u017cej Cz\u0119stochowskiej"}, {"desc": null, "start_date": "2026-09-04T12:20:00+00:00", "title": "Muzyczne chwile"}, {"desc": null, "start_date": "2026-09-04T12:30:00+00:00", "title": "Drzwi do lasu \u2013 Las gospodarczy | E29"}, {"desc": null, "start_date": "2026-09-04T12:55:00+00:00", "title": "S\u0142owo \u017cycia \u2013 (\u0141k 5, 33-39) Nowo\u015b\u0107 nauki Jezusa"}, {"desc": null, "start_date": "2026-09-04T13:00:00+00:00", "title": "Modlitwa w Godzinie Mi\u0142osierdzia Koronk\u0105 do Bo\u017cego Mi\u0142osierdzia"}, {"desc": null, "start_date": "2026-09-04T13:20:00+00:00", "title": "Mocni w wierze"}, {"desc": null, "start_date": "2026-09-04T13:50:00+00:00", "title": "Ma si\u0119 rozumie\u0107"}, {"desc": null, "start_date": "2026-09-04T14:00:00+00:00", "title": "Informacje dnia"}, {"desc": null, "start_date": "2026-09-04T14:10:00+00:00", "title": "Natura obiektywnie \u2013 W krainie pszcz\u00f3\u0142, cz\u0119\u015b\u0107 2"}, {"desc": null, "start_date": "2026-09-04T14:30:00+00:00", "title": "Mateczniki Polsko\u015bci \u2013 Muzeum Zofii Kossak-Szatkowskiej w G\u00f3rkach Wielkich | E21"}, {"desc": null, "start_date": "2026-09-04T14:40:00+00:00", "title": "Post Scriptum \u2013 Czy w wolnej Polsce powinni\u015bmy upami\u0119tnia\u0107 wrog\u00f3w naszej niepodleg\u0142o\u015bci \u2013 takich jak"}, {"desc": null, "start_date": "2026-09-04T15:10:00+00:00", "title": "Fatima, miejsce wybrane przez Maryj\u0119"}, {"desc": null, "start_date": "2026-09-04T15:25:00+00:00", "title": "Akademia pro-life"}, {"desc": null, "start_date": "2026-09-04T15:30:00+00:00", "title": "\u0141\u0105czy nas historia"}, {"desc": null, "start_date": "2026-09-04T15:55:00+00:00", "title": "Poczet wielkich Polak\u00f3w \u2013 Juliusz S\u0142owacki"}, {"desc": null, "start_date": "2026-09-04T16:00:00+00:00", "title": "Anio\u0142 Pa\u0144ski"}, {"desc": null, "start_date": "2026-09-04T16:05:00+00:00", "title": "Informacje dnia"}, {"desc": null, "start_date": "2026-09-04T16:15:00+00:00", "title": "Westerplatte m\u0142odych"}, {"desc": null, "start_date": "2026-09-04T17:00:00+00:00", "title": "Warto zauwa\u017cy\u0107\u2026 w mijaj\u0105cym tygodniu"}, {"desc": null, "start_date": "2026-09-04T17:30:00+00:00", "title": "Historie Starego Testamentu"}, {"desc": null, "start_date": "2026-09-04T17:45:00+00:00", "title": "Modlitwa z telefonicznym udzia\u0142em dzieci"}, {"desc": null, "start_date": "2026-09-04T18:00:00+00:00", "title": "Informacje dnia"}, {"desc": null, "start_date": "2026-09-04T18:20:00+00:00", "title": "R\u00f3\u017caniec"}, {"desc": null, "start_date": "2026-09-04T18:50:00+00:00", "title": "Kartka z kalendarza \u2013 powstanie warszawskie \u2013 4 wrze\u015bnia 1944"}, {"desc": null, "start_date": "2026-09-04T19:00:00+00:00", "title": "Apel Jasnog\u00f3rski"}, {"desc": null, "start_date": "2026-09-04T19:20:00+00:00", "title": "Informacje dnia"}, {"desc": null, "start_date": "2026-09-04T19:40:00+00:00", "title": "Polski punkt widzenia"}, {"desc": null, "start_date": "2026-09-04T20:00:00+00:00", "title": "Kto ratuje jedno \u017cycie"}, {"desc": null, "start_date": "2026-09-04T21:00:00+00:00", "title": "Przegl\u0105d katolickiego tygodnika"}, {"desc": null, "start_date": "2026-09-04T21:05:00+00:00", "title": "Sp\u0142yw zawierzenia"}, {"desc": null, "start_date": "2026-09-04T21:30:00+00:00", "title": "Rega\u0142 \u2013 Ksi\u0105dz Redaktor | E12"}, {"desc": null, "start_date": "2026-09-04T22:00:00+00:00", "title": "S\u0142owo \u017cycia \u2013 (\u0141k 5, 33-39) Nowo\u015b\u0107 nauki Jezusa"}, {"desc": null, "start_date": "2026-09-04T22:05:00+00:00", "title": "\u015awiat w obrazach"}, {"desc": null, "start_date": "2026-09-04T22:10:00+00:00", "title": "Informacje dnia"}, {"desc": null, "start_date": "2026-09-04T22:30:00+00:00", "title": "\u0141\u0105czy nas historia"}, {"desc": null, "start_date": "2026-09-04T22:55:00+00:00", "title": "Poczet wielkich Polak\u00f3w \u2013 Juliusz S\u0142owacki"}, {"desc": null, "start_date": "2026-09-04T23:00:00+00:00", "title": "Anio\u0142 Pa\u0144ski"}, {"desc": null, "start_date": "2026-09-04T23:05:00+00:00", "title": "Ma si\u0119 rozumie\u0107"}, {"desc": null, "start_date": "2026-09-04T23:15:00+00:00", "title": "Westerplatte m\u0142odych"}, {"desc": null, "start_date": "2026-09-04T23:55:00+00:00", "title": "\u015awi\u0119ty na ka\u017cdy dzie\u0144 \u2013 4 wrze\u015bnia, wspomnienie b\u0142. m\u0119czennic z Nowogr\u00f3dka s. Marii Stella i Towarzy"}, {"desc": null, "start_date": "2026-09-05T00:00:00+00:00", "title": "Warto zauwa\u017cy\u0107\u2026 w mijaj\u0105cym tygodniu"}, {"desc": null, "start_date": "2026-09-05T00:30:00+00:00", "title": "Historie Starego Testamentu"}, {"desc": null, "start_date": "2026-09-05T00:45:00+00:00", "title": "Modlitwa z telefonicznym udzia\u0142em dzieci"}, {"desc": null, "start_date": "2026-09-05T01:00:00+00:00", "title": "Informacje dnia"}, {"desc": null, "start_date": "2026-09-05T01:20:00+00:00", "title": "R\u00f3\u017caniec"}, {"desc": null, "start_date": "2026-09-05T01:50:00+00:00", "title": "Kartka z kalendarza \u2013 powstanie warszawskie \u2013 4 wrze\u015bnia 1944"}, {"desc": null, "start_date": "2026-09-05T02:00:00+00:00", "title": "Apel Jasnog\u00f3rski"}, {"desc": null, "start_date": "2026-09-05T02:20:00+00:00", "title": "Informacje dnia"}, {"desc": null, "start_date": "2026-09-05T02:40:00+00:00", "title": "Polski punkt widzenia"}, {"desc": null, "start_date": "2026-09-05T03:00:00+00:00", "title": "Natura obiektywnie \u2013 W krainie pszcz\u00f3\u0142, cz\u0119\u015b\u0107 2"}, {"desc": null, "start_date": "2026-09-05T03:25:00+00:00", "title": "Wyk\u0142ady naukowe"}, {"desc": null, "start_date": "2026-09-05T03:55:00+00:00", "title": "Muzyczne chwile"}, {"desc": null, "start_date": "2026-09-05T04:10:00+00:00", "title": "Wo\u0142y\u0144 \u2013 nierozliczone ludob\u00f3jstwo"}, {"desc": null, "start_date": "2026-09-05T05:25:00+00:00", "title": "S\u00f3l ziemi \u2013 Czepce igliczkowe"}, {"desc": null, "start_date": "2026-09-05T05:55:00+00:00", "title": "Kartka z kalendarza \u2013 powstanie warszawskie \u2013 5 wrze\u015bnia 1944"}, {"desc": null, "start_date": "2026-09-05T06:00:00+00:00", "title": "Informacje dnia"}, {"desc": null, "start_date": "2026-09-05T06:15:00+00:00", "title": "Westerplatte m\u0142odych"}, {"desc": null, "start_date": "2026-09-05T07:00:00+00:00", "title": "Kamienie wo\u0142a\u0107 b\u0119d\u0105"}, {"desc": null, "start_date": "2026-09-05T08:00:00+00:00", "title": "Informacje dnia"}, {"desc": null, "start_date": "2026-09-05T08:15:00+00:00", "title": "Retrospekcja \u2013 Konsument w \u015bwiatowym magazynie"}, {"desc": null, "start_date": "2026-09-05T08:20:00+00:00", "title": "Muzyczne chwile"}, {"desc": null, "start_date": "2026-09-05T08:35:00+00:00", "title": "S\u0142owo \u017cycia \u2013 (\u0141k 6, 1-5) Chrystus jest Panem szabatu"}, {"desc": null, "start_date": "2026-09-05T08:40:00+00:00", "title": "Polski punkt widzenia"}, {"desc": null, "start_date": "2026-09-05T09:00:00+00:00", "title": "Kropelka rado\u015bci"}, {"desc": null, "start_date": "2026-09-05T10:00:00+00:00", "title": "Anio\u0142 Pa\u0144ski"}, {"desc": null, "start_date": "2026-09-05T10:03:00+00:00", "title": "Informacje dnia"}, {"desc": null, "start_date": "2026-09-05T10:20:00+00:00", "title": "Warto zauwa\u017cy\u0107\u2026 w mijaj\u0105cym tygodniu"}, {"desc": null, "start_date": "2026-09-05T10:50:00+00:00", "title": "Natura obiektywnie \u2013 W krainie pszcz\u00f3\u0142, cz\u0119\u015b\u0107 2"}, {"desc": null, "start_date": "2026-09-05T11:20:00+00:00", "title": "Ocali\u0107 od zapomnienia \u2013 Janina Karpi\u0144ska cz.2 | E307"}, {"desc": null, "start_date": "2026-09-05T11:30:00+00:00", "title": "Msza \u015bwi\u0119ta z Jasnej G\u00f3ry \u2013 Transmisja z kaplicy Cudownego Obrazu Matki Bo\u017cej Cz\u0119stochowskiej"}, {"desc": null, "start_date": "2026-09-05T12:20:00+00:00", "title": "Muzyczne chwile"}, {"desc": null, "start_date": "2026-09-05T12:30:00+00:00", "title": "Przegl\u0105d katolickiego tygodnika"}, {"desc": null, "start_date": "2026-09-05T12:35:00+00:00", "title": "S\u0142owo \u017cycia \u2013 (\u0141k 6, 1-5) Chrystus jest Panem szabatu"}, {"desc": null, "start_date": "2026-09-05T12:40:00+00:00", "title": "\u015awi\u0119ty na ka\u017cdy dzie\u0144 \u2013 5 wrze\u015bnia, wspomnienie \u015bw. Matki Teresy z Kalkuty"}, {"desc": null, "start_date": "2026-09-05T12:45:00+00:00", "title": "Jak wygra\u0107 ma\u0142\u017ce\u0144stwo"}, {"desc": null, "start_date": "2026-09-05T13:00:00+00:00", "title": "Dzielna niewiasta"}, {"desc": null, "start_date": "2026-09-05T13:15:00+00:00", "title": "Mateczniki Polsko\u015bci \u2013 Muzeum Kres\u00f3w Wschodnich w W\u0119gli\u0144cu | E04"}, {"desc": null, "start_date": "2026-09-05T13:30:00+00:00", "title": "Wierz\u0119 w Boga"}, {"desc": null, "start_date": "2026-09-05T14:00:00+00:00", "title": "Informacje dnia"}, {"desc": null, "start_date": "2026-09-05T14:10:00+00:00", "title": "Historia PL \u2013 Bp Jan Olsza\u0144ski \u2013 pasterz i twierdza"}, {"desc": null, "start_date": "2026-09-05T15:00:00+00:00", "title": "R\u00f3\u017caniec na wodzie"}, {"desc": null, "start_date": "2026-09-05T15:30:00+00:00", "title": "Prze\u0142amuj\u0105c bariery"}, {"desc": null, "start_date": "2026-09-05T15:55:00+00:00", "title": "Poczet wielkich Polak\u00f3w \u2013 Gen. Stanis\u0142aw Rostworowski"}, {"desc": null, "start_date": "2026-09-05T16:00:00+00:00", "title": "Anio\u0142 Pa\u0144ski"}, {"desc": null, "start_date": "2026-09-05T16:05:00+00:00", "title": "Informacje dnia"}, {"desc": null, "start_date": "2026-09-05T16:15:00+00:00", "title": "W Naszej Rodzinie"}, {"desc": null, "start_date": "2026-09-05T17:25:00+00:00", "title": "\u015awi\u0119ty na ka\u017cdy dzie\u0144 \u2013 5 wrze\u015bnia, wspomnienie \u015bw. Matki Teresy z Kalkuty"}, {"desc": null, "start_date": "2026-09-05T17:30:00+00:00", "title": "Manna z Nieba"}, {"desc": null, "start_date": "2026-09-05T17:45:00+00:00", "title": "Modlitwa z telefonicznym udzia\u0142em dzieci"}, {"desc": null, "start_date": "2026-09-05T18:00:00+00:00", "title": "Informacje dnia"}, {"desc": null, "start_date": "2026-09-05T18:20:00+00:00", "title": "R\u00f3\u017caniec"}, {"desc": null, "start_date": "2026-09-05T18:50:00+00:00", "title": "Kartka z kalendarza \u2013 powstanie warszawskie \u2013 5 wrze\u015bnia 1944"}, {"desc": null, "start_date": "2026-09-05T19:00:00+00:00", "title": "Apel Jasnog\u00f3rski"}, {"desc": null, "start_date": "2026-09-05T19:20:00+00:00", "title": "Informacje dnia"}, {"desc": null, "start_date": "2026-09-05T19:40:00+00:00", "title": "Polski punkt widzenia"}, {"desc": null, "start_date": "2026-09-05T20:00:00+00:00", "title": "Warto by\u0107 ojcem"}, {"desc": null, "start_date": "2026-09-05T20:15:00+00:00", "title": "G\u0142os serca \u2013 Dym nad wod\u0105 | S01E94"}, {"desc": null, "start_date": "2026-09-05T21:00:00+00:00", "title": "Odpowiedzialni za Ko\u015bci\u00f3\u0142 \u2013 Maria Schutz, cz\u0119\u015b\u0107 2"}, {"desc": null, "start_date": "2026-09-05T21:30:00+00:00", "title": "Stanis\u0142aw Kulon \u2013 \u015bwiadek Sybiru"}, {"desc": null, "start_date": "2026-09-05T22:00:00+00:00", "title": "S\u0142owo \u017cycia \u2013 (\u0141k 6, 1-5) Chrystus jest Panem szabatu"}, {"desc": null, "start_date": "2026-09-05T22:05:00+00:00", "title": "\u015awiat w obrazach"}, {"desc": null, "start_date": "2026-09-05T22:10:00+00:00", "title": "Informacje dnia"}, {"desc": null, "start_date": "2026-09-05T22:30:00+00:00", "title": "Prze\u0142amuj\u0105c bariery"}, {"desc": null, "start_date": "2026-09-05T22:55:00+00:00", "title": "Poczet wielkich Polak\u00f3w \u2013 Gen. Stanis\u0142aw Rostworowski"}, {"desc": null, "start_date": "2026-09-05T23:00:00+00:00", "title": "Anio\u0142 Pa\u0144ski"}, {"desc": null, "start_date": "2026-09-05T23:05:00+00:00", "title": "\u015awi\u0119ty na ka\u017cdy dzie\u0144 \u2013 5 wrze\u015bnia, wspomnienie \u015bw. Matki Teresy z Kalkuty"}, {"desc": null, "start_date": "2026-09-05T23:15:00+00:00", "title": "W Naszej Rodzinie"}], "offset": "+00:00", "timezone": "UTC", "error_code": -1, "start_date": "2026-09-04", "icon": ""}