{"end_date": "2026-09-05", "name": "TV Trwam [PL]", "info_url": "https://epg.pw/channels/548882/20260903.html", "country": "Russian Federation", "description": null, "error_message": "", "provider": "", "source_url": "https://epg.pw/api/epg.json?channel_id=548882&date=20260903&timezone=None", "epg_list": [{"desc": null, "start_date": "2026-09-03T00:25:00+00:00", "title": "\u015awi\u0119ty na ka\u017cdy dzie\u0144 \u2013 2 wrze\u015bnia, wspomnienie \u015bw. Beatrycze z Silvy, dziewicy"}, {"desc": null, "start_date": "2026-09-03T00:30:00+00:00", "title": "B\u00f3g z nami | E02"}, {"desc": null, "start_date": "2026-09-03T01:00:00+00:00", "title": "Informacje dnia"}, {"desc": null, "start_date": "2026-09-03T01:20:00+00:00", "title": "R\u00f3\u017caniec"}, {"desc": null, "start_date": "2026-09-03T01:50:00+00:00", "title": "My\u015bl\u0105c Ojczyzna \u2013 Ks. Bp Tadeusz Bronakowski, Przewodnicz\u0105cy Zespo\u0142u KEP ds. Apostolstwa Trze\u017awo\u015bci "}, {"desc": null, "start_date": "2026-09-03T02:00:00+00:00", "title": "Apel Jasnog\u00f3rski"}, {"desc": null, "start_date": "2026-09-03T02:20:00+00:00", "title": "Informacje dnia"}, {"desc": null, "start_date": "2026-09-03T02:40:00+00:00", "title": "Polski punkt widzenia"}, {"desc": null, "start_date": "2026-09-03T03:00:00+00:00", "title": "Sean \u2013 \u015awiat\u0142o w ciemno\u015bci \u015bwieci"}, {"desc": null, "start_date": "2026-09-03T04:00:00+00:00", "title": "Audiencja generalna Ojca \u015awi\u0119tego Leona XIV z Watykanu"}, {"desc": null, "start_date": "2026-09-03T05:00:00+00:00", "title": "Po stronie prawdy \u2013 Sp\u00f3r o przebieg drogi ekspresowej S50"}, {"desc": null, "start_date": "2026-09-03T05:55:00+00:00", "title": "Kartka z kalendarza \u2013 powstanie warszawskie \u2013 3 wrze\u015bnia 1944"}, {"desc": null, "start_date": "2026-09-03T06:00:00+00:00", "title": "Informacje dnia"}, {"desc": null, "start_date": "2026-09-03T06:15:00+00:00", "title": "Polski punkt widzenia"}, {"desc": null, "start_date": "2026-09-03T06:35:00+00:00", "title": "S\u0142owo \u017cycia \u2013 (\u0141k 5, 1-11) Cudowny po\u0142\u00f3w ryb i powo\u0142anie aposto\u0142\u00f3w"}, {"desc": null, "start_date": "2026-09-03T06:40:00+00:00", "title": "Dzielna niewiasta \u2013 Niepewno\u015b\u0107 w\u0142asnej kobieco\u015bci | E28"}, {"desc": null, "start_date": "2026-09-03T06:55:00+00:00", "title": "\u015awi\u0119ty na ka\u017cdy dzie\u0144 \u2013 3 wrze\u015bnia, wspomnienie \u015bw. Grzegorza Wielkiego, papie\u017ca i doktora Ko\u015bcio\u0142a"}, {"desc": null, "start_date": "2026-09-03T07:00:00+00:00", "title": "Na zdrowie \u2013 Rak p\u0142uc i rak jelita grubego"}, {"desc": null, "start_date": "2026-09-03T07:20:00+00:00", "title": "B\u00f3g z nami | E02"}, {"desc": null, "start_date": "2026-09-03T07:45:00+00:00", "title": "O\u015bwiadczenie Fundacji Lux Veritatis w sprawie Muzeum Pami\u0119\u0107 i To\u017csamo\u015b\u0107"}, {"desc": null, "start_date": "2026-09-03T08:00:00+00:00", "title": "Informacje dnia"}, {"desc": null, "start_date": "2026-09-03T08:15:00+00:00", "title": "Rozmowy niedoko\u0144czone \u2013 Misja Ko\u015bcio\u0142a wobec wsp\u00f3\u0142czesnych narracji kulturowych"}, {"desc": null, "start_date": "2026-09-03T09:25:00+00:00", "title": "My\u015bl\u0105c Ojczyzna \u2013 Ks. Bp Tadeusz Bronakowski, Przewodnicz\u0105cy Zespo\u0142u KEP ds. Apostolstwa Trze\u017awo\u015bci "}, {"desc": null, "start_date": "2026-09-03T09:35:00+00:00", "title": "Przyroda i ludzie \u2013 Mieszka\u0144cy starych zamk\u00f3w"}, {"desc": null, "start_date": "2026-09-03T10:00:00+00:00", "title": "Anio\u0142 Pa\u0144ski"}, {"desc": null, "start_date": "2026-09-03T10:03:00+00:00", "title": "Informacje dnia"}, {"desc": null, "start_date": "2026-09-03T10:20:00+00:00", "title": "Sympozjum: \u2013 Problemy m\u0142odego pokolenia w dochowaniu wierno\u015bci chrze\u015bcija\u0144skim korzeniom polskiego n"}, {"desc": null, "start_date": "2026-09-03T10:50:00+00:00", "title": "Mateczniki Polsko\u015bci \u2013 Ma\u0142e Muzeum Ludowe u Kowalskich w Marcinowie | E03"}, {"desc": null, "start_date": "2026-09-03T11:00:00+00:00", "title": "Sanktuarium Cudu Eucharystycznego w Sok\u00f3\u0142ce"}, {"desc": null, "start_date": "2026-09-03T11:20:00+00:00", "title": "Przegl\u0105d katolickiego tygodnika"}, {"desc": null, "start_date": "2026-09-03T11:30:00+00:00", "title": "Msza \u015bwi\u0119ta z Jasnej G\u00f3ry \u2013 Transmisja z kaplicy Cudownego Obrazu Matki Bo\u017cej Cz\u0119stochowskiej"}, {"desc": null, "start_date": "2026-09-03T12:20:00+00:00", "title": "Muzyczne chwile"}, {"desc": null, "start_date": "2026-09-03T12:30:00+00:00", "title": "Powo\u0142ani"}, {"desc": null, "start_date": "2026-09-03T13:00:00+00:00", "title": "Po stronie prawdy \u2013 Sp\u00f3r o przebieg drogi ekspresowej S50"}, {"desc": null, "start_date": "2026-09-03T13:50:00+00:00", "title": "Ma si\u0119 rozumie\u0107 \u2013 Post i ofiara w relacjach | E1686"}, {"desc": null, "start_date": "2026-09-03T14:00:00+00:00", "title": "Informacje dnia"}, {"desc": null, "start_date": "2026-09-03T14:10:00+00:00", "title": "Cudowna Pani w bukowskim obrazie"}, {"desc": null, "start_date": "2026-09-03T14:30:00+00:00", "title": "Modlitwa w Sanktuarium \u015bw. J\u00f3zefa w Kaliszu"}, {"desc": null, "start_date": "2026-09-03T17:25:00+00:00", "title": "Rodzinny Ogr\u00f3d Zoologiczny \u2013 W\u0119\u017ce i inne gady | E04"}, {"desc": null, "start_date": "2026-09-03T18:00:00+00:00", "title": "Informacje dnia"}, {"desc": null, "start_date": "2026-09-03T18:20:00+00:00", "title": "R\u00f3\u017caniec"}, {"desc": null, "start_date": "2026-09-03T18:50:00+00:00", "title": "Kartka z kalendarza \u2013 powstanie warszawskie \u2013 3 wrze\u015bnia 1944"}, {"desc": null, "start_date": "2026-09-03T19:00:00+00:00", "title": "Apel Jasnog\u00f3rski"}, {"desc": null, "start_date": "2026-09-03T19:20:00+00:00", "title": "Informacje dnia"}, {"desc": null, "start_date": "2026-09-03T19:40:00+00:00", "title": "Polski punkt widzenia"}, {"desc": null, "start_date": "2026-09-03T20:00:00+00:00", "title": "G\u0142os serca \u2013 Nigdy nie m\u00f3w nigdy | S01E93"}, {"desc": null, "start_date": "2026-09-03T20:45:00+00:00", "title": "To nic takiego"}, {"desc": null, "start_date": "2026-09-03T22:00:00+00:00", "title": "Modlitwa w Sanktuarium \u015bw. J\u00f3zefa w Kaliszu"}, {"desc": null, "start_date": "2026-09-04T00:25:00+00:00", "title": "Rodzinny Ogr\u00f3d Zoologiczny \u2013 W\u0119\u017ce i inne gady | E04"}, {"desc": null, "start_date": "2026-09-04T01:00:00+00:00", "title": "Informacje dnia"}, {"desc": null, "start_date": "2026-09-04T01:20:00+00:00", "title": "R\u00f3\u017caniec"}, {"desc": null, "start_date": "2026-09-04T01:50:00+00:00", "title": "Kartka z kalendarza \u2013 powstanie warszawskie \u2013 3 wrze\u015bnia 1944"}, {"desc": null, "start_date": "2026-09-04T02:00:00+00:00", "title": "Apel Jasnog\u00f3rski"}, {"desc": null, "start_date": "2026-09-04T02:20:00+00:00", "title": "Informacje dnia"}, {"desc": null, "start_date": "2026-09-04T02:40:00+00:00", "title": "Polski punkt widzenia"}, {"desc": null, "start_date": "2026-09-04T03:00:00+00:00", "title": "Przetrwali\u015bmy \u2013 Szybkie prowadzenie pojazdu | E12"}, {"desc": null, "start_date": "2026-09-04T03:30:00+00:00", "title": "Pozna\u0144 bez serca"}, {"desc": null, "start_date": "2026-09-04T04:00:00+00:00", "title": "Wsp\u00f3\u0142pracownicy Prawdy"}, {"desc": null, "start_date": "2026-09-04T05:55:00+00:00", "title": "Kartka z kalendarza \u2013 powstanie warszawskie \u2013 4 wrze\u015bnia 1944"}, {"desc": null, "start_date": "2026-09-04T06:00:00+00:00", "title": "Informacje dnia"}, {"desc": null, "start_date": "2026-09-04T06:15:00+00:00", "title": "Polski punkt widzenia"}, {"desc": null, "start_date": "2026-09-04T06:40:00+00:00", "title": "S\u0142owo \u017cycia \u2013 (\u0141k 5, 33-39) Nowo\u015b\u0107 nauki Jezusa"}, {"desc": null, "start_date": "2026-09-04T06:45:00+00:00", "title": "Je\u015bli ludzie me \u017cyczenie spe\u0142ni\u0105"}, {"desc": null, "start_date": "2026-09-04T07:10:00+00:00", "title": "Z w\u0119dk\u0105 nad wod\u0119 w Polsk\u0119 i \u015bwiat \u2013 \u0141owienie drapie\u017cnik\u00f3w z \u0142\u00f3dki"}, {"desc": null, "start_date": "2026-09-04T07:35:00+00:00", "title": "\u015awi\u0119ty na ka\u017cdy dzie\u0144 \u2013 4 wrze\u015bnia, wspomnienie b\u0142. m\u0119czennic z Nowogr\u00f3dka s. Marii Stella i Towarzy"}, {"desc": null, "start_date": "2026-09-04T07:45:00+00:00", "title": "Jestem mam\u0105 \u2013 Patostreamy | E434"}, {"desc": null, "start_date": "2026-09-04T08:00:00+00:00", "title": "Informacje dnia"}, {"desc": null, "start_date": "2026-09-04T08:15:00+00:00", "title": "Wi\u0119zy krwi"}, {"desc": null, "start_date": "2026-09-04T09:25:00+00:00", "title": "Kartka z kalendarza \u2013 powstanie warszawskie \u2013 4 wrze\u015bnia 1944"}, {"desc": null, "start_date": "2026-09-04T09:35:00+00:00", "title": "Natura et Homo"}, {"desc": null, "start_date": "2026-09-04T10:00:00+00:00", "title": "Anio\u0142 Pa\u0144ski"}, {"desc": null, "start_date": "2026-09-04T10:03:00+00:00", "title": "Informacje dnia"}, {"desc": null, "start_date": "2026-09-04T10:20:00+00:00", "title": "G\u0142os serca \u2013 Nigdy nie m\u00f3w nigdy | S01E93"}, {"desc": null, "start_date": "2026-09-04T11:05:00+00:00", "title": "Wilamowice \u2013 Kult \u015bw. arcybiskupa J\u00f3zefa Bilczewskiego"}, {"desc": null, "start_date": "2026-09-04T11:30:00+00:00", "title": "Msza \u015bwi\u0119ta z Jasnej G\u00f3ry \u2013 Transmisja z kaplicy Cudownego Obrazu Matki Bo\u017cej Cz\u0119stochowskiej"}, {"desc": null, "start_date": "2026-09-04T12:20:00+00:00", "title": "Muzyczne chwile"}, {"desc": null, "start_date": "2026-09-04T12:30:00+00:00", "title": "Drzwi do lasu \u2013 Las gospodarczy | E29"}, {"desc": null, "start_date": "2026-09-04T12:55:00+00:00", "title": "S\u0142owo \u017cycia \u2013 (\u0141k 5, 33-39) Nowo\u015b\u0107 nauki Jezusa"}, {"desc": null, "start_date": "2026-09-04T13:00:00+00:00", "title": "Modlitwa w Godzinie Mi\u0142osierdzia Koronk\u0105 do Bo\u017cego Mi\u0142osierdzia"}, {"desc": null, "start_date": "2026-09-04T13:20:00+00:00", "title": "Mocni w wierze"}, {"desc": null, "start_date": "2026-09-04T13:50:00+00:00", "title": "Ma si\u0119 rozumie\u0107"}, {"desc": null, "start_date": "2026-09-04T14:00:00+00:00", "title": "Informacje dnia"}, {"desc": null, "start_date": "2026-09-04T14:10:00+00:00", "title": "Natura obiektywnie \u2013 W krainie pszcz\u00f3\u0142, cz\u0119\u015b\u0107 2"}, {"desc": null, "start_date": "2026-09-04T14:30:00+00:00", "title": "Mateczniki Polsko\u015bci \u2013 Muzeum Zofii Kossak-Szatkowskiej w G\u00f3rkach Wielkich | E21"}, {"desc": null, "start_date": "2026-09-04T14:40:00+00:00", "title": "Post Scriptum \u2013 Czy w wolnej Polsce powinni\u015bmy upami\u0119tnia\u0107 wrog\u00f3w naszej niepodleg\u0142o\u015bci \u2013 takich jak"}, {"desc": null, "start_date": "2026-09-04T15:10:00+00:00", "title": "Fatima, miejsce wybrane przez Maryj\u0119"}, {"desc": null, "start_date": "2026-09-04T15:25:00+00:00", "title": "Akademia pro-life"}, {"desc": null, "start_date": "2026-09-04T15:30:00+00:00", "title": "\u0141\u0105czy nas historia"}, {"desc": null, "start_date": "2026-09-04T15:55:00+00:00", "title": "Poczet wielkich Polak\u00f3w \u2013 Juliusz S\u0142owacki"}, {"desc": null, "start_date": "2026-09-04T16:00:00+00:00", "title": "Anio\u0142 Pa\u0144ski"}, {"desc": null, "start_date": "2026-09-04T16:05:00+00:00", "title": "Informacje dnia"}, {"desc": null, "start_date": "2026-09-04T16:15:00+00:00", "title": "Westerplatte m\u0142odych"}, {"desc": null, "start_date": "2026-09-04T17:00:00+00:00", "title": "Warto zauwa\u017cy\u0107\u2026 w mijaj\u0105cym tygodniu"}, {"desc": null, "start_date": "2026-09-04T17:30:00+00:00", "title": "Historie Starego Testamentu"}, {"desc": null, "start_date": "2026-09-04T17:45:00+00:00", "title": "Modlitwa z telefonicznym udzia\u0142em dzieci"}, {"desc": null, "start_date": "2026-09-04T18:00:00+00:00", "title": "Informacje dnia"}, {"desc": null, "start_date": "2026-09-04T18:20:00+00:00", "title": "R\u00f3\u017caniec"}, {"desc": null, "start_date": "2026-09-04T18:50:00+00:00", "title": "Kartka z kalendarza \u2013 powstanie warszawskie \u2013 4 wrze\u015bnia 1944"}, {"desc": null, "start_date": "2026-09-04T19:00:00+00:00", "title": "Apel Jasnog\u00f3rski"}, {"desc": null, "start_date": "2026-09-04T19:20:00+00:00", "title": "Informacje dnia"}, {"desc": null, "start_date": "2026-09-04T19:40:00+00:00", "title": "Polski punkt widzenia"}, {"desc": null, "start_date": "2026-09-04T20:00:00+00:00", "title": "Kto ratuje jedno \u017cycie"}, {"desc": null, "start_date": "2026-09-04T21:00:00+00:00", "title": "Przegl\u0105d katolickiego tygodnika"}, {"desc": null, "start_date": "2026-09-04T21:05:00+00:00", "title": "Sp\u0142yw zawierzenia"}, {"desc": null, "start_date": "2026-09-04T21:30:00+00:00", "title": "Rega\u0142 \u2013 Ksi\u0105dz Redaktor | E12"}, {"desc": null, "start_date": "2026-09-04T22:00:00+00:00", "title": "S\u0142owo \u017cycia \u2013 (\u0141k 5, 33-39) Nowo\u015b\u0107 nauki Jezusa"}, {"desc": null, "start_date": "2026-09-04T22:05:00+00:00", "title": "\u015awiat w obrazach"}, {"desc": null, "start_date": "2026-09-04T22:10:00+00:00", "title": "Informacje dnia"}, {"desc": null, "start_date": "2026-09-04T22:30:00+00:00", "title": "\u0141\u0105czy nas historia"}, {"desc": null, "start_date": "2026-09-04T22:55:00+00:00", "title": "Poczet wielkich Polak\u00f3w \u2013 Juliusz S\u0142owacki"}, {"desc": null, "start_date": "2026-09-04T23:00:00+00:00", "title": "Anio\u0142 Pa\u0144ski"}, {"desc": null, "start_date": "2026-09-04T23:05:00+00:00", "title": "Ma si\u0119 rozumie\u0107"}, {"desc": null, "start_date": "2026-09-04T23:15:00+00:00", "title": "Westerplatte m\u0142odych"}, {"desc": null, "start_date": "2026-09-04T23:55:00+00:00", "title": "\u015awi\u0119ty na ka\u017cdy dzie\u0144 \u2013 4 wrze\u015bnia, wspomnienie b\u0142. m\u0119czennic z Nowogr\u00f3dka s. Marii Stella i Towarzy"}, {"desc": null, "start_date": "2026-09-05T00:00:00+00:00", "title": "Warto zauwa\u017cy\u0107\u2026 w mijaj\u0105cym tygodniu"}], "offset": "+00:00", "timezone": "UTC", "error_code": -1, "start_date": "2026-09-03", "icon": ""}