{"end_date": "2026-09-02", "name": "TV Trwam [PL]", "info_url": "https://epg.pw/channels/548882/20260901.html", "country": "Russian Federation", "description": null, "error_message": "", "provider": "", "source_url": "https://epg.pw/api/epg.json?channel_id=548882&date=20260901&timezone=None", "epg_list": [{"desc": null, "start_date": "2026-09-01T00:30:00+00:00", "title": "Poznajemy Polsk\u0119 \u2013 Pojezierze Suwalskie | E12"}, {"desc": null, "start_date": "2026-09-01T00:45:00+00:00", "title": "Modlitwa z telefonicznym udzia\u0142em dzieci"}, {"desc": null, "start_date": "2026-09-01T01:00:00+00:00", "title": "Informacje dnia"}, {"desc": null, "start_date": "2026-09-01T01:20:00+00:00", "title": "R\u00f3\u017caniec"}, {"desc": null, "start_date": "2026-09-01T01:50:00+00:00", "title": "Kartka z kalendarza \u2013 powstanie warszawskie \u2013 31 sierpnia 1944"}, {"desc": null, "start_date": "2026-09-01T02:00:00+00:00", "title": "Apel Jasnog\u00f3rski"}, {"desc": null, "start_date": "2026-09-01T02:20:00+00:00", "title": "Informacje dnia"}, {"desc": null, "start_date": "2026-09-01T02:45:00+00:00", "title": "Uroczysto\u015b\u0107 upami\u0119tnienia bohaterskich Obro\u0144c\u00f3w Westerplatte \u2013 87. rocznica wybuchu II wojny \u015bwiatow"}, {"desc": null, "start_date": "2026-09-01T04:30:00+00:00", "title": "M\u00f3j przyjaciel Lalu\u015b"}, {"desc": null, "start_date": "2026-09-01T05:30:00+00:00", "title": "W s\u0142u\u017cbie Bogu i Ojczy\u017anie"}, {"desc": null, "start_date": "2026-09-01T05:55:00+00:00", "title": "Kartka z kalendarza \u2013 powstanie warszawskie \u2013 1 wrze\u015bnia 1944"}, {"desc": null, "start_date": "2026-09-01T06:00:00+00:00", "title": "Informacje dnia"}, {"desc": null, "start_date": "2026-09-01T06:15:00+00:00", "title": "Polski punkt widzenia"}, {"desc": null, "start_date": "2026-09-01T06:35:00+00:00", "title": "Cudowny krucyfiks Baryczkowski"}, {"desc": null, "start_date": "2026-09-01T07:00:00+00:00", "title": "Papie\u017c Polak do rodak\u00f3w \u2013 Homilia w czasie mszy \u015bwi\u0119tej odprawionej w katedrze wawelskiej. Krak\u00f3w, 1"}, {"desc": null, "start_date": "2026-09-01T07:20:00+00:00", "title": "Kolor Boga"}, {"desc": null, "start_date": "2026-09-01T07:45:00+00:00", "title": "S\u0142owo \u017cycia \u2013 (\u0141k 4, 31-37) Uzdrowienie op\u0119tanego"}, {"desc": null, "start_date": "2026-09-01T07:50:00+00:00", "title": "\u015awi\u0119ty na ka\u017cdy dzie\u0144 \u2013 1 wrze\u015bnia, wspomnienie b\u0142. Bronis\u0142awy, dziewicy"}, {"desc": null, "start_date": "2026-09-01T08:00:00+00:00", "title": "Informacje dnia"}, {"desc": null, "start_date": "2026-09-01T08:15:00+00:00", "title": "Jak my to widzimy \u2013 z daleka wida\u0107 lepiej \u2013 Za\u0142o\u017cenia i dzia\u0142alno\u015b\u0107 KIK w Chicago"}, {"desc": null, "start_date": "2026-09-01T08:45:00+00:00", "title": "Zew natury | E19"}, {"desc": null, "start_date": "2026-09-01T09:00:00+00:00", "title": "Mocni w wierze \u2013 Pok\u00f3j darem bo\u017cym Boga"}, {"desc": null, "start_date": "2026-09-01T09:35:00+00:00", "title": "S\u0142owo \u017cycia \u2013 (\u0141k 4, 31-37) Uzdrowienie op\u0119tanego"}, {"desc": null, "start_date": "2026-09-01T09:40:00+00:00", "title": "Ma si\u0119 rozumie\u0107 \u2013 Zgni\u0142e s\u0142owa | E1654"}, {"desc": null, "start_date": "2026-09-01T09:50:00+00:00", "title": "\u015awi\u0119ty na ka\u017cdy dzie\u0144 \u2013 1 wrze\u015bnia, wspomnienie b\u0142. Bronis\u0142awy, dziewicy"}, {"desc": null, "start_date": "2026-09-01T10:00:00+00:00", "title": "Anio\u0142 Pa\u0144ski"}, {"desc": null, "start_date": "2026-09-01T10:03:00+00:00", "title": "Informacje dnia"}, {"desc": null, "start_date": "2026-09-01T10:20:00+00:00", "title": "G\u0142os serca \u2013 Dni Doliny Nadziei: cz\u0119\u015b\u0107 2 | S01E91"}, {"desc": null, "start_date": "2026-09-01T11:00:00+00:00", "title": "Pradawne"}, {"desc": null, "start_date": "2026-09-01T11:30:00+00:00", "title": "Msza \u015bwi\u0119ta z Jasnej G\u00f3ry \u2013 Transmisja z kaplicy Cudownego Obrazu Matki Bo\u017cej Cz\u0119stochowskiej"}, {"desc": null, "start_date": "2026-09-01T12:20:00+00:00", "title": "Muzyczne chwile"}, {"desc": null, "start_date": "2026-09-01T12:30:00+00:00", "title": "Opieku\u0144cze skrzyd\u0142a. Hospicjum \u015bw. Anny w Lubartowie"}, {"desc": null, "start_date": "2026-09-01T13:00:00+00:00", "title": "O. Gabriel"}, {"desc": null, "start_date": "2026-09-01T13:50:00+00:00", "title": "Ma si\u0119 rozumie\u0107 \u2013 Ceg\u0142a zamiast kamienia | E1655"}, {"desc": null, "start_date": "2026-09-01T14:00:00+00:00", "title": "Informacje dnia"}, {"desc": null, "start_date": "2026-09-01T14:10:00+00:00", "title": "Jestem mam\u0105"}, {"desc": null, "start_date": "2026-09-01T14:25:00+00:00", "title": "Przyroda w obiektywie \u2013 Zoo Opole | E13"}, {"desc": null, "start_date": "2026-09-01T14:40:00+00:00", "title": "Zdrowie z Bo\u017cej Apteki"}, {"desc": null, "start_date": "2026-09-01T15:00:00+00:00", "title": "Wierz\u0119 w Boga \u2013 Wierz\u0119 w Boga \u2013 Bogdan 'Kryzys' Krzak cz. 2 | E51"}, {"desc": null, "start_date": "2026-09-01T15:30:00+00:00", "title": "Rajd Katy\u0144ski"}, {"desc": null, "start_date": "2026-09-01T15:55:00+00:00", "title": "Poczet wielkich Polak\u00f3w \u2013 Ks. Stefan Niedzielak"}, {"desc": null, "start_date": "2026-09-01T16:00:00+00:00", "title": "Anio\u0142 Pa\u0144ski"}, {"desc": null, "start_date": "2026-09-01T16:05:00+00:00", "title": "Informacje dnia"}, {"desc": null, "start_date": "2026-09-01T16:15:00+00:00", "title": "Rozmowy niedoko\u0144czone"}, {"desc": null, "start_date": "2026-09-01T17:25:00+00:00", "title": "\u015awi\u0119ty na ka\u017cdy dzie\u0144 \u2013 1 wrze\u015bnia, wspomnienie b\u0142. Bronis\u0142awy, dziewicy"}, {"desc": null, "start_date": "2026-09-01T17:30:00+00:00", "title": "Ka\u017cdy maluch to potrafi \u2013 Per\u0142a w muszli"}, {"desc": null, "start_date": "2026-09-01T17:45:00+00:00", "title": "Modlitwa z telefonicznym udzia\u0142em dzieci"}, {"desc": null, "start_date": "2026-09-01T18:00:00+00:00", "title": "Informacje dnia"}, {"desc": null, "start_date": "2026-09-01T18:20:00+00:00", "title": "R\u00f3\u017caniec"}, {"desc": null, "start_date": "2026-09-01T18:50:00+00:00", "title": "Kartka z kalendarza \u2013 powstanie warszawskie \u2013 1 wrze\u015bnia 1944"}, {"desc": null, "start_date": "2026-09-01T19:00:00+00:00", "title": "Apel Jasnog\u00f3rski"}, {"desc": null, "start_date": "2026-09-01T19:20:00+00:00", "title": "Informacje dnia"}, {"desc": null, "start_date": "2026-09-01T19:40:00+00:00", "title": "Polski punkt widzenia"}, {"desc": null, "start_date": "2026-09-01T20:00:00+00:00", "title": "Solidarno\u015b\u0107 \u2013 narodziny Wolno\u015bci \u2013 Komitet Obrony Wi\u0119zionych za Przekonania | E07"}, {"desc": null, "start_date": "2026-09-01T20:15:00+00:00", "title": "G\u0142os serca \u2013 Niedawne wspomnienia | S01E92"}, {"desc": null, "start_date": "2026-09-01T21:00:00+00:00", "title": "Korzenie"}, {"desc": null, "start_date": "2026-09-01T22:00:00+00:00", "title": "S\u0142owo \u017cycia \u2013 (\u0141k 4, 31-37) Uzdrowienie op\u0119tanego"}, {"desc": null, "start_date": "2026-09-01T22:05:00+00:00", "title": "\u015awiat w obrazach"}, {"desc": null, "start_date": "2026-09-01T22:10:00+00:00", "title": "Informacje dnia"}, {"desc": null, "start_date": "2026-09-01T22:30:00+00:00", "title": "Rajd Katy\u0144ski"}, {"desc": null, "start_date": "2026-09-01T22:55:00+00:00", "title": "Poczet wielkich Polak\u00f3w \u2013 Ks. Stefan Niedzielak"}, {"desc": null, "start_date": "2026-09-01T23:00:00+00:00", "title": "Anio\u0142 Pa\u0144ski"}, {"desc": null, "start_date": "2026-09-01T23:05:00+00:00", "title": "Ma si\u0119 rozumie\u0107 \u2013 Ceg\u0142a zamiast kamienia | E1655"}, {"desc": null, "start_date": "2026-09-01T23:15:00+00:00", "title": "Rozmowy niedoko\u0144czone"}, {"desc": null, "start_date": "2026-09-02T00:25:00+00:00", "title": "\u015awi\u0119ty na ka\u017cdy dzie\u0144 \u2013 1 wrze\u015bnia, wspomnienie b\u0142. Bronis\u0142awy, dziewicy"}, {"desc": null, "start_date": "2026-09-02T00:30:00+00:00", "title": "Ka\u017cdy maluch to potrafi \u2013 Per\u0142a w muszli"}, {"desc": null, "start_date": "2026-09-02T00:45:00+00:00", "title": "Modlitwa z telefonicznym udzia\u0142em dzieci"}, {"desc": null, "start_date": "2026-09-02T01:00:00+00:00", "title": "Informacje dnia"}, {"desc": null, "start_date": "2026-09-02T01:20:00+00:00", "title": "R\u00f3\u017caniec"}, {"desc": null, "start_date": "2026-09-02T01:50:00+00:00", "title": "Kartka z kalendarza \u2013 powstanie warszawskie \u2013 1 wrze\u015bnia 1944"}, {"desc": null, "start_date": "2026-09-02T02:00:00+00:00", "title": "Apel Jasnog\u00f3rski"}, {"desc": null, "start_date": "2026-09-02T02:20:00+00:00", "title": "Informacje dnia"}, {"desc": null, "start_date": "2026-09-02T02:40:00+00:00", "title": "Polski punkt widzenia"}, {"desc": null, "start_date": "2026-09-02T03:00:00+00:00", "title": "My\u015bl\u0105c historia \u2013 Wolne Miasto Gda\u0144sk w mi\u0119dzywojniu | E02"}, {"desc": null, "start_date": "2026-09-02T03:10:00+00:00", "title": "Odnale\u017a\u0107 siebie \u2013 Najlepszy spos\u00f3b na zdobycie w\u0142adzy | E40"}, {"desc": null, "start_date": "2026-09-02T03:20:00+00:00", "title": "Jestem mam\u0105"}, {"desc": null, "start_date": "2026-09-02T03:35:00+00:00", "title": "Odpowiedzialni za Ko\u015bci\u00f3\u0142 \u2013 Maria Schutz, cz\u0119\u015b\u0107 1"}, {"desc": null, "start_date": "2026-09-02T04:00:00+00:00", "title": "Wyk\u0142ady z Kongresu \u2013 Poj\u0119cie cia\u0142a wg Karola Wojty\u0142y: cielesno\u015b\u0107 i seksualno\u015b\u0107 cz\u0142owieka"}, {"desc": null, "start_date": "2026-09-02T04:25:00+00:00", "title": "Or\u0119dzie na trudne czasy"}, {"desc": null, "start_date": "2026-09-02T05:35:00+00:00", "title": "Zdrowie z Bo\u017cej Apteki"}, {"desc": null, "start_date": "2026-09-02T05:55:00+00:00", "title": "Kartka z kalendarza \u2013 powstanie warszawskie \u2013 2 wrze\u015bnia 1944"}, {"desc": null, "start_date": "2026-09-02T06:00:00+00:00", "title": "Informacje dnia"}, {"desc": null, "start_date": "2026-09-02T06:15:00+00:00", "title": "Polski punkt widzenia"}, {"desc": null, "start_date": "2026-09-02T06:35:00+00:00", "title": "Ka\u017cdy maluch to potrafi \u2013 Per\u0142a w muszli"}, {"desc": null, "start_date": "2026-09-02T06:50:00+00:00", "title": "S\u0142owo \u017cycia \u2013 (\u0141k 4, 38-44) Liczne uzdrowienia"}, {"desc": null, "start_date": "2026-09-02T07:00:00+00:00", "title": "Mocni Jego moc\u0105 \u2013 Wci\u0105\u017c w drodze"}, {"desc": null, "start_date": "2026-09-02T07:30:00+00:00", "title": "Sanktuaria polskie \u2013 Sanktuarium Matki Bo\u017cej Stra\u017cniczki Wiary w Bardzie \u015al\u0105skim"}, {"desc": null, "start_date": "2026-09-02T07:50:00+00:00", "title": "\u015awi\u0119ty na ka\u017cdy dzie\u0144 \u2013 2 wrze\u015bnia, wspomnienie \u015bw. Beatrycze z Silvy, dziewicy"}, {"desc": null, "start_date": "2026-09-02T08:00:00+00:00", "title": "Audiencja generalna Ojca \u015awi\u0119tego Leona XIV z Watykanu"}, {"desc": null, "start_date": "2026-09-02T09:00:00+00:00", "title": "Muzyczne chwile"}, {"desc": null, "start_date": "2026-09-02T09:10:00+00:00", "title": "Mateczniki Polsko\u015bci \u2013 Zabytkowa XIX-wieczna Ku\u017ania w Kuniowie | E02"}, {"desc": null, "start_date": "2026-09-02T09:25:00+00:00", "title": "Jestem mam\u0105"}, {"desc": null, "start_date": "2026-09-02T09:40:00+00:00", "title": "My\u015bl\u0105c historia \u2013 Wolne Miasto Gda\u0144sk w mi\u0119dzywojniu | E02"}, {"desc": null, "start_date": "2026-09-02T09:50:00+00:00", "title": "Odnale\u017a\u0107 siebie \u2013 Prze\u015bladowania chrze\u015bcijan na \u015bwiecie | E41"}, {"desc": null, "start_date": "2026-09-02T10:00:00+00:00", "title": "Anio\u0142 Pa\u0144ski"}, {"desc": null, "start_date": "2026-09-02T10:03:00+00:00", "title": "Informacje dnia"}, {"desc": null, "start_date": "2026-09-02T10:20:00+00:00", "title": "G\u0142os serca \u2013 Niedawne wspomnienia | S01E92"}, {"desc": null, "start_date": "2026-09-02T11:05:00+00:00", "title": "Cichy bohater z Puszczy Bia\u0142owieskiej"}, {"desc": null, "start_date": "2026-09-02T11:30:00+00:00", "title": "Msza \u015bwi\u0119ta z Jasnej G\u00f3ry \u2013 Transmisja z kaplicy Cudownego Obrazu Matki Bo\u017cej Cz\u0119stochowskiej"}, {"desc": null, "start_date": "2026-09-02T12:20:00+00:00", "title": "Muzyczne chwile"}, {"desc": null, "start_date": "2026-09-02T12:30:00+00:00", "title": "Czerwony Dw\u00f3r"}, {"desc": null, "start_date": "2026-09-02T13:00:00+00:00", "title": "Ratuj\u0119 cz\u0142owieka. Ludzie Ko\u015bcio\u0142a wobec Zag\u0142ady"}, {"desc": null, "start_date": "2026-09-02T13:50:00+00:00", "title": "Ma si\u0119 rozumie\u0107 \u2013 Mowa zaprawiona sol\u0105 | E1656"}, {"desc": null, "start_date": "2026-09-02T14:00:00+00:00", "title": "Informacje dnia"}, {"desc": null, "start_date": "2026-09-02T14:10:00+00:00", "title": "Na zdrowie \u2013 Rak p\u0142uc i rak jelita grubego"}, {"desc": null, "start_date": "2026-09-02T14:30:00+00:00", "title": "Rozmowy o edukacji \u2013 Edukacja obywatelska, czyli formatowanie polskiej m\u0142odzie\u017cy | E04"}, {"desc": null, "start_date": "2026-09-02T15:00:00+00:00", "title": "Po stronie prawdy"}, {"desc": null, "start_date": "2026-09-02T15:55:00+00:00", "title": "Poczet wielkich Polak\u00f3w \u2013 Prof. Rudolf Stefan Weigl"}, {"desc": null, "start_date": "2026-09-02T16:00:00+00:00", "title": "Anio\u0142 Pa\u0144ski"}, {"desc": null, "start_date": "2026-09-02T16:05:00+00:00", "title": "Informacje dnia"}, {"desc": null, "start_date": "2026-09-02T16:15:00+00:00", "title": "Rozmowy niedoko\u0144czone"}, {"desc": null, "start_date": "2026-09-02T17:20:00+00:00", "title": "Odnale\u017a\u0107 siebie \u2013 Prze\u015bladowania chrze\u015bcijan na \u015bwiecie | E41"}, {"desc": null, "start_date": "2026-09-02T17:30:00+00:00", "title": "B\u00f3g z nami | E02"}, {"desc": null, "start_date": "2026-09-02T18:00:00+00:00", "title": "Informacje dnia"}, {"desc": null, "start_date": "2026-09-02T18:20:00+00:00", "title": "R\u00f3\u017caniec"}, {"desc": null, "start_date": "2026-09-02T18:50:00+00:00", "title": "My\u015bl\u0105c Ojczyzna \u2013 Ks. Bp Tadeusz Bronakowski, Przewodnicz\u0105cy Zespo\u0142u KEP ds. Apostolstwa Trze\u017awo\u015bci "}, {"desc": null, "start_date": "2026-09-02T19:00:00+00:00", "title": "Apel Jasnog\u00f3rski"}, {"desc": null, "start_date": "2026-09-02T19:20:00+00:00", "title": "Informacje dnia"}, {"desc": null, "start_date": "2026-09-02T19:40:00+00:00", "title": "Polski punkt widzenia"}, {"desc": null, "start_date": "2026-09-02T20:00:00+00:00", "title": "Przetrwali\u015bmy"}, {"desc": null, "start_date": "2026-09-02T20:30:00+00:00", "title": "Beatus, \u017ar\u00f3d\u0142a Camino de Santiago"}, {"desc": null, "start_date": "2026-09-02T21:25:00+00:00", "title": "Walka o \u017cycie"}, {"desc": null, "start_date": "2026-09-02T22:00:00+00:00", "title": "S\u0142owo \u017cycia \u2013 (\u0141k 4, 38-44) Liczne uzdrowienia"}, {"desc": null, "start_date": "2026-09-02T22:05:00+00:00", "title": "\u015awiat w obrazach"}, {"desc": null, "start_date": "2026-09-02T22:10:00+00:00", "title": "Informacje dnia"}, {"desc": null, "start_date": "2026-09-02T22:30:00+00:00", "title": "Sanktuaria polskie \u2013 Sanktuarium Matki Bo\u017cej Stra\u017cniczki Wiary w Bardzie \u015al\u0105skim"}, {"desc": null, "start_date": "2026-09-02T22:55:00+00:00", "title": "Poczet wielkich Polak\u00f3w \u2013 Prof. Rudolf Stefan Weigl"}, {"desc": null, "start_date": "2026-09-02T23:00:00+00:00", "title": "Anio\u0142 Pa\u0144ski"}, {"desc": null, "start_date": "2026-09-02T23:05:00+00:00", "title": "Ma si\u0119 rozumie\u0107 \u2013 Mowa zaprawiona sol\u0105 | E1656"}, {"desc": null, "start_date": "2026-09-02T23:15:00+00:00", "title": "Rozmowy niedoko\u0144czone"}], "offset": "+00:00", "timezone": "UTC", "error_code": -1, "start_date": "2026-09-01", "icon": ""}