{"end_date": "2026-09-02", "name": "RMC Sport 1", "info_url": "https://epg.pw/channels/54815/20260901.html", "country": "France", "description": null, "error_message": "", "provider": "", "source_url": "https://epg.pw/api/epg.json?channel_id=54815&date=20260901&timezone=None", "epg_list": [{"desc": "Diffusion de combats de MMA, un sport extr\u00eame venu d'Outre-Atlantique et fusion de plusieurs arts martiaux.", "start_date": "2026-09-01T01:00:00+00:00", "title": "MMA : UFC"}, {"desc": null, "start_date": "2026-09-01T04:00:00+00:00", "title": "Format Boxe"}, {"desc": null, "start_date": "2026-09-01T05:00:00+00:00", "title": "Judo : Grand Slam de Lausanne"}, {"desc": null, "start_date": "2026-09-01T07:30:00+00:00", "title": "Judo : Pro League"}, {"desc": "Salahdine Parnasse se d\u00e9voile comme jamais dans ce nouvel \u00e9pisode de Baba Versus. Le Fran\u00e7ais a d\u00e9j\u00e0 conquis l'Europe alors qu'il n'a m\u00eame pas pass\u00e9 la trentaine. Double champion du KSW et star du MMA en France, Parnasse est aujourd'hui une figure incontournable des sports de combat dans l'Hexagone. Retrouvez son entretien exclusif. Comme toujours, le Lion de l'Atlas \u00e9voque tous les sujets sans la", "start_date": "2026-09-01T09:00:00+00:00", "title": "Baba Versus"}, {"desc": "Nouvelle \u00e9dition des ONE Friday Fights, au Lumpinee Stadium de Bangkok. A l'heure o\u00f9 nous \u00e9crivons, la carte des combats n'est pas encore d\u00e9voil\u00e9e. Mais l'organisation promet \"une nouvelle soir\u00e9e d'action incroyable en muay-tha\u00ef et en MMA\".", "start_date": "2026-09-01T10:00:00+00:00", "title": "Kickboxing : ONE Friday Fights"}, {"desc": null, "start_date": "2026-09-01T13:00:00+00:00", "title": "Judo : Grand Slam de Lausanne"}, {"desc": null, "start_date": "2026-09-01T15:30:00+00:00", "title": "Judo : Grand Slam de Lausanne"}, {"desc": null, "start_date": "2026-09-01T17:30:00+00:00", "title": "Format Boxe"}, {"desc": null, "start_date": "2026-09-01T18:30:00+00:00", "title": "Format MMA"}, {"desc": null, "start_date": "2026-09-01T19:00:00+00:00", "title": "Le Vestiaire : Sp\u00e9cial UFC Paris"}, {"desc": "L'UFC Paris 2025 a eu lieu le 6 septembre \u00e0 l'Accor Arena. En t\u00eate d'affiche : un combat de poids moyens opposant le Fran\u00e7ais Nassourdine Imavov au Br\u00e9silien Caio Borralho.", "start_date": "2026-09-01T20:45:00+00:00", "title": "MMA : UFC"}, {"desc": "Deux athl\u00e8tes, en g\u00e9n\u00e9ral \u00e2g\u00e9s de moins de 30 ans, avec entre cinq et dix combats professionnels \u00e0 leur actif, s'affrontent dans l'octogone de l'UFC Apex \u00e0 Las Vegas, \u00e0 huis clos.", "start_date": "2026-09-01T23:00:00+00:00", "title": "MMA : Dana White's Contender Series"}, {"desc": "Ce deuxi\u00e8me \u00e9pisode consacr\u00e9 \u00e0 Axel Sola r\u00e9v\u00e8le un personnage complexe. Quatri\u00e8me enfant d'un couple d'infirmiers ni\u00e7ois, Axel n'a qu'une seule obsession : ma\u00eetriser totalement son art. De ses d\u00e9buts en roller hockey \u00e0 ses derniers combats \u00e0 l'UFC, le combattant a accueilli \"Hors Cage\" pendant plusieurs semaines pour faire d\u00e9couvrir ce qui l'anime et son quotidien.", "start_date": "2026-09-02T01:30:00+00:00", "title": "Hors cage"}, {"desc": null, "start_date": "2026-09-02T02:30:00+00:00", "title": "Le Sunday"}, {"desc": null, "start_date": "2026-09-02T03:30:00+00:00", "title": "Format UFC"}, {"desc": "Salahdine Parnasse se d\u00e9voile comme jamais dans ce nouvel \u00e9pisode de Baba Versus. Le Fran\u00e7ais a d\u00e9j\u00e0 conquis l'Europe alors qu'il n'a m\u00eame pas pass\u00e9 la trentaine. Double champion du KSW et star du MMA en France, Parnasse est aujourd'hui une figure incontournable des sports de combat dans l'Hexagone. Retrouvez son entretien exclusif. Comme toujours, le Lion de l'Atlas \u00e9voque tous les sujets sans la", "start_date": "2026-09-02T04:00:00+00:00", "title": "Baba Versus"}, {"desc": null, "start_date": "2026-09-02T05:00:00+00:00", "title": "Judo : Grand Slam de Lausanne"}, {"desc": "Nouvelle \u00e9dition des ONE Friday Fights, au Lumpinee Stadium de Bangkok. A l'heure o\u00f9 nous \u00e9crivons, la carte des combats n'est pas encore d\u00e9voil\u00e9e. Mais l'organisation promet \"une nouvelle soir\u00e9e d'action incroyable en muay-tha\u00ef et en MMA\".", "start_date": "2026-09-02T07:00:00+00:00", "title": "Kickboxing : ONE Friday Fights"}, {"desc": null, "start_date": "2026-09-02T10:00:00+00:00", "title": "Baba Versus"}, {"desc": "A suivre, des combats qui se d\u00e9roulent dans le cadre du Zuffa Boxing, la f\u00e9d\u00e9ration de boxe cr\u00e9\u00e9e en 2025 par Dana White et Turki Al-Sheikh.", "start_date": "2026-09-02T11:00:00+00:00", "title": "Boxe : Zuffa Boxing"}, {"desc": null, "start_date": "2026-09-02T15:00:00+00:00", "title": "Judo : Grand Slam de Lausanne"}, {"desc": null, "start_date": "2026-09-02T17:30:00+00:00", "title": "Format Boxe"}, {"desc": null, "start_date": "2026-09-02T18:30:00+00:00", "title": "Format MMA"}, {"desc": null, "start_date": "2026-09-02T19:00:00+00:00", "title": "Legends"}, {"desc": "Consid\u00e9r\u00e9 comme l'un des plus grands talents du MMA fran\u00e7ais, Salahdine Parnasse signe officiellement \u00e0 l'UFC et sera en t\u00eate d'affiche de l'UFC Paris le 5 septembre 2026 \u00e0 l'Accor Arena face au N\u00e9o-Z\u00e9landais Dan Hooker. Ancien double champion du KSW, il s'attaque enfin \u00e0 la plus grande organisation mondiale.", "start_date": "2026-09-02T20:00:00+00:00", "title": "Salahdine Parnasse : la conqu\u00eate"}, {"desc": "Salahdine Parnasse se d\u00e9voile comme jamais dans ce nouvel \u00e9pisode de Baba Versus. Le Fran\u00e7ais a d\u00e9j\u00e0 conquis l'Europe alors qu'il n'a m\u00eame pas pass\u00e9 la trentaine. Double champion du KSW et star du MMA en France, Parnasse est aujourd'hui une figure incontournable des sports de combat dans l'Hexagone. Retrouvez son entretien exclusif. Comme toujours, le Lion de l'Atlas \u00e9voque tous les sujets sans la", "start_date": "2026-09-02T22:00:00+00:00", "title": "Baba Versus"}, {"desc": null, "start_date": "2026-09-02T23:30:00+00:00", "title": "Le Vestiaire : Sp\u00e9cial UFC Paris"}], "offset": "+00:00", "timezone": "UTC", "error_code": -1, "start_date": "2026-09-01", "icon": ""}