{"end_date": "2026-09-01", "name": "TV5 monde", "info_url": "https://epg.pw/channels/54020/20260831.html", "country": "France", "description": null, "error_message": "", "provider": "", "source_url": "https://epg.pw/api/epg.json?channel_id=54020&date=20260831&timezone=None", "epg_list": [{"desc": "La famille Pierroz, originaire de Martigny en Valais, est sur le point de r\u00e9aliser un r\u00eave ambitieux : partir vivre aux \u00c9tats-Unis. \u00c0 l'origine de cette aventure, Jean-Marie, le p\u00e8re de famille, a d\u00e9croch\u00e9 un poste chez Stadler Rail, une entreprise suisse de construction de trains qui vient d'ouvrir une usine \u00e0 Salt Lake City, dans l'Utah. Entre espoir et excitation, les Pierroz s'appr\u00eatent \u00e0 plon", "start_date": "2026-08-31T00:15:00+00:00", "title": "Bye bye la Suisse"}, {"desc": "La vie dans les vall\u00e9es alpines est fa\u00e7onn\u00e9e par des histoires, des mythes et des coutumes parfois \u00e9tranges qui rythment la vie quotidienne de leurs habitants.", "start_date": "2026-08-31T01:08:00+00:00", "title": "Les Alpes Suisses : Entre traditions et superstitions"}, {"desc": null, "start_date": "2026-08-31T02:00:00+00:00", "title": "Le 23h"}, {"desc": "Alors que Virgile se d\u00e9m\u00e8ne pour tenir ses engagements, Gary ne peut pas s'emp\u00eacher de mettre son nez dans les affaires des autres. Sabine, elle, se laisse tenter par une nouvelle rencontre.", "start_date": "2026-08-31T03:01:00+00:00", "title": "Un si grand soleil"}, {"desc": "Alors qu'Elise tient un nouveau fil pour son enqu\u00eate, Jade prend tous les risques pour mener son plan \u00e0 ex\u00e9cution. Claudine, elle, a une id\u00e9e derri\u00e8re la t\u00eate. Quant \u00e0 In\u00e8s, a-t-elle fait le bon choix ?", "start_date": "2026-08-31T03:23:00+00:00", "title": "Un si grand soleil"}, {"desc": "Bijou de l'art baroque et t\u00e9moin artistique de la Sicile, le Palazzo Gangi, ancienne r\u00e9sidence des princes Valguarnera puis des princes Gangi, se dresse au centre de Palerme. Il a servi de d\u00e9cor \u00e0 Luchino Visconti pour le film \"Le Gu\u00e9pard\".", "start_date": "2026-08-31T03:45:00+00:00", "title": "Demeures de collectionneurs"}, {"desc": null, "start_date": "2026-08-31T03:58:00+00:00", "title": "Le 6h info"}, {"desc": null, "start_date": "2026-08-31T04:24:00+00:00", "title": "M\u00e9t\u00e9o"}, {"desc": null, "start_date": "2026-08-31T04:29:00+00:00", "title": "T\u00e9l\u00e9matin"}, {"desc": "Bernard Cerquiglini d\u00e9cortique les curiosit\u00e9s de la langue fran\u00e7aise et d\u00e9taille les r\u00e8gles de grammaire, d'accords, ou les tournures de phrases parfois curieuses.", "start_date": "2026-08-31T04:45:00+00:00", "title": "Merci Professeur"}, {"desc": null, "start_date": "2026-08-31T04:50:00+00:00", "title": "T\u00e9l\u00e9matin"}, {"desc": "Th\u00e9o est de retour, plus angoiss\u00e9 que jamais ! Entre sa toute nouvelle vie de couple ses interrogations existentielles qui le surprennent sans crier gare, ses TOC et des situations embarrassantes qui se pr\u00e9sentent quotidiennement, il va lui falloir mettre en place quelques \"adaptations\" qui lui paraissent bien s\u00fbr, insurmontables. Cette saison 2, et particuli\u00e8rement l'\u00e9pisode 6 a \u00e9t\u00e9 r\u00e9compens\u00e9 du", "start_date": "2026-08-31T05:22:00+00:00", "title": "Flipp\u00e9"}, {"desc": "Le daman, la marmotte \u00e9l\u00e9phant.", "start_date": "2026-08-31T05:24:00+00:00", "title": "Anne-so what ?"}, {"desc": null, "start_date": "2026-08-31T05:29:00+00:00", "title": "T\u00e9l\u00e9matin"}, {"desc": "Mode, design, gastronomie, art de vivre, chaque petit reportage, extrait du magazine Version fran\u00e7aise, est une illustration du chic \u00e0 la fran\u00e7aise.", "start_date": "2026-08-31T05:50:00+00:00", "title": "VF"}, {"desc": "Mode, design, gastronomie, art de vivre, chaque petit reportage, extrait du magazine Version fran\u00e7aise, est une illustration du chic \u00e0 la fran\u00e7aise.", "start_date": "2026-08-31T05:53:00+00:00", "title": "VF"}, {"desc": null, "start_date": "2026-08-31T06:00:00+00:00", "title": "Le t\u00e9l\u00e9journal"}, {"desc": "Quatre jeunes dinosaures, Rocky, Bill, Tiny et Mazu, grandissent dans un monde en pleine formation lui aussi : on y croise des pluies de m\u00e9t\u00e9orites, des volcans, des brachiosaures, d'\u00e9normes tric\u00e9ratops et aussi le grand m\u00e9chant loup ! Ou du moins son \u00e9quivalent au Cr\u00e9tac\u00e9 : le grand m\u00e9chant Gigantosaurus. C'est un animal \u00e9trange dont le nom seul suffit \u00e0 faire tressaillir les quatre comp\u00e8res.", "start_date": "2026-08-31T06:21:00+00:00", "title": "Gigantosaurus"}, {"desc": null, "start_date": "2026-08-31T06:32:00+00:00", "title": "Top cornichon"}, {"desc": "A bord de son minuscule vaisseau, le Positron, Capitaine Tonus voyage \u00e0 l'int\u00e9rieur d'un corps humain afin d'en observer le fonctionnement. Elle peut ainsi expliquer les r\u00e8gles de bonne sant\u00e9 de l'int\u00e9rieur ! Elle est second\u00e9e dans ses p\u00e9rip\u00e9ties par son amusant ordinateur de bord hyper\u00e9motif baptis\u00e9 Neurone.", "start_date": "2026-08-31T06:38:00+00:00", "title": "Capitaine Tonus"}, {"desc": "C'est l'hiver et il n'y a toujours pas de neige, quelle d\u00e9ception\u2026 Olive repeint le ciel en gris, et soudain, c'est la temp\u00eate. Tant mieux, ils peuvent faire un bonhomme de neige, qu'ils appelleront Bernulf. Mais le soleil est revenu et Bernulf commence \u00e0 fondre. Vite il faut l'emmener tout en haut de la montagne !", "start_date": "2026-08-31T06:41:00+00:00", "title": "Les Quiquoi"}, {"desc": "Koumi, 6 ans, gaie et espi\u00e8gle, r\u00eave de conna\u00eetre tous les animaux du monde. Gr\u00e2ce \u00e0 son imagier, elle part \u00e0 leur rencontre.", "start_date": "2026-08-31T06:48:00+00:00", "title": "L'imagier anim\u00e9 de Koumi"}, {"desc": "Kenda est une petite fille pleine d'\u00e9nergie, qui d\u00e9tient le livre de la sagesse, appel\u00e9 \"Fleoua\". Ce livre, dont elle a h\u00e9rit\u00e9 de son grand-p\u00e8re, l'oriente dans ses choix importants et est un conseiller pour elle et sa bande de 4 amis.", "start_date": "2026-08-31T06:54:00+00:00", "title": "Kenda"}, {"desc": "Avec humour et fantaisie, Braillard, Colombe et Lablatte mettent en lumi\u00e8re les us et coutumes, les grandes inventions, les personnages embl\u00e9matiques, les ph\u00e9nom\u00e8nes et les sites incontournables de l'Antiquit\u00e9. En changeant de r\u00f4les, d'\u00e9poques et de costumes, ils se plongent dans les 1001 mondes antiques, que ce soit en Egypte, en Gr\u00e8ce, \u00e0 Rome ou en Asie, en Afrique Sub-saharienne et au Moyen-Ori", "start_date": "2026-08-31T06:59:00+00:00", "title": "1001 Mondes antiques"}, {"desc": "Sous son escalier, Alix d\u00e9couvre un passage menant \u00e0 un monde fantaisiste dans lequel vivent d'\u00e9tonnants personnages. Dans cet univers, la jeune fille d\u00e9bordante d'imagination s'\u00e9vade pour vivre des aventures rocambolesques en compagnie de Chapelier et de ses amis, les Merveilleux.", "start_date": "2026-08-31T07:02:00+00:00", "title": "Alix et les Merveilleux"}, {"desc": "A Cond\u00e9-sur-Iton, des passionn\u00e9s d'automobile ont r\u00e9uni des voitures embl\u00e9matiques mais aussi des mod\u00e8les moins connus de marques allemandes.", "start_date": "2026-08-31T07:29:00+00:00", "title": "Vroum"}, {"desc": "Aurore Morisse, l'experte li\u00e9geoise d'\"Affaire conclue\", revient sur son parcours et raconte comment elle a \u00e9t\u00e9 rep\u00e9r\u00e9e pour int\u00e9grer l'\u00e9quipe de l'\u00e9mission.", "start_date": "2026-08-31T07:56:00+00:00", "title": "Stoemp, p\u00e8k\u00e8t... et des rawettes !"}, {"desc": "Miyano Sakai est la cheffe-propri\u00e9taire du Tora-Ya Ramen, un restaurant japonais dans le quartier Saint-Roch \u00e0 Qu\u00e9bec. On d\u00e9couvre avec elle les bo\u00eetes bento, les gyozas et la fameuse soupe ramen. D\u00e9gustation de sak\u00e9s \u00e0 la cl\u00e9.", "start_date": "2026-08-31T08:27:00+00:00", "title": "Donner l'go\u00fbt"}, {"desc": "R\u00e9sum\u00e9 des matchs, commentaires, analyses, apr\u00e8s chaque journ\u00e9e de la Ligue 1 McDonald's, le championnat de France de football.", "start_date": "2026-08-31T08:53:00+00:00", "title": "Ligue 1 McDonald's : le r\u00e9cap"}, {"desc": "R\u00e9sum\u00e9 des matchs, commentaires, analyses, apr\u00e8s chaque journ\u00e9e de la Ligue 1 McDonald's, le championnat de France de football.", "start_date": "2026-08-31T09:21:00+00:00", "title": "Ligue 1 McDonald's : le r\u00e9cap"}, {"desc": "Le Baron (1989). Eric d'Huart a la trentaine. Il a h\u00e9rit\u00e9 d'une fortune certaine, mais se doit de le faire fructifier pour ses futurs descendants. ONEM ou on n'aime pas (1993). Le quotidien de cette contr\u00f4leuse de l'ONEM est de contr\u00f4ler les ch\u00f4meurs pour traquer les fraudeurs...", "start_date": "2026-08-31T09:31:00+00:00", "title": "Strip-tease"}, {"desc": "Au coeur de la Touraine, le ch\u00e2teau de Sach\u00e9 \u00e9tait le lieu d'inspiration privil\u00e9gi\u00e9 d'Honor\u00e9 de Balzac, qui u a \u00e9crit bon nombre de ses oeuvres.", "start_date": "2026-08-31T10:01:00+00:00", "title": "Ch\u00e2teau !"}, {"desc": "Un nouvel agent de l'IGPN, bien connu de l'\u00e9quipe de Becker, d\u00e9barque au commissariat. Pendant ce temps chez L. Cosm\u00e9tiques, Enric se demande s'il aurait sa chance avec Caroline.", "start_date": "2026-08-31T10:17:00+00:00", "title": "Un si grand soleil"}, {"desc": "La po\u00e9sie, une parenth\u00e8se enchant\u00e9e dans un quotidien satur\u00e9 d'informations. Des interpr\u00e8tes d'horizons divers, c\u00e9l\u00e8bres ou moins connus, s'emparent d'un po\u00e8me et le r\u00e9citent dans un lieu inattendu, cr\u00e9ant des associations harmonieuses ou contrast\u00e9es. Objectif : d\u00e9mocratiser la po\u00e9sie en la rendant accessible et attractive pour tous les publics.", "start_date": "2026-08-31T10:40:00+00:00", "title": "Stances"}, {"desc": null, "start_date": "2026-08-31T10:45:00+00:00", "title": "Tout le monde veut prendre sa place"}, {"desc": null, "start_date": "2026-08-31T11:30:00+00:00", "title": "JT 19h30"}, {"desc": "L'\u00e9quipe, confront\u00e9e \u00e0 l'hospitalisation de son commissaire, Gaspard Watson, va \u00eatre conduite \u00e0 arpenter toute l'\u00eele pour enqu\u00eater, appel\u00e9e pour des crimes et des d\u00e9lits aussi bien dans une plantation de caf\u00e9 que dans une ferme, ou sur les rives de la r\u00e9serve naturelle de l'\u00e9tang Saint-Paul. L'arriv\u00e9e du myst\u00e9rieux capitaine Nico Chane est tout aussi d\u00e9stabilisant. Les acteurs David Baiot et Elodi", "start_date": "2026-08-31T12:00:00+00:00", "title": "OPJ"}, {"desc": "L'\u00e9quipe, confront\u00e9e \u00e0 l'hospitalisation de son commissaire, Gaspard Watson, va \u00eatre conduite \u00e0 arpenter toute l'\u00eele pour enqu\u00eater, appel\u00e9e pour des crimes et des d\u00e9lits aussi bien dans une plantation de caf\u00e9 que dans une ferme, ou sur les rives de la r\u00e9serve naturelle de l'\u00e9tang Saint-Paul. L'arriv\u00e9e du myst\u00e9rieux capitaine Nico Chane est tout aussi d\u00e9stabilisant. Les acteurs David Baiot et Elodi", "start_date": "2026-08-31T12:53:00+00:00", "title": "OPJ"}, {"desc": "Au coeur de la Touraine, le ch\u00e2teau de Sach\u00e9 \u00e9tait le lieu d'inspiration privil\u00e9gi\u00e9 d'Honor\u00e9 de Balzac, qui u a \u00e9crit bon nombre de ses oeuvres.", "start_date": "2026-08-31T13:46:00+00:00", "title": "Ch\u00e2teau !"}, {"desc": "Dans le grenier d'une maison, loin du regard des humains, Minusville est une ville am\u00e9nag\u00e9e par les jouets, compos\u00e9e d'emballages du quotidien. Comme ailleurs, vivre en harmonie s'av\u00e8re un d\u00e9fi car chacun a sa propre personnalit\u00e9 et sa propre fa\u00e7on de jouer.", "start_date": "2026-08-31T14:00:00+00:00", "title": "Les Minus"}, {"desc": "Install\u00e9e depuis peu \u00e0 la Cit\u00e9 des clapiers, la famille Croquemoutard, compos\u00e9e de trolls, est surprise de d\u00e9couvrir les petites manies des \u00eatres humains qui les entourent. Entre confrontations et coutumes \u00e9tranges, pas s\u00fbr que les plus bizarres soient ceux que l'on croit. Une s\u00e9rie pleine d'inventivit\u00e9 qui, mine de rien, fait un \u00e9loge salutaire de la diff\u00e9rence et du vivre ensemble.", "start_date": "2026-08-31T14:11:00+00:00", "title": "Les Croquemoutard"}, {"desc": "Derri\u00e8re son apparence d'adolescent, Liam est en fait un andro\u00efde con\u00e7u dans le plus grand secret au Laboratoire mondial d'intelligence artificielle. Son existence va \u00eatre r\u00e9v\u00e9l\u00e9e lors de la Belmont Science Fair, qui r\u00e9unit des jeunes g\u00e9nies du monde entier. Liam s'\u00e9chappe du laboratoire car le docteur Wood, son cr\u00e9ateur, veut le r\u00e9initialiser depuis qu'il a d\u00e9couvert que l'andro\u00efde a d\u00e9velopp\u00e9 de", "start_date": "2026-08-31T14:22:00+00:00", "title": "Liam"}, {"desc": "Qu'il s'agisse de petits tracas ou de probl\u00e9matiques de vie plus complexes, Th\u00e9o Curin invite des enfants de 7 \u00e0 12 ans \u00e0 se confier sur les sujets qui les pr\u00e9occupent. Accompagn\u00e9 d'Alicia Cohen-Freoua et Fabien Richard, il tente de leur donner des clefs pour avancer.", "start_date": "2026-08-31T14:45:00+00:00", "title": "T'es au top"}, {"desc": "\"Les vaccins et l'\u00e9chec de l'hydroxychloroquine\". L'hydroxychloroquine et la chloroquine ont fait couler beaucoup d'encre comme traitements potentiels contre la Covid-19. \"Freiner la deuxi\u00e8me vague\". \"Nouvelles mesures de ventilation\". \"In\u00e9gaux face au virus\". \"Une faucheuse silencieuse\". \"Ornithologie en temps de confinement\".", "start_date": "2026-08-31T15:01:00+00:00", "title": "Le Point"}, {"desc": "Des s\u00e9quences humoristiques en compagnie de nombreux com\u00e9diens et artistes francophones.", "start_date": "2026-08-31T15:51:00+00:00", "title": "Tarmac Comedy"}, {"desc": "Des s\u00e9quences humoristiques en compagnie de nombreux com\u00e9diens et artistes francophones.", "start_date": "2026-08-31T15:55:00+00:00", "title": "Tarmac Comedy"}, {"desc": "Rendez-vous de l'information et de la culture francophone propos\u00e9 par la r\u00e9daction de TV5 Monde, \"64' Le monde en fran\u00e7ais\" met l'accent sur l'actualit\u00e9 mondiale, l'actualit\u00e9 francophone, culturelle, politique, \u00e9conomique, sociale, et soci\u00e9tale ainsi que sur l'information d\u00e9velopp\u00e9e par les partenaires historiques de TV5 Monde : la RTBF, la RTS, Radio Canada, T\u00e9l\u00e9-Qu\u00e9bec, France 2, France 3.", "start_date": "2026-08-31T16:00:00+00:00", "title": "64' Actu"}, {"desc": null, "start_date": "2026-08-31T16:27:00+00:00", "title": "M\u00e9t\u00e9o"}, {"desc": "Rendez-vous de l'information et de la culture francophone propos\u00e9 par la r\u00e9daction de TV5 Monde, \"64' Le monde en fran\u00e7ais\" met l'accent sur l'actualit\u00e9 mondiale, l'actualit\u00e9 francophone, culturelle, politique, \u00e9conomique, sociale, et soci\u00e9tale ainsi que sur l'information d\u00e9velopp\u00e9e par les partenaires historiques de TV5 Monde : la RTBF, la RTS, Radio Canada, T\u00e9l\u00e9-Qu\u00e9bec, France 2, France 3.", "start_date": "2026-08-31T16:30:00+00:00", "title": "64' D\u00e9bat"}, {"desc": "Rencontre avec des artistes, des \u00e9crivains, des acteurs et tous ceux qui font vibrer notre \u00e9poque. \"L'invit\u00e9\" est le rendez-vous des personnalit\u00e9s qui font l'actualit\u00e9.", "start_date": "2026-08-31T16:53:00+00:00", "title": "L'invit\u00e9"}, {"desc": "Un nouvel agent de l'IGPN, bien connu de l'\u00e9quipe de Becker, d\u00e9barque au commissariat. Pendant ce temps chez L. Cosm\u00e9tiques, Enric se demande s'il aurait sa chance avec Caroline.", "start_date": "2026-08-31T17:01:00+00:00", "title": "Un si grand soleil"}, {"desc": "Alors qu'Elisabeth voit Cl\u00e9mence s'incruster \u00e0 sa soir\u00e9e avec Alain, la vie de Johanna s'appr\u00eate \u00e0 basculer.", "start_date": "2026-08-31T17:23:00+00:00", "title": "Un si grand soleil"}, {"desc": "Une \u00e9mission consacr\u00e9e \u00e0 la cr\u00e9ation fran\u00e7aise et \u00e0 la mode. Elle dresse le portrait de cr\u00e9ateurs passionn\u00e9s et analyse des tendances actuelles ou qui ont profond\u00e9ment marqu\u00e9 l'histoire de la mode.", "start_date": "2026-08-31T17:46:00+00:00", "title": "Tendance XXI"}, {"desc": "Une \u00e9mission consacr\u00e9e \u00e0 la cr\u00e9ation fran\u00e7aise et \u00e0 la mode. Elle dresse le portrait de cr\u00e9ateurs passionn\u00e9s et analyse des tendances actuelles ou qui ont profond\u00e9ment marqu\u00e9 l'histoire de la mode.", "start_date": "2026-08-31T17:55:00+00:00", "title": "Tendance XXI"}, {"desc": null, "start_date": "2026-08-31T18:00:00+00:00", "title": "Le Journal de la RTS"}, {"desc": "Bernard Cerquiglini d\u00e9cortique les curiosit\u00e9s de la langue fran\u00e7aise et d\u00e9taille les r\u00e8gles de grammaire, d'accords, ou les tournures de phrases parfois curieuses.", "start_date": "2026-08-31T18:26:00+00:00", "title": "Merci Professeur"}, {"desc": null, "start_date": "2026-08-31T18:30:00+00:00", "title": "Le Journal de France 2"}, {"desc": null, "start_date": "2026-08-31T19:00:00+00:00", "title": "M\u00e9t\u00e9o"}, {"desc": "Pour cette neuvi\u00e8me \u00e9mission de la saison, l'\u00e9quipe qui vient tenter de r\u00e9cup\u00e9rer le tr\u00e9sor du Fort est compos\u00e9e d'Alexis et F\u00e9lix Lebrun, Simon Gauzy, Laurent Maistret, Sissy Mua et Laurent Romejko. Ils jouent ensemble pour le compte de l'association Heart and coeur, qui soutien les enfants atteints de cardiopathies cong\u00e9nitales.", "start_date": "2026-08-31T19:02:00+00:00", "title": "Fort Boyard"}, {"desc": null, "start_date": "2026-08-31T20:59:00+00:00", "title": "L'actu"}, {"desc": null, "start_date": "2026-08-31T21:29:00+00:00", "title": "M\u00e9t\u00e9o"}, {"desc": "Sa\u00e2d, Thuruban, Andrija et Luka, officiers suisses d'origine serbe, sri-lankaise et tunisienne, ont conserv\u00e9 un fort lien avec leur culture d'origine. Dans ce documentaire tr\u00e8s personnel, Luka Popadic explore leur vie militaire avec humour et sinc\u00e9rit\u00e9, remettant en question les pr\u00e9jug\u00e9s sur la patrie, l'int\u00e9gration et la diversit\u00e9. Des sc\u00e8nes du quotidien, des entretiens personnels et des archive", "start_date": "2026-08-31T21:31:00+00:00", "title": "De vrais Suisses"}, {"desc": null, "start_date": "2026-08-31T22:40:00+00:00", "title": "Le journal Afrique"}, {"desc": null, "start_date": "2026-08-31T22:49:00+00:00", "title": "Le journal Afrique"}, {"desc": "Un nageur talentueux de 16 ans, se pr\u00e9pare \u00e0 entrer en sport-\u00e9tudes. Cet \u00e9v\u00e9nement r\u00e9veille les souvenirs d'abus que le jeune gar\u00e7on a subis par le pass\u00e9.", "start_date": "2026-08-31T23:11:00+00:00", "title": "Un bon gar\u00e7on"}, {"desc": null, "start_date": "2026-08-31T23:15:00+00:00", "title": "M\u00e9t\u00e9o"}, {"desc": "Au IVe si\u00e8cle, Saint Martin, \u00e9v\u00eaque de Tours et grand voyageur, a arpent\u00e9 les chemins du Poitou \u00e0 la Touraine. Depuis, trois chemins de randonn\u00e9e balis\u00e9s ont \u00e9t\u00e9 cr\u00e9\u00e9s pour marcher dans les pas de cet illustre pr\u00e9d\u00e9cesseur. Ces itin\u00e9raires sont des tron\u00e7ons de la Via sancti Martini qui permet de traverser l'Europe d'Ouest en Est. De Poitiers \u00e0 Tours, en passant par Ligug\u00e9, Candes-Saint-Martin ou e", "start_date": "2026-08-31T23:18:00+00:00", "title": "Les 100 lieux qu'il faut voir"}, {"desc": "Pour faire diversion pendant qu'une f\u00eate surprise se pr\u00e9pare pour l'anniversaire de sa fille, son p\u00e8re l'emm\u00e8ne continuer leurs le\u00e7ons de conduite.", "start_date": "2026-08-31T23:30:00+00:00", "title": "En voiture Clara"}, {"desc": "En 1759, une esclave autochtone d'un chirurgien de la vall\u00e9e du Saint-Laurent, voit sa vie boulevers\u00e9e par la rencontre d'une enfant qu'elle croit \u00eatre sa fille.", "start_date": "2026-08-31T23:45:00+00:00", "title": "Les mains sales"}, {"desc": "R\u00e9v\u00e9l\u00e9 par la Star Academy, o\u00f9 son r\u00f4le de prof de th\u00e9\u00e2tre lui a fait gagner le coeur du public fran\u00e7ais, il est connu depuis longtemps comme animateur et chroniqueur \u00e0 la RTBF. On le voit aussi sur sc\u00e8ne, dans un spectacle plein de malice qui met en valeur son amour de la musique. Sans oublier qu'il a \u00e9t\u00e9 sacr\u00e9 champion du monde d'impro en 2009 ! Quelle est l'histoire, et surtout quel est le mote", "start_date": "2026-09-01T00:11:00+00:00", "title": "Dans la bulle de..."}, {"desc": "Billard, baby-foot : Ren\u00e9 Pierre est le fabricant fran\u00e7ais de r\u00e9f\u00e9rence des tables de jeu. Tout savoir sur le bistrot, symbole de la gastronomie populaire. Rencontre avec Nicolas Jurnjack : quand coiffer est aussi l'occasion de cr\u00e9er et de s'exprimer dans l'univers de la mode. Comment porter le corset.", "start_date": "2026-09-01T00:44:00+00:00", "title": "Tendance XXI"}, {"desc": "A l'\u00e2ge de 53 ans, la com\u00e9dienne Genevi\u00e8ve Langlois d\u00e9cide de couper ses cheveux courts et de laisser pousser sa vraie couleur naturelle. Une r\u00e9volution intime et politique.", "start_date": "2026-09-01T01:12:00+00:00", "title": "La r\u00e9volution grise, une m\u00e8che \u00e0 la fois"}, {"desc": null, "start_date": "2026-09-01T02:00:00+00:00", "title": "Le 23h"}, {"desc": "Alors que Virgile se d\u00e9m\u00e8ne pour tenir ses engagements, Gary ne peut pas s'emp\u00eacher de mettre son nez dans les affaires des autres. Sabine, elle, se laisse tenter par une nouvelle rencontre.", "start_date": "2026-09-01T03:02:00+00:00", "title": "Un si grand soleil"}, {"desc": "Alors qu'Enzo a un coup de c\u0153ur pour la mauvaise personne, Sabine ne se prive pas d'une petite vengeance personnelle. Quant \u00e0 Gary, il continue son enqu\u00eate pour en savoir plus.", "start_date": "2026-09-01T03:24:00+00:00", "title": "Un si grand soleil"}, {"desc": "Transform\u00e9 au fil des si\u00e8cles et au gr\u00e9 des diff\u00e9rents propri\u00e9taires en ch\u00e2teau de plaisance, le domaine de Valen\u00e7ay a \u00e9t\u00e9 acquis en 1803 par le prince de Talleyrand.", "start_date": "2026-09-01T03:45:00+00:00", "title": "Demeures de collectionneurs"}, {"desc": null, "start_date": "2026-09-01T03:58:00+00:00", "title": "Le 6h info"}, {"desc": null, "start_date": "2026-09-01T04:24:00+00:00", "title": "M\u00e9t\u00e9o"}, {"desc": null, "start_date": "2026-09-01T04:29:00+00:00", "title": "T\u00e9l\u00e9matin"}, {"desc": "Bernard Cerquiglini d\u00e9cortique les curiosit\u00e9s de la langue fran\u00e7aise et d\u00e9taille les r\u00e8gles de grammaire, d'accords, ou les tournures de phrases parfois curieuses.", "start_date": "2026-09-01T04:45:00+00:00", "title": "Merci Professeur"}, {"desc": null, "start_date": "2026-09-01T04:50:00+00:00", "title": "T\u00e9l\u00e9matin"}, {"desc": "Th\u00e9o est de retour, plus angoiss\u00e9 que jamais ! Entre sa toute nouvelle vie de couple ses interrogations existentielles qui le surprennent sans crier gare, ses TOC et des situations embarrassantes qui se pr\u00e9sentent quotidiennement, il va lui falloir mettre en place quelques \"adaptations\" qui lui paraissent bien s\u00fbr, insurmontables. Cette saison 2, et particuli\u00e8rement l'\u00e9pisode 6 a \u00e9t\u00e9 r\u00e9compens\u00e9 du", "start_date": "2026-09-01T05:22:00+00:00", "title": "Flipp\u00e9"}, {"desc": "Le silure est un poisson d'eau douce sans \u00e9cailles, \u00e0 la peau recouverte de mucus, qui mesure en moyenne 1,5 m\u00e8tres de long et dont le poids varie entre 50 et 150 kg.", "start_date": "2026-09-01T05:24:00+00:00", "title": "Anne-so what ?"}, {"desc": null, "start_date": "2026-09-01T05:29:00+00:00", "title": "T\u00e9l\u00e9matin"}, {"desc": "Mode, design, gastronomie, art de vivre, chaque petit reportage, extrait du magazine Version fran\u00e7aise, est une illustration du chic \u00e0 la fran\u00e7aise.", "start_date": "2026-09-01T05:50:00+00:00", "title": "VF"}, {"desc": "Mode, design, gastronomie, art de vivre, chaque petit reportage, extrait du magazine Version fran\u00e7aise, est une illustration du chic \u00e0 la fran\u00e7aise.", "start_date": "2026-09-01T05:54:00+00:00", "title": "VF"}, {"desc": null, "start_date": "2026-09-01T06:00:00+00:00", "title": "Le t\u00e9l\u00e9journal"}, {"desc": "Quatre jeunes dinosaures, Rocky, Bill, Tiny et Mazu, grandissent dans un monde en pleine formation lui aussi : on y croise des pluies de m\u00e9t\u00e9orites, des volcans, des brachiosaures, d'\u00e9normes tric\u00e9ratops et aussi le grand m\u00e9chant loup ! Ou du moins son \u00e9quivalent au Cr\u00e9tac\u00e9 : le grand m\u00e9chant Gigantosaurus. C'est un animal \u00e9trange dont le nom seul suffit \u00e0 faire tressaillir les quatre comp\u00e8res.", "start_date": "2026-09-01T06:26:00+00:00", "title": "Gigantosaurus"}, {"desc": null, "start_date": "2026-09-01T06:37:00+00:00", "title": "Top cornichon"}, {"desc": "A bord de son minuscule vaisseau, le Positron, Capitaine Tonus voyage \u00e0 l'int\u00e9rieur d'un corps humain afin d'en observer le fonctionnement. Elle peut ainsi expliquer les r\u00e8gles de bonne sant\u00e9 de l'int\u00e9rieur ! Elle est second\u00e9e dans ses p\u00e9rip\u00e9ties par son amusant ordinateur de bord hyper\u00e9motif baptis\u00e9 Neurone.", "start_date": "2026-09-01T06:43:00+00:00", "title": "Capitaine Tonus"}, {"desc": "C'est l'hiver et il n'y a toujours pas de neige, quelle d\u00e9ception\u2026 Olive repeint le ciel en gris, et soudain, c'est la temp\u00eate. Tant mieux, ils peuvent faire un bonhomme de neige, qu'ils appelleront Bernulf. Mais le soleil est revenu et Bernulf commence \u00e0 fondre. Vite il faut l'emmener tout en haut de la montagne !", "start_date": "2026-09-01T06:46:00+00:00", "title": "Les Quiquoi"}, {"desc": "Koumi, 6 ans, gaie et espi\u00e8gle, r\u00eave de conna\u00eetre tous les animaux du monde. Gr\u00e2ce \u00e0 son imagier, elle part \u00e0 leur rencontre.", "start_date": "2026-09-01T06:53:00+00:00", "title": "L'imagier anim\u00e9 de Koumi"}, {"desc": "Sous son escalier, Alix d\u00e9couvre un passage menant \u00e0 un monde fantaisiste dans lequel vivent d'\u00e9tonnants personnages. Dans cet univers, la jeune fille d\u00e9bordante d'imagination s'\u00e9vade pour vivre des aventures rocambolesques en compagnie de Chapelier et de ses amis, les Merveilleux.", "start_date": "2026-09-01T06:58:00+00:00", "title": "Alix et les Merveilleux"}, {"desc": "Avec humour et fantaisie, Braillard, Colombe et Lablatte mettent en lumi\u00e8re les us et coutumes, les grandes inventions, les personnages embl\u00e9matiques, les ph\u00e9nom\u00e8nes et les sites incontournables de l'Antiquit\u00e9. En changeant de r\u00f4les, d'\u00e9poques et de costumes, ils se plongent dans les 1001 mondes antiques, que ce soit en Egypte, en Gr\u00e8ce, \u00e0 Rome ou en Asie, en Afrique Sub-saharienne et au Moyen-Ori", "start_date": "2026-09-01T07:22:00+00:00", "title": "1001 Mondes antiques"}, {"desc": "A Cin\u00e9-Zoo, en Estrie, au Qu\u00e9bec, des animaux sont entra\u00een\u00e9s \u00e0 \u00e9voluer devant des cam\u00e9ras pour le cin\u00e9ma et la t\u00e9l\u00e9vision. Jean Cardinal, le fondateur du sanctuaire, invite \u00e0 suivre son quotidien et \u00e0 observer sa relation unique avec ses amies les b\u00eates.", "start_date": "2026-09-01T07:29:00+00:00", "title": "B\u00eates de film"}, {"desc": "Visite de l'ancienne carri\u00e8re de Montchaton, r\u00e9am\u00e9nag\u00e9e par le conservatoire d'espace naturel de Normandie. En Seine-Maritime, une famille a relanc\u00e9 une exploitation de lin textile. Puis focus sur une cr\u00e8che \u00e9co-responsable et sur le papillon Damier de la Succise.", "start_date": "2026-09-01T07:52:00+00:00", "title": "Pistes vertes"}, {"desc": "Accompagn\u00e9e de Nathalie Devantay, Annick Jeanmairet propose une recette de casoncellis, des raviolis en forme de croissant. D\u00e9couverte de la torr\u00e9e, une tradition neuch\u00e2teloise.", "start_date": "2026-09-01T08:20:00+00:00", "title": "Les saisons de pique-assiette"}, {"desc": "A Cond\u00e9-sur-Iton, des passionn\u00e9s d'automobile ont r\u00e9uni des voitures embl\u00e9matiques mais aussi des mod\u00e8les moins connus de marques allemandes.", "start_date": "2026-09-01T08:47:00+00:00", "title": "Vroum"}, {"desc": "Du lundi au samedi, \"C dans l'air\" donne les cl\u00e9s pour comprendre dans sa globalit\u00e9 un \u00e9v\u00e9nement ou un sujet d'actualit\u00e9 de premi\u00e8re importance, en permettant aux t\u00e9l\u00e9spectateurs d'intervenir dans le d\u00e9bat ou de poser des questions par SMS ou Internet. Plusieurs reportages illustrent le sujet et des sp\u00e9cialistes, sur le plateau, l'\u00e9clairent de leurs r\u00e9flexions.", "start_date": "2026-09-01T09:16:00+00:00", "title": "C dans l'air"}, {"desc": "Alors qu'Elisabeth voit Cl\u00e9mence s'incruster \u00e0 sa soir\u00e9e avec Alain, la vie de Johanna s'appr\u00eate \u00e0 basculer.", "start_date": "2026-09-01T10:22:00+00:00", "title": "Un si grand soleil"}, {"desc": null, "start_date": "2026-09-01T10:45:00+00:00", "title": "Tout le monde veut prendre sa place"}, {"desc": null, "start_date": "2026-09-01T11:30:00+00:00", "title": "JT 19h30"}, {"desc": "Issue d'une famille modeste, Madeleine poss\u00e8de un caract\u00e8re de battante et de grandes ambitions. La jeune femme se rend en Corse pour pr\u00e9parer l'oral du concours d'entr\u00e9e \u00e0 l'ENA dans la maison de vacances d'Antoine, son compagnon. Sur place, Madeleine ne cache son r\u00eave de devenir pr\u00e9sidente de la R\u00e9publique, d\u00e9termin\u00e9e \u00e0 faire \u00e9voluer les mentalit\u00e9s et une situation sociale qu'elle juge alarmante", "start_date": "2026-09-01T12:03:00+00:00", "title": "De grandes esp\u00e9rances"}, {"desc": "La construction du ch\u00e2teau de Jallanges, sur la commune de Vernou-sur-Brenne, a \u00e9t\u00e9 lanc\u00e9e par Louis XI. S'appuyant sur les fondations d'un ch\u00e2teau f\u00e9odal local, il donne au nouvel \u00e9difice une inspiration Renaissance v\u00e9nitienne.", "start_date": "2026-09-01T13:45:00+00:00", "title": "Ch\u00e2teau !"}, {"desc": "Dans le grenier d'une maison, loin du regard des humains, Minusville est une ville am\u00e9nag\u00e9e par les jouets, compos\u00e9e d'emballages du quotidien. Comme ailleurs, vivre en harmonie s'av\u00e8re un d\u00e9fi car chacun a sa propre personnalit\u00e9 et sa propre fa\u00e7on de jouer.", "start_date": "2026-09-01T14:00:00+00:00", "title": "Les Minus"}, {"desc": "Install\u00e9e depuis peu \u00e0 la Cit\u00e9 des clapiers, la famille Croquemoutard, compos\u00e9e de trolls, est surprise de d\u00e9couvrir les petites manies des \u00eatres humains qui les entourent. Entre confrontations et coutumes \u00e9tranges, pas s\u00fbr que les plus bizarres soient ceux que l'on croit. Une s\u00e9rie pleine d'inventivit\u00e9 qui, mine de rien, fait un \u00e9loge salutaire de la diff\u00e9rence et du vivre ensemble.", "start_date": "2026-09-01T14:11:00+00:00", "title": "Les Croquemoutard"}, {"desc": "Derri\u00e8re son apparence d'adolescent, Liam est en fait un andro\u00efde con\u00e7u dans le plus grand secret au Laboratoire mondial d'intelligence artificielle. Son existence va \u00eatre r\u00e9v\u00e9l\u00e9e lors de la Belmont Science Fair, qui r\u00e9unit des jeunes g\u00e9nies du monde entier. Liam s'\u00e9chappe du laboratoire car le docteur Wood, son cr\u00e9ateur, veut le r\u00e9initialiser depuis qu'il a d\u00e9couvert que l'andro\u00efde a d\u00e9velopp\u00e9 de", "start_date": "2026-09-01T14:22:00+00:00", "title": "Liam"}, {"desc": "Qu'il s'agisse de petits tracas ou de probl\u00e9matiques de vie plus complexes, Th\u00e9o Curin invite des enfants de 7 \u00e0 12 ans \u00e0 se confier sur les sujets qui les pr\u00e9occupent. Accompagn\u00e9 d'Alicia Cohen-Freoua et Fabien Richard, il tente de leur donner des clefs pour avancer.", "start_date": "2026-09-01T14:44:00+00:00", "title": "T'es au top"}, {"desc": "Des amis partent en voyage afin de d\u00e9couvrir des initiatives touristiques d\u00e9velopp\u00e9es de fa\u00e7on responsable et \u00e9cologique. L'occasion de vivre des exp\u00e9riences culturelles et humaines hors du commun.", "start_date": "2026-09-01T15:00:00+00:00", "title": "Partir autrement entre amis"}, {"desc": "Des s\u00e9quences humoristiques en compagnie de nombreux com\u00e9diens et artistes francophones.", "start_date": "2026-09-01T15:47:00+00:00", "title": "Tarmac Comedy"}, {"desc": "Des s\u00e9quences humoristiques en compagnie de nombreux com\u00e9diens et artistes francophones.", "start_date": "2026-09-01T15:52:00+00:00", "title": "Tarmac Comedy"}, {"desc": "Rendez-vous de l'information et de la culture francophone propos\u00e9 par la r\u00e9daction de TV5 Monde, \"64' Le monde en fran\u00e7ais\" met l'accent sur l'actualit\u00e9 mondiale, l'actualit\u00e9 francophone, culturelle, politique, \u00e9conomique, sociale, et soci\u00e9tale ainsi que sur l'information d\u00e9velopp\u00e9e par les partenaires historiques de TV5 Monde : la RTBF, la RTS, Radio Canada, T\u00e9l\u00e9-Qu\u00e9bec, France 2, France 3.", "start_date": "2026-09-01T16:00:00+00:00", "title": "64' Actu"}, {"desc": null, "start_date": "2026-09-01T16:27:00+00:00", "title": "M\u00e9t\u00e9o"}, {"desc": "Rendez-vous de l'information et de la culture francophone propos\u00e9 par la r\u00e9daction de TV5 Monde, \"64' Le monde en fran\u00e7ais\" met l'accent sur l'actualit\u00e9 mondiale, l'actualit\u00e9 francophone, culturelle, politique, \u00e9conomique, sociale, et soci\u00e9tale ainsi que sur l'information d\u00e9velopp\u00e9e par les partenaires historiques de TV5 Monde : la RTBF, la RTS, Radio Canada, T\u00e9l\u00e9-Qu\u00e9bec, France 2, France 3.", "start_date": "2026-09-01T16:30:00+00:00", "title": "64' D\u00e9bat"}, {"desc": "Rencontre avec des artistes, des \u00e9crivains, des acteurs et tous ceux qui font vibrer notre \u00e9poque. \"L'invit\u00e9\" est le rendez-vous des personnalit\u00e9s qui font l'actualit\u00e9.", "start_date": "2026-09-01T16:53:00+00:00", "title": "L'invit\u00e9"}, {"desc": "Alors qu'Elisabeth voit Cl\u00e9mence s'incruster \u00e0 sa soir\u00e9e avec Alain, la vie de Johanna s'appr\u00eate \u00e0 basculer.", "start_date": "2026-09-01T17:01:00+00:00", "title": "Un si grand soleil"}, {"desc": "Kira se voit confier une mission particuli\u00e8re par son patron. De son c\u00f4t\u00e9, Muriel d\u00e9couvre enfin l'identit\u00e9 de l'amant de Lucie.", "start_date": "2026-09-01T17:23:00+00:00", "title": "Un si grand soleil"}, {"desc": "Une \u00e9mission consacr\u00e9e \u00e0 la cr\u00e9ation fran\u00e7aise et \u00e0 la mode. Elle dresse le portrait de cr\u00e9ateurs passionn\u00e9s et analyse des tendances actuelles ou qui ont profond\u00e9ment marqu\u00e9 l'histoire de la mode.", "start_date": "2026-09-01T17:45:00+00:00", "title": "Tendance XXI"}, {"desc": null, "start_date": "2026-09-01T18:00:00+00:00", "title": "Le Journal de la RTS"}, {"desc": "Bernard Cerquiglini d\u00e9cortique les curiosit\u00e9s de la langue fran\u00e7aise et d\u00e9taille les r\u00e8gles de grammaire, d'accords, ou les tournures de phrases parfois curieuses.", "start_date": "2026-09-01T18:26:00+00:00", "title": "Merci Professeur"}, {"desc": null, "start_date": "2026-09-01T18:30:00+00:00", "title": "Le Journal de France 2"}, {"desc": null, "start_date": "2026-09-01T19:03:00+00:00", "title": "M\u00e9t\u00e9o"}, {"desc": "Le sosie de Johnny Hallyday a \u00e9t\u00e9 retrouv\u00e9 mort au volant d'une d\u00e9capotable am\u00e9ricaine. Gaby Molina et C\u00e9line Richer sont charg\u00e9es de mener l'enqu\u00eate dans l'univers \u00e0 paillettes de celles et ceux qui gagnent leur vie en cultivant leur ressemblance avec les stars. Pour comprendre les rivalit\u00e9s et jalousies de cet univers mal connu, les deux polici\u00e8res n'h\u00e9sitent pas : elles postulent pour int\u00e9grer ", "start_date": "2026-09-01T19:05:00+00:00", "title": "Le crime lui va si bien"}, {"desc": null, "start_date": "2026-09-01T20:32:00+00:00", "title": "L'actu"}, {"desc": null, "start_date": "2026-09-01T21:02:00+00:00", "title": "M\u00e9t\u00e9o"}, {"desc": "Entre deux enqu\u00eates, la valse des sentiments se poursuit. Naissance, amour et mariage vont bouleverser les relations au sein de la brigade. Pour couronner le tout, L\u00e9a et Paul apprennent qu'ils vont devenir grands-parents. Mais, dans l'ombre, la menace r\u00f4de et L\u00e9a doit lutter pour sauver sa vie et celle de Paul. R\u00e9ussira-t-elle \u00e0 d\u00e9masquer le myst\u00e9rieux tireur qui a bless\u00e9 son ex-mari et les menac", "start_date": "2026-09-01T21:04:00+00:00", "title": "Tandem"}, {"desc": "Christophe r\u00e9alise que Margaux est intimid\u00e9e par sa m\u00e8re. Il d\u00e9cide de convoquer Cl\u00e9ment, le copain de Rosalie, pour conna\u00eetre ses v\u00e9ritables intentions.", "start_date": "2026-09-01T21:17:00+00:00", "title": "Toute la vie"}, {"desc": "Entre deux enqu\u00eates, la valse des sentiments se poursuit. Naissance, amour et mariage vont bouleverser les relations au sein de la brigade. Pour couronner le tout, L\u00e9a et Paul apprennent qu'ils vont devenir grands-parents. Mais, dans l'ombre, la menace r\u00f4de et L\u00e9a doit lutter pour sauver sa vie et celle de Paul. R\u00e9ussira-t-elle \u00e0 d\u00e9masquer le myst\u00e9rieux tireur qui a bless\u00e9 son ex-mari et les menac", "start_date": "2026-09-01T21:50:00+00:00", "title": "Tandem"}, {"desc": "Tina encourage Derek sans lui cacher qu'il sera difficile d'obtenir la garde de son fils s'il n'am\u00e9liore pas sa situation. Rosalie voit Patrice dans le bureau de Christophe.", "start_date": "2026-09-01T22:00:00+00:00", "title": "Toute la vie"}, {"desc": null, "start_date": "2026-09-01T22:43:00+00:00", "title": "Le journal Afrique"}, {"desc": null, "start_date": "2026-09-01T22:48:00+00:00", "title": "Le journal Afrique"}, {"desc": null, "start_date": "2026-09-01T23:09:00+00:00", "title": "M\u00e9t\u00e9o"}, {"desc": "Alors que se d\u00e9roule le traditionnel Festival du cin\u00e9ma britannique organis\u00e9 tous les ans dans la station baln\u00e9aire de Dinard, un drame vient soudain g\u00e2cher cet \u00e9v\u00e9nement tr\u00e8s attendu. En effet, des badauds rep\u00e8rent un corps dans l'eau et alertent les secours, qui ne tardent pas \u00e0 d\u00e9couvrir l'identit\u00e9 de la victime, un r\u00e9alisateur anglais en lice pour un prix. Fait intrigant, les enqu\u00eateurs d\u00e9couv", "start_date": "2026-09-01T23:12:00+00:00", "title": "Lame de fond"}, {"desc": "Pendant la tourn\u00e9e de Nelly & Sky, un guitariste meurt, \u00e9cras\u00e9 par un projecteur. C'est Sky qui \u00e9tait vis\u00e9, comme le prouve une deuxi\u00e8me tentative de meurtre.", "start_date": "2026-09-01T23:18:00+00:00", "title": "Les petits meurtres d'Agatha Christie"}], "offset": "+00:00", "timezone": "UTC", "error_code": -1, "start_date": "2026-08-31", "icon": ""}