{"end_date": "2026-09-02", "name": "CNEWS", "info_url": "https://epg.pw/channels/51767/20260831.html", "country": "France", "description": null, "error_message": "", "provider": "", "source_url": "https://epg.pw/api/epg.json?channel_id=51767&date=20260831&timezone=None", "epg_list": [{"desc": null, "start_date": "2026-08-31T00:00:00+00:00", "title": "M\u00e9t\u00e9o"}, {"desc": null, "start_date": "2026-08-31T00:02:00+00:00", "title": "M\u00e9t\u00e9o des plages"}, {"desc": null, "start_date": "2026-08-31T00:03:00+00:00", "title": "M\u00e9t\u00e9o"}, {"desc": null, "start_date": "2026-08-31T00:05:00+00:00", "title": "Edition de la nuit"}, {"desc": "Anne Fulda re\u00e7oit Sophie Fontanel - \\\" Sh\u00e9h\u00e9razade et la 602\u00e8me nuit \\\" dans #HDLivres.", "start_date": "2026-08-31T00:27:00+00:00", "title": "L'heure des livres"}, {"desc": null, "start_date": "2026-08-31T00:34:00+00:00", "title": "M\u00e9t\u00e9o"}, {"desc": null, "start_date": "2026-08-31T00:35:00+00:00", "title": "Edition de la nuit"}, {"desc": null, "start_date": "2026-08-31T00:37:00+00:00", "title": "M\u00e9t\u00e9o des plages"}, {"desc": null, "start_date": "2026-08-31T00:38:00+00:00", "title": "M\u00e9t\u00e9o"}, {"desc": null, "start_date": "2026-08-31T00:39:00+00:00", "title": "Edition de la nuit"}, {"desc": null, "start_date": "2026-08-31T00:59:00+00:00", "title": "M\u00e9t\u00e9o"}, {"desc": null, "start_date": "2026-08-31T01:03:00+00:00", "title": "M\u00e9t\u00e9o des plages"}, {"desc": null, "start_date": "2026-08-31T01:04:00+00:00", "title": "M\u00e9t\u00e9o"}, {"desc": null, "start_date": "2026-08-31T01:06:00+00:00", "title": "Edition de la nuit"}, {"desc": "Retour sur l'actualit\u00e9 de la semaine en photos et en audio-description.", "start_date": "2026-08-31T01:27:00+00:00", "title": "A l'\u00e9coute du monde"}, {"desc": null, "start_date": "2026-08-31T01:28:00+00:00", "title": "M\u00e9t\u00e9o"}, {"desc": null, "start_date": "2026-08-31T01:29:00+00:00", "title": "Edition de la nuit"}, {"desc": null, "start_date": "2026-08-31T01:33:00+00:00", "title": "M\u00e9t\u00e9o des plages"}, {"desc": null, "start_date": "2026-08-31T01:34:00+00:00", "title": "M\u00e9t\u00e9o"}, {"desc": null, "start_date": "2026-08-31T01:35:00+00:00", "title": "Edition de la nuit"}, {"desc": null, "start_date": "2026-08-31T01:53:00+00:00", "title": "M\u00e9t\u00e9o"}, {"desc": null, "start_date": "2026-08-31T01:59:00+00:00", "title": "M\u00e9t\u00e9o des plages"}, {"desc": null, "start_date": "2026-08-31T02:58:00+00:00", "title": "M\u00e9t\u00e9o"}, {"desc": null, "start_date": "2026-08-31T02:59:00+00:00", "title": "Edition de la nuit"}, {"desc": null, "start_date": "2026-08-31T03:26:00+00:00", "title": "M\u00e9t\u00e9o"}, {"desc": null, "start_date": "2026-08-31T03:27:00+00:00", "title": "Edition de la nuit"}, {"desc": "En Direct.", "start_date": "2026-08-31T03:54:00+00:00", "title": "La Matinale"}, {"desc": "En Direct.", "start_date": "2026-08-31T03:57:00+00:00", "title": "M\u00e9t\u00e9o"}, {"desc": "En Direct.", "start_date": "2026-08-31T03:59:00+00:00", "title": "La Matinale"}, {"desc": "En Direct.", "start_date": "2026-08-31T06:49:00+00:00", "title": "M\u00e9t\u00e9o 9h"}, {"desc": "En Direct. Pascal Praud et ses invit\u00e9s d\u00e9battent des grands th\u00e8mes de l'actualit\u00e9 dans #HDPros de 9h \u00e0 10h30 du lundi au vendredi. Ils n'h\u00e9sitent pas \u00e0 aborder tous les sujets.", "start_date": "2026-08-31T06:58:00+00:00", "title": "L'Heure des Pros"}, {"desc": null, "start_date": "2026-08-31T08:57:00+00:00", "title": "M\u00e9t\u00e9o 9h"}, {"desc": "En Direct. D\u00e9bats en plateau autour des grands enjeux de soci\u00e9t\u00e9, enqu\u00eates, reportages sur le terrain et r\u00e9v\u00e9lations exclusives sont au programme. Un rendez-vous d'actualit\u00e9 pr\u00e9sent\u00e9 par Gauthier Le Bret, avec comme chroniqueur principal Erik Tegn\u00e9r et \u00e9galement la pr\u00e9sence de Jules Torres.", "start_date": "2026-08-31T08:59:00+00:00", "title": "100% Fronti\u00e8res"}, {"desc": null, "start_date": "2026-08-31T10:57:00+00:00", "title": "M\u00e9t\u00e9o"}, {"desc": "En Direct. Chaque jour, \"Police Justice 24H en France\" donne la parole \u00e0 ceux qui vivent des faits divers, les subissent ou y sont confront\u00e9s malgr\u00e9 eux.", "start_date": "2026-08-31T10:59:00+00:00", "title": "Police Justice 24H en France"}, {"desc": null, "start_date": "2026-08-31T12:56:00+00:00", "title": "M\u00e9t\u00e9o"}, {"desc": "Une courte pr\u00e9sentation de l'histoire du saint du jour qui se conclut par un dicton.", "start_date": "2026-08-31T12:57:00+00:00", "title": "L'\u00e9ph\u00e9m\u00e9ride"}, {"desc": "En Direct. Tout pour comprendre et d\u00e9crypter les grands enjeux de l'ann\u00e9e, avec les acteurs et experts qui font l'actualit\u00e9 pour apporter \u00e9clairages, analyses et mise en perspective.", "start_date": "2026-08-31T12:59:00+00:00", "title": "L'Info de Vilno"}, {"desc": null, "start_date": "2026-08-31T14:57:00+00:00", "title": "M\u00e9t\u00e9o"}, {"desc": "En Direct. Une heure d'information, d'analyses et de d\u00e9bats en direct.", "start_date": "2026-08-31T14:59:00+00:00", "title": "Punchline"}, {"desc": "En Direct. Christine Kelly et ses invit\u00e9s d\u00e9battent de l'actualit\u00e9 dans Face \u00e0 l'info Le Before.", "start_date": "2026-08-31T16:29:00+00:00", "title": "Face \u00e0 l'Info Le 18H30"}, {"desc": "En Direct. Christine Kelly et ses chroniqueurs d\u00e9battent de l'actualit\u00e9 dans #Facealinfo.", "start_date": "2026-08-31T16:59:00+00:00", "title": "Face \u00e0 l'Info"}, {"desc": "En Direct. Les invit\u00e9s de #HDPros2 d\u00e9battent des grands th\u00e8mes de l'actualit\u00e9. Pr\u00e9sent\u00e9 par Pascal Praud du lundi au jeudi et Julien Pasquet le vendredi.", "start_date": "2026-08-31T18:06:00+00:00", "title": "L'Heure des Pros 2"}, {"desc": "En Direct. Chaque soir, du lundi au jeudi, un rendez-vous pr\u00e9sent\u00e9 par Gauthier Le Bret consacr\u00e9 uniquement au d\u00e9cryptage et \u00e0 l'analyse politique.", "start_date": "2026-08-31T19:06:00+00:00", "title": "100% Politique"}, {"desc": null, "start_date": "2026-08-31T20:57:00+00:00", "title": "M\u00e9t\u00e9o"}, {"desc": "En Direct.", "start_date": "2026-08-31T20:59:00+00:00", "title": "Soir Info"}, {"desc": "Chaque jour, CNews propose une capsule humoristique sur les diff\u00e9rents th\u00e8mes d'actualit\u00e9 avec ses deux com\u00e9diens Ma\u00ebva Pasquali et Thomas S\u00e9raphine.", "start_date": "2026-08-31T22:20:00+00:00", "title": "C avec le sourire !"}, {"desc": null, "start_date": "2026-08-31T22:28:00+00:00", "title": "M\u00e9t\u00e9o"}, {"desc": "En Direct.", "start_date": "2026-08-31T22:29:00+00:00", "title": "Edition de la nuit"}, {"desc": "Anne Fulda re\u00e7oit R\u00e9gis Jauffret pour son livre \\\"Maman\\\" dans #HDLivres.", "start_date": "2026-08-31T22:51:00+00:00", "title": "L'heure des livres"}, {"desc": "Bienvenue dans La S\u00e9lection CNEWS, l'agenda des \u00e9v\u00e9nements du moment \u00e0 ne pas manquer : culture, cin\u00e9ma, th\u00e9\u00e2tre, spectacle, exposition, festival, concert\u2026.", "start_date": "2026-08-31T23:01:00+00:00", "title": "La s\u00e9lection CNEWS"}, {"desc": null, "start_date": "2026-08-31T23:09:00+00:00", "title": "M\u00e9t\u00e9o"}, {"desc": null, "start_date": "2026-08-31T23:10:00+00:00", "title": "Edition de la nuit"}, {"desc": null, "start_date": "2026-08-31T23:37:00+00:00", "title": "M\u00e9t\u00e9o"}, {"desc": null, "start_date": "2026-08-31T23:38:00+00:00", "title": "Edition de la nuit"}, {"desc": "Une courte pr\u00e9sentation de l'histoire du saint du jour qui se conclut par un dicton.", "start_date": "2026-09-01T00:00:00+00:00", "title": "L'\u00e9ph\u00e9m\u00e9ride"}, {"desc": null, "start_date": "2026-09-01T00:02:00+00:00", "title": "M\u00e9t\u00e9o"}, {"desc": null, "start_date": "2026-09-01T00:04:00+00:00", "title": "Edition de la nuit"}, {"desc": "Bienvenue dans La S\u00e9lection CNEWS, l'agenda des \u00e9v\u00e9nements du moment \u00e0 ne pas manquer : culture, cin\u00e9ma, th\u00e9\u00e2tre, spectacle, exposition, festival, concert\u2026.", "start_date": "2026-09-01T00:25:00+00:00", "title": "La s\u00e9lection CNEWS"}, {"desc": null, "start_date": "2026-09-01T00:27:00+00:00", "title": "M\u00e9t\u00e9o"}, {"desc": null, "start_date": "2026-09-01T00:29:00+00:00", "title": "Edition de la nuit"}, {"desc": "Anne Fulda re\u00e7oit R\u00e9gis Jauffret pour son livre \\\"Maman\\\" dans #HDLivres.", "start_date": "2026-09-01T00:51:00+00:00", "title": "L'heure des livres"}, {"desc": null, "start_date": "2026-09-01T01:00:00+00:00", "title": "M\u00e9t\u00e9o"}, {"desc": null, "start_date": "2026-09-01T01:02:00+00:00", "title": "Edition de la nuit"}, {"desc": "Bienvenue dans La S\u00e9lection CNEWS, l'agenda des \u00e9v\u00e9nements du moment \u00e0 ne pas manquer : culture, cin\u00e9ma, th\u00e9\u00e2tre, spectacle, exposition, festival, concert\u2026.", "start_date": "2026-09-01T01:24:00+00:00", "title": "La s\u00e9lection CNEWS"}, {"desc": null, "start_date": "2026-09-01T01:25:00+00:00", "title": "M\u00e9t\u00e9o"}, {"desc": null, "start_date": "2026-09-01T01:27:00+00:00", "title": "Edition de la nuit"}, {"desc": "Bienvenue dans La S\u00e9lection CNEWS, l'agenda des \u00e9v\u00e9nements du moment \u00e0 ne pas manquer : culture, cin\u00e9ma, th\u00e9\u00e2tre, spectacle, exposition, festival, concert\u2026.", "start_date": "2026-09-01T01:49:00+00:00", "title": "La s\u00e9lection CNEWS"}, {"desc": null, "start_date": "2026-09-01T01:51:00+00:00", "title": "M\u00e9t\u00e9o"}, {"desc": null, "start_date": "2026-09-01T01:52:00+00:00", "title": "Edition de la nuit"}, {"desc": "Bienvenue dans La S\u00e9lection CNEWS, l'agenda des \u00e9v\u00e9nements du moment \u00e0 ne pas manquer : culture, cin\u00e9ma, th\u00e9\u00e2tre, spectacle, exposition, festival, concert\u2026.", "start_date": "2026-09-01T02:14:00+00:00", "title": "La s\u00e9lection CNEWS"}, {"desc": null, "start_date": "2026-09-01T02:16:00+00:00", "title": "M\u00e9t\u00e9o"}, {"desc": null, "start_date": "2026-09-01T02:18:00+00:00", "title": "Edition de la nuit"}, {"desc": "Bienvenue dans La S\u00e9lection CNEWS, l'agenda des \u00e9v\u00e9nements du moment \u00e0 ne pas manquer : culture, cin\u00e9ma, th\u00e9\u00e2tre, spectacle, exposition, festival, concert\u2026.", "start_date": "2026-09-01T02:39:00+00:00", "title": "La s\u00e9lection CNEWS"}, {"desc": null, "start_date": "2026-09-01T03:26:00+00:00", "title": "M\u00e9t\u00e9o"}, {"desc": null, "start_date": "2026-09-01T03:27:00+00:00", "title": "Edition de la nuit"}, {"desc": "En Direct.", "start_date": "2026-09-01T03:54:00+00:00", "title": "La Matinale"}, {"desc": "En Direct.", "start_date": "2026-09-01T03:57:00+00:00", "title": "M\u00e9t\u00e9o"}, {"desc": "En Direct.", "start_date": "2026-09-01T03:59:00+00:00", "title": "La Matinale"}, {"desc": "En Direct.", "start_date": "2026-09-01T06:49:00+00:00", "title": "M\u00e9t\u00e9o 9h"}, {"desc": "En Direct. Pascal Praud et ses invit\u00e9s d\u00e9battent des grands th\u00e8mes de l'actualit\u00e9 dans #HDPros de 9h \u00e0 10h30 du lundi au vendredi. Ils n'h\u00e9sitent pas \u00e0 aborder tous les sujets.", "start_date": "2026-09-01T06:58:00+00:00", "title": "L'Heure des Pros"}, {"desc": null, "start_date": "2026-09-01T08:57:00+00:00", "title": "M\u00e9t\u00e9o 9h"}, {"desc": "En Direct. D\u00e9bats en plateau autour des grands enjeux de soci\u00e9t\u00e9, enqu\u00eates, reportages sur le terrain et r\u00e9v\u00e9lations exclusives sont au programme. Un rendez-vous d'actualit\u00e9 pr\u00e9sent\u00e9 par Gauthier Le Bret, avec comme chroniqueur principal Erik Tegn\u00e9r et \u00e9galement la pr\u00e9sence de Jules Torres.", "start_date": "2026-09-01T08:59:00+00:00", "title": "100% Fronti\u00e8res"}, {"desc": null, "start_date": "2026-09-01T10:57:00+00:00", "title": "M\u00e9t\u00e9o"}, {"desc": "En Direct. Chaque jour, \"Police Justice 24H en France\" donne la parole \u00e0 ceux qui vivent des faits divers, les subissent ou y sont confront\u00e9s malgr\u00e9 eux.", "start_date": "2026-09-01T10:59:00+00:00", "title": "Police Justice 24H en France"}, {"desc": null, "start_date": "2026-09-01T12:56:00+00:00", "title": "M\u00e9t\u00e9o"}, {"desc": "Une courte pr\u00e9sentation de l'histoire du saint du jour qui se conclut par un dicton.", "start_date": "2026-09-01T12:57:00+00:00", "title": "L'\u00e9ph\u00e9m\u00e9ride"}, {"desc": "En Direct. Tout pour comprendre et d\u00e9crypter les grands enjeux de l'ann\u00e9e, avec les acteurs et experts qui font l'actualit\u00e9 pour apporter \u00e9clairages, analyses et mise en perspective.", "start_date": "2026-09-01T12:59:00+00:00", "title": "L'Info de Vilno"}, {"desc": null, "start_date": "2026-09-01T14:57:00+00:00", "title": "M\u00e9t\u00e9o"}, {"desc": "En Direct. Une heure d'information, d'analyses et de d\u00e9bats en direct.", "start_date": "2026-09-01T14:59:00+00:00", "title": "Punchline"}, {"desc": "En Direct. Christine Kelly et ses invit\u00e9s d\u00e9battent de l'actualit\u00e9 dans Face \u00e0 l'info Le 18H30.", "start_date": "2026-09-01T16:29:00+00:00", "title": "Face \u00e0 l'Info Le 18H30"}, {"desc": "En Direct. Christine Kelly et ses chroniqueurs d\u00e9battent de l'actualit\u00e9 dans #Facealinfo.", "start_date": "2026-09-01T16:59:00+00:00", "title": "Face \u00e0 l'Info"}, {"desc": "En Direct. Les invit\u00e9s de #HDPros2 d\u00e9battent des grands th\u00e8mes de l'actualit\u00e9. Pr\u00e9sent\u00e9 par Pascal Praud du lundi au jeudi et Julien Pasquet le vendredi.", "start_date": "2026-09-01T18:06:00+00:00", "title": "L'Heure des Pros 2"}, {"desc": "En Direct. Un rendez-vous 100% politique pr\u00e9sent\u00e9 par Gauthier Le Bret du lundi au jeudi de 21h \u00e0 23h30 et le vendredi de 22h \u00e0 23h30.", "start_date": "2026-09-01T19:07:00+00:00", "title": "100% Politique"}, {"desc": null, "start_date": "2026-09-01T20:57:00+00:00", "title": "M\u00e9t\u00e9o"}, {"desc": "En Direct.", "start_date": "2026-09-01T20:59:00+00:00", "title": "Soir Info"}, {"desc": "Chaque jour, CNews propose une capsule humoristique sur les diff\u00e9rents th\u00e8mes d'actualit\u00e9 avec ses deux com\u00e9diens Ma\u00ebva Pasquali et Thomas S\u00e9raphine.", "start_date": "2026-09-01T22:20:00+00:00", "title": "C avec le sourire !"}, {"desc": null, "start_date": "2026-09-01T22:28:00+00:00", "title": "M\u00e9t\u00e9o"}, {"desc": "En Direct.", "start_date": "2026-09-01T22:29:00+00:00", "title": "Edition de la nuit"}, {"desc": "Anne Fulda vous pr\u00e9sente chaque jour l'actualit\u00e9 litt\u00e9raire en recevant un invit\u00e9 dans #HDLivres.", "start_date": "2026-09-01T22:51:00+00:00", "title": "L'heure des livres"}, {"desc": "Bienvenue dans La S\u00e9lection CNEWS, l'agenda des \u00e9v\u00e9nements du moment \u00e0 ne pas manquer : culture, cin\u00e9ma, th\u00e9\u00e2tre, spectacle, exposition, festival, concert\u2026.", "start_date": "2026-09-01T23:01:00+00:00", "title": "La s\u00e9lection CNEWS"}, {"desc": null, "start_date": "2026-09-01T23:09:00+00:00", "title": "M\u00e9t\u00e9o"}, {"desc": null, "start_date": "2026-09-01T23:11:00+00:00", "title": "Edition de la nuit"}, {"desc": null, "start_date": "2026-09-01T23:37:00+00:00", "title": "M\u00e9t\u00e9o"}, {"desc": null, "start_date": "2026-09-01T23:38:00+00:00", "title": "Edition de la nuit"}, {"desc": "Une courte pr\u00e9sentation de l'histoire du saint du jour qui se conclut par un dicton.", "start_date": "2026-09-02T00:00:00+00:00", "title": "L'\u00e9ph\u00e9m\u00e9ride"}], "offset": "+00:00", "timezone": "UTC", "error_code": -1, "start_date": "2026-08-31", "icon": ""}