{"end_date": "2026-09-01", "name": "La Trois", "info_url": "https://epg.pw/channels/516415/20260831.html", "country": "France", "description": null, "error_message": "", "provider": "", "source_url": "https://epg.pw/api/epg.json?channel_id=516415&date=20260831&timezone=None", "epg_list": [{"desc": "En Direct.", "start_date": "2026-08-31T03:59:00+00:00", "title": "Matin Premi\u00e8re"}, {"desc": null, "start_date": "2026-08-31T08:00:00+00:00", "title": "En qu\u00eate de sens : Libres, ensemble"}, {"desc": "Cap sur l'archipel portugais, pos\u00e9 sur l'Atlantique, en compagnie de B\u00e9reng\u00e8re Gautier, ex-avocate bruxelloise, tomb\u00e9e sous le charme de cette terre d'aventures. Elle est d'ailleurs l'autrice du \"Petit F\u00fbt\u00e9\" sur les A\u00e7ores.", "start_date": "2026-08-31T08:11:00+00:00", "title": "Les Belges du bout du monde"}, {"desc": "Septembre 1950. En Cor\u00e9e, le conflit continue mais les Am\u00e9ricains font face \u00e0 un nouvel ennemi : la Chine. Truman songe \u00e0 la bombe atomique. En Indochine, les Fran\u00e7ais aussi sont au plus mal. Le parall\u00e8le entre les deux conflits est frappant : m\u00eames acteurs dissimul\u00e9s, m\u00eames colonnes de prisonniers. Et le v\u00e9ritable ennemi, c'est Staline.", "start_date": "2026-08-31T08:39:00+00:00", "title": "Apocalypse : la guerre des mondes 1945-1991"}, {"desc": "D\u00e9but des ann\u00e9es 50, en pleine guerre froide. En mars 1953, Joseph Staline meurt. A Berlin-Est, une vague d'espoir parcourt les ouvriers allemands, vite \u00e9cras\u00e9e par la r\u00e9pression sovi\u00e9tique. Les Etats-Unis quittent la Cor\u00e9e sans gloire, tandis que les Fran\u00e7ais, pris au pi\u00e8ge par le Vi\u00eat-Minh livrent leur derni\u00e8re bataille. Les accords de Gen\u00e8ve, sign\u00e9s en juillet 1954, feront d'H\u00f4 Chi Minh le chef", "start_date": "2026-08-31T09:32:00+00:00", "title": "Apocalypse : la guerre des mondes 1945-1991"}, {"desc": "Le progr\u00e8s, diversement accueilli, entre lentement \u00e0 Downton : une machine \u00e0 coudre \u00e0 l'office, un orchestre de jazz dans le hall, un r\u00e9frig\u00e9rateur dans la cuisine. Mary enl\u00e8ve son voile de veuve. Son coeur va-t-il battre pour un ami d'enfance ? Anna traverse une terrible \u00e9preuve qui bouleverse Bates. Edith parviendrait-elle enfin \u00e0 imposer ses choix \u00e0 sa famille ? Que manigancent les femmes de ch", "start_date": "2026-08-31T10:35:00+00:00", "title": "Downton Abbey"}, {"desc": "Le progr\u00e8s, diversement accueilli, entre lentement \u00e0 Downton : une machine \u00e0 coudre \u00e0 l'office, un orchestre de jazz dans le hall, un r\u00e9frig\u00e9rateur dans la cuisine. Mary enl\u00e8ve son voile de veuve. Son coeur va-t-il battre pour un ami d'enfance ? Anna traverse une terrible \u00e9preuve qui bouleverse Bates. Edith parviendrait-elle enfin \u00e0 imposer ses choix \u00e0 sa famille ? Que manigancent les femmes de ch", "start_date": "2026-08-31T11:24:00+00:00", "title": "Downton Abbey"}, {"desc": "Le progr\u00e8s, diversement accueilli, entre lentement \u00e0 Downton : une machine \u00e0 coudre \u00e0 l'office, un orchestre de jazz dans le hall, un r\u00e9frig\u00e9rateur dans la cuisine. Mary enl\u00e8ve son voile de veuve. Son coeur va-t-il battre pour un ami d'enfance ? Anna traverse une terrible \u00e9preuve qui bouleverse Bates. Edith parviendrait-elle enfin \u00e0 imposer ses choix \u00e0 sa famille ? Que manigancent les femmes de ch", "start_date": "2026-08-31T12:11:00+00:00", "title": "Downton Abbey"}, {"desc": "M\u00eame si on ne pr\u00e9sente plus Dany Boon, c\u00e9l\u00e8bre acteur, sc\u00e9nariste et r\u00e9alisateur, sa rencontre avec les journalistes atypiques du Papotin promet de nous en faire d\u00e9couvrir un peu plus sur l'artiste touche-\u00e0-tout.", "start_date": "2026-08-31T12:59:00+00:00", "title": "Les rencontres du Papotin"}, {"desc": null, "start_date": "2026-08-31T13:30:00+00:00", "title": "Pat' Patrouille"}, {"desc": null, "start_date": "2026-08-31T13:41:00+00:00", "title": "Pat' Patrouille"}, {"desc": null, "start_date": "2026-08-31T13:53:00+00:00", "title": "Pat' Patrouille"}, {"desc": null, "start_date": "2026-08-31T14:06:00+00:00", "title": "Pat' Patrouille"}, {"desc": "Dora, la plus mini des exploratrices, reprend ses aventures \u00e0 travers la for\u00eat tropicale, toujours flanqu\u00e9e de son fid\u00e8le Babouche et de tous ses amis.", "start_date": "2026-08-31T14:19:00+00:00", "title": "Dora"}, {"desc": "Les murs des maisons h\u00e9bergent secr\u00e8tement des Chapardeurs, de minuscules cr\u00e9atures qui empruntent les objets oubli\u00e9s par les Zumains. Arrietty, 11 ans et 6 cm, est l'une d'eux. Elle vit dans la demeure de Marie et sympathise avec Tom, le petit-fils de la propri\u00e9taire. Ensemble, ils vivent des aventures extraordinaires et affrontent des d\u00e9fis quotidiens.", "start_date": "2026-08-31T14:40:00+00:00", "title": "Les Chapardeurs"}, {"desc": "Les murs des maisons h\u00e9bergent secr\u00e8tement des Chapardeurs, de minuscules cr\u00e9atures qui empruntent les objets oubli\u00e9s par les Zumains. Arrietty, 11 ans et 6 cm, est l'une d'eux. Elle vit dans la demeure de Marie et sympathise avec Tom, le petit-fils de la propri\u00e9taire. Ensemble, ils vivent des aventures extraordinaires et affrontent des d\u00e9fis quotidiens.", "start_date": "2026-08-31T14:52:00+00:00", "title": "Les Chapardeurs"}, {"desc": "Mystery Lane - Saison 1 - Saison 1.", "start_date": "2026-08-31T15:04:00+00:00", "title": "Mystery Lane"}, {"desc": "Cette bande d'enfants ne recule devant rien pour faire de bonnes actions\u00a0! Niah, Ari, Ellie et Jax partent en mission secr\u00e8te pour aider les habitants de leur ville.", "start_date": "2026-08-31T15:27:00+00:00", "title": "Team Zenko Go"}, {"desc": null, "start_date": "2026-08-31T15:50:00+00:00", "title": "Gabby et la maison magique"}, {"desc": "Tu as s\u00fbrement d\u00e9j\u00e0 entendu parler du poke bowl ! C'est un plat super bon. Il suffit de mettre une base de riz et ensuite, tu ajoutes les ingr\u00e9dients que tu veux par-dessus:. Tu vas voir, dans l'\u00e9pisode d'aujourd'hui, on a fait un tuto pour te donner des id\u00e9es de poke bowl.", "start_date": "2026-08-31T16:13:00+00:00", "title": "Rocky & Lily : C'est dans la bo\u00eete !"}, {"desc": "In\u00e9dit. Tous les jours de la semaine, les Niouzz vous donnent rendez-vous pour faire le tour de l'info en 6 minutes, de mani\u00e8re dynamique et simplifi\u00e9e.", "start_date": "2026-08-31T16:24:00+00:00", "title": "Les Niouzz"}, {"desc": "Grizzy, gros ours placide et chapardeur, vit comme un roi dans la for\u00eat canadienne, n'h\u00e9sitant pas \u00e0 s'approprier la cabane du garde forestier d\u00e8s que celui-ci a le dos tourn\u00e9. Seuls les lemmings, de petits mammif\u00e8res idiots, lui contestent ses privil\u00e8ges...", "start_date": "2026-08-31T16:31:00+00:00", "title": "Grizzy et les lemmings"}, {"desc": "Grizzy, gros ours placide et chapardeur, vit comme un roi dans la for\u00eat canadienne, n'h\u00e9sitant pas \u00e0 s'approprier la cabane du garde forestier d\u00e8s que celui-ci a le dos tourn\u00e9. Seuls les lemmings, de petits mammif\u00e8res idiots, lui contestent ses privil\u00e8ges...", "start_date": "2026-08-31T16:38:00+00:00", "title": "Grizzy et les lemmings"}, {"desc": "Grizzy, gros ours placide et chapardeur, vit comme un roi dans la for\u00eat canadienne, n'h\u00e9sitant pas \u00e0 s'approprier la cabane du garde forestier d\u00e8s que celui-ci a le dos tourn\u00e9. Seuls les lemmings, de petits mammif\u00e8res idiots, lui contestent ses privil\u00e8ges...", "start_date": "2026-08-31T16:45:00+00:00", "title": "Grizzy et les lemmings"}, {"desc": "Grizzy, gros ours placide et chapardeur, vit comme un roi dans la for\u00eat canadienne, n'h\u00e9sitant pas \u00e0 s'approprier la cabane du garde forestier d\u00e8s que celui-ci a le dos tourn\u00e9. Seuls les lemmings, de petits mammif\u00e8res idiots, lui contestent ses privil\u00e8ges...", "start_date": "2026-08-31T16:52:00+00:00", "title": "Grizzy et les lemmings"}, {"desc": "Lors d'une r\u00e9p\u00e9tition au complexe aquatique, un jeune soigneur d\u00e9passe son stress et r\u00e9ussit sa premi\u00e8re performance avec Wally. Une \u00e9quipe part en Hongrie accompagner un \u00e9l\u00e9phant dans son nouveau parc, o\u00f9 le v\u00e9t\u00e9rinaire leur pr\u00e9sente les installations modernes et spacieuses qui les rassurent. Au zoo de La Fl\u00e8che, une formatrice observe les progr\u00e8s d'un apprenti soigneur avec les animaux.", "start_date": "2026-08-31T17:00:00+00:00", "title": "Une saison au zoo"}, {"desc": "L'arriv\u00e9e de Boubou au zoo de Gyor suscite l'effervescence. Parall\u00e8lement \u00e0 La Fl\u00e8che, l'association SOS H\u00e9risson c\u00e9l\u00e8bre le retour \u00e0 la vie sauvage de la majorit\u00e9 des h\u00e9rissons recueillis, seuls une femelle avec ses petits et Pilule restent en refuge. Apr\u00e8s une s\u00e9ance de formation avec les soigneurs locaux, Sabrina et Pich font leurs derniers adieux \u00e0 l'\u00e9l\u00e9phant.", "start_date": "2026-08-31T17:27:00+00:00", "title": "Une saison au zoo"}, {"desc": null, "start_date": "2026-08-31T17:56:00+00:00", "title": "M\u00e9t\u00e9o"}, {"desc": null, "start_date": "2026-08-31T18:00:00+00:00", "title": "JT 19h30 avec interpr\u00e9tation en langue des signes"}, {"desc": "En 1956, Khrouchtchev tourne le dos aux ann\u00e9es staliniennes. D\u00e9cid\u00e9 \u00e0 ouvrir l'URSS au monde ext\u00e9rieur, il se rend tout sourire aux Etats-Unis. Il r\u00e9serve cependant au pr\u00e9sident John Fitzgerald Kennedy une coexistence qui n'a rien de pacifique : construction du mur de Berlin et crise des missiles \u00e0 Cuba. En retour, Kennedy prononce \u00e0 Berlin, le discours de tous les espoirs : \"Ich bin ein Berliner ", "start_date": "2026-08-31T18:33:00+00:00", "title": "Apocalypse : la guerre des mondes 1945-1991"}, {"desc": "22 novembre 1963 : le pr\u00e9sident Kennedy vient d'\u00eatre assassin\u00e9 \u00e0 Dallas. En l'espace de 10 ans, trois millions de jeunes Am\u00e9ricains vont d\u00e9couvrir l'enfer au Vi\u00eatnam. C\u00e9dant \u00e0 une vague de protestations pacifistes, l'Am\u00e9rique finit par rappeler ses troupes en 1973 : une victoire pour le monde communiste, mais l'URSS en sort affaiblie. En 1989, le mur de Berlin tombe puis l'empire sovi\u00e9tique implos", "start_date": "2026-08-31T19:26:00+00:00", "title": "Apocalypse : la guerre des mondes 1945-1991"}, {"desc": "Longtemps consid\u00e9r\u00e9e comme l'ombre muette de Donald Trump, Melania Trump a \u00e9t\u00e9 enferm\u00e9e dans le clich\u00e9 de l'\u00e9pouse effac\u00e9e. Mais son silence a \u00e9t\u00e9 son arme la plus redoutable. Alors que son mari s'agite \u00e0 coups de tweets, Melania d\u00e9place des millions, verrouille l'avenir de son fils et oriente ses priorit\u00e9s diplomatiques sans jamais hausser la voix. Le silence qu'on croyait subi a en r\u00e9alit\u00e9 \u00e9t\u00e9 u", "start_date": "2026-08-31T20:20:00+00:00", "title": "Melania Trump, la voie du silence"}, {"desc": "Depuis le site m\u00e9galithique de Filitosa jusqu'aux maisons de ma\u00eetre du XIXe si\u00e8cle, la vall\u00e9e du Taravo t\u00e9moigne de l'histoire de la Corse. Visite des villages les mieux pr\u00e9serv\u00e9s avec Ghjasippina Giannesini, anthropologue. Julie et Philippe Farinelli ont redonn\u00e9 vie au domaine Saparale, vignoble d'exception de la vall\u00e9e de l'Ortolo. Depuis dix ans, le couple replante les c\u00e9pages traditionnels et ", "start_date": "2026-08-31T21:31:00+00:00", "title": "Destination France"}, {"desc": null, "start_date": "2026-08-31T22:24:00+00:00", "title": "JT 19h30 avec interpr\u00e9tation en langue des signes"}, {"desc": null, "start_date": "2026-08-31T22:56:00+00:00", "title": "M\u00e9t\u00e9o"}, {"desc": "En Direct.", "start_date": "2026-09-01T03:59:00+00:00", "title": "Matin Premi\u00e8re"}, {"desc": "Les Belges du bout du Monde d\u00e9barquent \u00e0 Fuerteventura pour de fortes aventures avec Augustin Kivunghe, joueur de foot devenu cr\u00e9ateur de bootcamp.", "start_date": "2026-09-01T08:00:00+00:00", "title": "Les Belges du bout du monde"}, {"desc": "Il y a 80 ans, en mars 1945, Anne Frank mourait dans le camp de Bergen-Belsen, apr\u00e8s s'\u00eatre cach\u00e9e avec sa famille pendant 761 jours dans \"l'Annexe secr\u00e8te\" des bureaux de son p\u00e8re \u00e0 Amsterdam. Au moyen d'extraits de son c\u00e9l\u00e8bre Journal dont le Anne Frank Fonds Basel a donn\u00e9 un acc\u00e8s exclusif, ainsi que de photographies in\u00e9dites et d'archives historiques, ce film plonge dans le quotidien, les joie", "start_date": "2026-09-01T08:28:00+00:00", "title": "Anne Frank, journal d'une adolescente"}, {"desc": "Dans les gorges du Verdon, entre villages perch\u00e9s, ponts s\u00e9culaires et plateaux calcaires, l'eau a sculpt\u00e9 un canyon o\u00f9 l'histoire des hommes s'\u00e9crit au rythme des saisons.", "start_date": "2026-09-01T10:00:00+00:00", "title": "Collection Riviera"}, {"desc": "Le tour d'horizon des monarchies europ\u00e9ennes et mondiales.", "start_date": "2026-09-01T10:59:00+00:00", "title": "Gotha"}, {"desc": "Un jour, sans crier gare, le coeur de Jean-Louis s'arr\u00eate de battre. Jean-Louis devrait \u00eatre mort mais il parle, marche, vit sa vie comme si de rien n'\u00e9tait. Affol\u00e9, il demande son avis \u00e0 Michel, son ami v\u00e9t\u00e9rinaire qui bien s\u00fbr ne parvient pas \u00e0 expliquer ce ph\u00e9nom\u00e8ne \u00e9trange. Val\u00e9rie, son \u00e9pouse qui n'a aucune connaissance m\u00e9dicale, n'est d'aucune aide. D\u00e9sesp\u00e9r\u00e9, le couple tente de trouver des ", "start_date": "2026-09-01T11:27:00+00:00", "title": "L'origine du monde"}, {"desc": "Archibald De Prince, un chef tr\u00e8s prometteur Gastronomie avec le jeune chef belge Archibald De Prince, gagnant du Bocuse d'Or Belgique en 2023 ; c'est la voiture made in Belgium actuelle la plus c\u00e9l\u00e8bre : la Vertigo vient de f\u00eater ses 35 ans ; savoir-faire avec Terre promise, les luminaires de Dereck Daubechies.", "start_date": "2026-09-01T13:02:00+00:00", "title": "C'est du belge"}, {"desc": null, "start_date": "2026-09-01T13:30:00+00:00", "title": "Pat' Patrouille"}, {"desc": null, "start_date": "2026-09-01T13:42:00+00:00", "title": "Pat' Patrouille"}, {"desc": null, "start_date": "2026-09-01T13:54:00+00:00", "title": "Pat' Patrouille"}, {"desc": null, "start_date": "2026-09-01T14:06:00+00:00", "title": "Pat' Patrouille"}, {"desc": "Dora, la plus mini des exploratrices, reprend ses aventures \u00e0 travers la for\u00eat tropicale, toujours flanqu\u00e9e de son fid\u00e8le Babouche et de tous ses amis.", "start_date": "2026-09-01T14:19:00+00:00", "title": "Dora"}, {"desc": "Les murs des maisons h\u00e9bergent secr\u00e8tement des Chapardeurs, de minuscules cr\u00e9atures qui empruntent les objets oubli\u00e9s par les Zumains. Arrietty, 11 ans et 6 cm, est l'une d'eux. Elle vit dans la demeure de Marie et sympathise avec Tom, le petit-fils de la propri\u00e9taire. Ensemble, ils vivent des aventures extraordinaires et affrontent des d\u00e9fis quotidiens.", "start_date": "2026-09-01T14:41:00+00:00", "title": "Les Chapardeurs"}, {"desc": "Les murs des maisons h\u00e9bergent secr\u00e8tement des Chapardeurs, de minuscules cr\u00e9atures qui empruntent les objets oubli\u00e9s par les Zumains. Arrietty, 11 ans et 6 cm, est l'une d'eux. Elle vit dans la demeure de Marie et sympathise avec Tom, le petit-fils de la propri\u00e9taire. Ensemble, ils vivent des aventures extraordinaires et affrontent des d\u00e9fis quotidiens.", "start_date": "2026-09-01T14:53:00+00:00", "title": "Les Chapardeurs"}, {"desc": "Mystery Lane - Saison 1 - Saison 1.", "start_date": "2026-09-01T15:05:00+00:00", "title": "Mystery Lane"}, {"desc": "Cette bande d'enfants ne recule devant rien pour faire de bonnes actions\u00a0! Niah, Ari, Ellie et Jax partent en mission secr\u00e8te pour aider les habitants de leur ville.", "start_date": "2026-09-01T15:27:00+00:00", "title": "Team Zenko Go"}, {"desc": null, "start_date": "2026-09-01T15:50:00+00:00", "title": "Gabby et la maison magique"}, {"desc": "Dans \"C'est dans la boite\", on est fan de l'espace, des \u00e9toiles, des fus\u00e9es etc ? Eh bien aujourd'hui, on va te parler des trous noirs. Ce sont des zones qui aspirent tout ce qui se trouve autour d'elles, comme un aimant. Trop bizarre non ?", "start_date": "2026-09-01T16:13:00+00:00", "title": "Rocky & Lily : C'est dans la bo\u00eete !"}, {"desc": "In\u00e9dit. Tous les jours de la semaine, les Niouzz vous donnent rendez-vous pour faire le tour de l'info en 6 minutes, de mani\u00e8re dynamique et simplifi\u00e9e.", "start_date": "2026-09-01T16:23:00+00:00", "title": "Les Niouzz"}, {"desc": "Grizzy, gros ours placide et chapardeur, vit comme un roi dans la for\u00eat canadienne, n'h\u00e9sitant pas \u00e0 s'approprier la cabane du garde forestier d\u00e8s que celui-ci a le dos tourn\u00e9. Seuls les lemmings, de petits mammif\u00e8res idiots, lui contestent ses privil\u00e8ges...", "start_date": "2026-09-01T16:30:00+00:00", "title": "Grizzy et les lemmings"}, {"desc": "Grizzy, gros ours placide et chapardeur, vit comme un roi dans la for\u00eat canadienne, n'h\u00e9sitant pas \u00e0 s'approprier la cabane du garde forestier d\u00e8s que celui-ci a le dos tourn\u00e9. Seuls les lemmings, de petits mammif\u00e8res idiots, lui contestent ses privil\u00e8ges...", "start_date": "2026-09-01T16:37:00+00:00", "title": "Grizzy et les lemmings"}, {"desc": "Grizzy, gros ours placide et chapardeur, vit comme un roi dans la for\u00eat canadienne, n'h\u00e9sitant pas \u00e0 s'approprier la cabane du garde forestier d\u00e8s que celui-ci a le dos tourn\u00e9. Seuls les lemmings, de petits mammif\u00e8res idiots, lui contestent ses privil\u00e8ges...", "start_date": "2026-09-01T16:44:00+00:00", "title": "Grizzy et les lemmings"}, {"desc": "Grizzy, gros ours placide et chapardeur, vit comme un roi dans la for\u00eat canadienne, n'h\u00e9sitant pas \u00e0 s'approprier la cabane du garde forestier d\u00e8s que celui-ci a le dos tourn\u00e9. Seuls les lemmings, de petits mammif\u00e8res idiots, lui contestent ses privil\u00e8ges...", "start_date": "2026-09-01T16:51:00+00:00", "title": "Grizzy et les lemmings"}, {"desc": "Geoffrey, Aurore et Margaux se rem\u00e9morent la belle ann\u00e9e qu'ils viennent de vivre. Mickael \u00e9voque sa premi\u00e8re exp\u00e9rience comme soigneur qui confirme sa vocation. Barbara et M\u00e9lanie reviennent sur les progr\u00e8s remarquables de Grump, le vautour \u00e0 dos blanc. Megan raconte sa belle aventure avec les oiseaux et les primates et surtout l'adr\u00e9naline ressentie au contact des fauves.", "start_date": "2026-09-01T16:59:00+00:00", "title": "Une saison au zoo"}, {"desc": "Morgane fait le bilan de son stage qui se termine. B\u00e9r\u00e9nice revient sur la formation de ses deux nouveaux saisonniers. Margaux raconte ses grands moments de la saison.", "start_date": "2026-09-01T17:26:00+00:00", "title": "Une saison au zoo"}, {"desc": null, "start_date": "2026-09-01T17:56:00+00:00", "title": "M\u00e9t\u00e9o"}, {"desc": null, "start_date": "2026-09-01T18:00:00+00:00", "title": "JT 19h30 avec interpr\u00e9tation en langue des signes"}, {"desc": "Le progr\u00e8s, diversement accueilli, entre lentement \u00e0 Downton : une machine \u00e0 coudre \u00e0 l'office, un orchestre de jazz dans le hall, un r\u00e9frig\u00e9rateur dans la cuisine. Mary enl\u00e8ve son voile de veuve. Son coeur va-t-il battre pour un ami d'enfance ? Anna traverse une terrible \u00e9preuve qui bouleverse Bates. Edith parviendrait-elle enfin \u00e0 imposer ses choix \u00e0 sa famille ? Que manigancent les femmes de ch", "start_date": "2026-09-01T18:33:00+00:00", "title": "Downton Abbey"}, {"desc": "Le progr\u00e8s, diversement accueilli, entre lentement \u00e0 Downton : une machine \u00e0 coudre \u00e0 l'office, un orchestre de jazz dans le hall, un r\u00e9frig\u00e9rateur dans la cuisine. Mary enl\u00e8ve son voile de veuve. Son coeur va-t-il battre pour un ami d'enfance ? Anna traverse une terrible \u00e9preuve qui bouleverse Bates. Edith parviendrait-elle enfin \u00e0 imposer ses choix \u00e0 sa famille ? Que manigancent les femmes de ch", "start_date": "2026-09-01T19:21:00+00:00", "title": "Downton Abbey"}, {"desc": "Septembre 1950. En Cor\u00e9e, le conflit continue mais les Am\u00e9ricains font face \u00e0 un nouvel ennemi : la Chine. Truman songe \u00e0 la bombe atomique. En Indochine, les Fran\u00e7ais aussi sont au plus mal. Le parall\u00e8le entre les deux conflits est frappant : m\u00eames acteurs dissimul\u00e9s, m\u00eames colonnes de prisonniers. Et le v\u00e9ritable ennemi, c'est Staline.", "start_date": "2026-09-01T20:29:00+00:00", "title": "Apocalypse : la guerre des mondes 1945-1991"}, {"desc": "D\u00e9but des ann\u00e9es 50, en pleine guerre froide. En mars 1953, Joseph Staline meurt. A Berlin-Est, une vague d'espoir parcourt les ouvriers allemands, vite \u00e9cras\u00e9e par la r\u00e9pression sovi\u00e9tique. Les Etats-Unis quittent la Cor\u00e9e sans gloire, tandis que les Fran\u00e7ais, pris au pi\u00e8ge par le Vi\u00eat-Minh livrent leur derni\u00e8re bataille. Les accords de Gen\u00e8ve, sign\u00e9s en juillet 1954, feront d'H\u00f4 Chi Minh le chef", "start_date": "2026-09-01T21:22:00+00:00", "title": "Apocalypse : la guerre des mondes 1945-1991"}, {"desc": null, "start_date": "2026-09-01T22:15:00+00:00", "title": "JT 19h30 avec interpr\u00e9tation en langue des signes"}, {"desc": null, "start_date": "2026-09-01T22:47:00+00:00", "title": "M\u00e9t\u00e9o"}], "offset": "+00:00", "timezone": "UTC", "error_code": -1, "start_date": "2026-08-31", "icon": ""}