{"end_date": "2026-09-02", "name": "SRF 1", "info_url": "https://epg.pw/channels/516411/20260901.html", "country": "France", "description": null, "error_message": "", "provider": "", "source_url": "https://epg.pw/api/epg.json?channel_id=516411&date=20260901&timezone=None", "epg_list": [{"desc": "Die Moderatorin Eveline Kobler begr\u00fc\u00dft in dieser Talkshow f\u00fchrende Vertreter der Schweizer Wirtschaft, die \u00fcber ihre Erfahrungen, Grunds\u00e4tze, ihre gesellschaftliche Veranwortung sowie \u00fcber aktuelle \u00f6konomische Themen sprechen.", "start_date": "2026-09-01T00:00:00+00:00", "title": "Eco Talk"}, {"desc": "En Suisse orientale, pr\u00e8s du lac de Constance, Thomas Oeler et sa femme Jacqueline pressent, s\u00e8chent ou font compoter des poires au go\u00fbt subtil et d\u00e9licat.", "start_date": "2026-09-01T00:35:00+00:00", "title": "Zu Tisch"}, {"desc": "Une s\u00e9rie documentaire qui part \u00e0 la d\u00e9couverte de la Suisse vue du ciel.", "start_date": "2026-09-01T01:12:00+00:00", "title": "Die Schweiz von oben: Innerschweiz"}, {"desc": null, "start_date": "2026-09-01T01:15:00+00:00", "title": "Der Engelmacher - Vatti und seine Engel"}, {"desc": null, "start_date": "2026-09-01T02:05:00+00:00", "title": "Der Engelmacher - Engelskinder"}, {"desc": "Das Appenzeller L\u00e4ndlerfest feiert sein 30-j\u00e4hriges Jubil\u00e4um. Nicolas Senn besucht das traditionsreiche Volksmusikfest, trifft in den malerischen Gassen und bekannten L\u00e4ndlerbeizen von Appenzell erstklassige Volksmusikanten und gutgelaunte Festbesucher von nah und fern.", "start_date": "2026-09-01T02:50:00+00:00", "title": "Potzmusig"}, {"desc": "Die Schweiz wird heisser. Und Hitze ist Stress f\u00fcr K\u00f6rper und Geist, f\u00fchrt an Tagen \u00fcber 30 Grad zu mehr Notf\u00e4llen, Unf\u00e4llen, Todesf\u00e4llen. Was k\u00f6nnen wir heute schon tun, um mit k\u00fcnftigen Extremtemperaturen besser zu leben? \"Puls\" begibt sich auf eine Hitzetour und liefert Antworten.", "start_date": "2026-09-01T03:20:00+00:00", "title": "Puls"}, {"desc": "Wissenschaftliche Themen werden f\u00fcr jedermann verst\u00e4ndlich aufgearbeitet und in dieser Sendung pr\u00e4sentiert. Schon seit Dezember 1999 erfreut sich das Magazin gro\u00dfer Beliebtheit. In den Bereichen Technik, Medizin, Wissenschaft und Forschung gibt es immer wieder neue Erkenntnisse, Durchbr\u00fcche und innovative Ideen. Vieles davon bewirkt sp\u00fcrbare Ver\u00e4nderungen in unser aller Alltagsleben.", "start_date": "2026-09-01T03:55:00+00:00", "title": "nano"}, {"desc": null, "start_date": "2026-09-01T04:25:00+00:00", "title": "News-Schlagzeilen"}, {"desc": null, "start_date": "2026-09-01T05:30:00+00:00", "title": "Wetterkanal"}, {"desc": "En Suisse orientale, pr\u00e8s du lac de Constance, Thomas Oeler et sa femme Jacqueline pressent, s\u00e8chent ou font compoter des poires au go\u00fbt subtil et d\u00e9licat.", "start_date": "2026-09-01T06:55:00+00:00", "title": "Zu Tisch"}, {"desc": "Docteur Martin Gruber n'aurais jamais pens\u00e9 abandonn\u00e9 son poste \u00e0 New York pour revenir \u00e0 Ellmau, son village des Alpes. En retrouvant sa famille, il apprend que la petite Lilli est sa fille. Martin doit donc remettre de l'ordre dans sa vie familiale et se confronter aux probl\u00e8mes de sant\u00e9 des habitants du village. \u00catre m\u00e9decin de campagne n'est pas de tout repos.", "start_date": "2026-09-01T07:25:00+00:00", "title": "Der Bergdoktor"}, {"desc": "Docteur Martin Gruber n'aurais jamais pens\u00e9 abandonn\u00e9 son poste \u00e0 New York pour revenir \u00e0 Ellmau, son village des Alpes. En retrouvant sa famille, il apprend que la petite Lilli est sa fille. Martin doit donc remettre de l'ordre dans sa vie familiale et se confronter aux probl\u00e8mes de sant\u00e9 des habitants du village. \u00catre m\u00e9decin de campagne n'est pas de tout repos.", "start_date": "2026-09-01T08:15:00+00:00", "title": "Der Bergdoktor"}, {"desc": "Die Moderatorin Eveline Kobler begr\u00fc\u00dft in dieser Talkshow f\u00fchrende Vertreter der Schweizer Wirtschaft, die \u00fcber ihre Erfahrungen, Grunds\u00e4tze, ihre gesellschaftliche Veranwortung sowie \u00fcber aktuelle \u00f6konomische Themen sprechen.", "start_date": "2026-09-01T09:00:00+00:00", "title": "Eco Talk"}, {"desc": "Die Schweiz wird heisser. Und Hitze ist Stress f\u00fcr K\u00f6rper und Geist, f\u00fchrt an Tagen \u00fcber 30 Grad zu mehr Notf\u00e4llen, Unf\u00e4llen, Todesf\u00e4llen. Was k\u00f6nnen wir heute schon tun, um mit k\u00fcnftigen Extremtemperaturen besser zu leben? \"Puls\" begibt sich auf eine Hitzetour und liefert Antworten.", "start_date": "2026-09-01T09:45:00+00:00", "title": "Puls"}, {"desc": "In der neuen \"Mini Chuchi, dini Chuchi\"-Woche dreht sich alles um den \"Egli\". Miriam aus Bischofszell TG hat in ihrem Garten eigene Bienen und geht gerne wandern. Die 50-J\u00e4hrige umh\u00fcllt ihre Eglifilets mit einem Knuspermantel und kombiniert das mit Spargeln und selbstgemachter Mayonnaise.", "start_date": "2026-09-01T10:20:00+00:00", "title": "Mini Chuchi, dini Chuchi"}, {"desc": null, "start_date": "2026-09-01T10:45:00+00:00", "title": "Tagesschau kompakt"}, {"desc": null, "start_date": "2026-09-01T10:50:00+00:00", "title": "Meteo"}, {"desc": "En Suisse orientale, pr\u00e8s du lac de Constance, Thomas Oeler et sa femme Jacqueline pressent, s\u00e8chent ou font compoter des poires au go\u00fbt subtil et d\u00e9licat.", "start_date": "2026-09-01T11:05:00+00:00", "title": "Zu Tisch"}, {"desc": "\"SF bi de L\u00fct\" begleitet Veronika Oswald und ihre Familie aus N\u00e4fels GL in der Woche vor dem Landfrauenessen - im Stall, bei der Fahrt auf die Alp, bei der Arbeit von Veronika und der Freizeitbesch\u00e4ftigung der Kinder. Und nat\u00fcrlich schaut \"SF bi de L\u00fct\" in Veronikas Kocht\u00f6pfe. Ob sie die anderen Landfrauen mit ihrem kreativen Glarnermenu \u00fcberzeugen kann?", "start_date": "2026-09-01T11:35:00+00:00", "title": "SF bi de L\u00fct"}, {"desc": null, "start_date": "2026-09-01T12:30:00+00:00", "title": "SF bi de L\u00fct"}, {"desc": "Der Graue Star betrifft fast alle Menschen im Laufe des Lebens. Doch welche Kunstlinse ist die richtige? Zudem zeigt die Sendung eine neue Behandlung gegen starkes Zittern und kl\u00e4rt, wie sinnvoll Fitnesstracker tats\u00e4chlich sind.", "start_date": "2026-09-01T13:20:00+00:00", "title": "GESUNDHEITHEUTE - Die Gesundheitssendung mit Dr. Jeanne F\u00fcrst"}, {"desc": "Docteur Martin Gruber n'aurais jamais pens\u00e9 abandonn\u00e9 son poste \u00e0 New York pour revenir \u00e0 Ellmau, son village des Alpes. En retrouvant sa famille, il apprend que la petite Lilli est sa fille. Martin doit donc remettre de l'ordre dans sa vie familiale et se confronter aux probl\u00e8mes de sant\u00e9 des habitants du village. \u00catre m\u00e9decin de campagne n'est pas de tout repos.", "start_date": "2026-09-01T13:55:00+00:00", "title": "Der Bergdoktor"}, {"desc": "Docteur Martin Gruber n'aurais jamais pens\u00e9 abandonn\u00e9 son poste \u00e0 New York pour revenir \u00e0 Ellmau, son village des Alpes. En retrouvant sa famille, il apprend que la petite Lilli est sa fille. Martin doit donc remettre de l'ordre dans sa vie familiale et se confronter aux probl\u00e8mes de sant\u00e9 des habitants du village. \u00catre m\u00e9decin de campagne n'est pas de tout repos.", "start_date": "2026-09-01T14:45:00+00:00", "title": "Der Bergdoktor"}, {"desc": "Eine Gute Nacht f\u00fcr die Kleinsten - mit den \"Guetnachtgschichtli\" von Dominik Dachs, Pingu und vielen anderen Helden, die sich auf spannende Reisen begeben.", "start_date": "2026-09-01T15:30:00+00:00", "title": "Guetnachtgschichtli"}, {"desc": null, "start_date": "2026-09-01T15:40:00+00:00", "title": "Telesguard"}, {"desc": null, "start_date": "2026-09-01T16:00:00+00:00", "title": "Tagesschau kompakt"}, {"desc": null, "start_date": "2026-09-01T16:05:00+00:00", "title": "Meteo"}, {"desc": "Tag 2 in der \"Egli\"-Woche. Judith aus Winterthur ZH werkelt gerne mit ihrem Plasmaschneider und ausrangierten Metallteilen herum und schafft so ganz eigene Kunstwerke. Die 46-J\u00e4hrige verarbeitet den Egli in einem Pie, dazu gibt es zweierlei Chutney. Das h\u00e4tten die G\u00e4ste nicht erwartet.", "start_date": "2026-09-01T16:10:00+00:00", "title": "Mini Chuchi, dini Chuchi"}, {"desc": "Depuis le XVe si\u00e8cle, les habitants de Villar d'Ar\u00e8ne, dans les Hautes-Alpes, c\u00e9l\u00e8brent tous les ans, au mois de novembre, la f\u00eate du pain bouilli.", "start_date": "2026-09-01T16:25:00+00:00", "title": "Zu Tisch"}, {"desc": null, "start_date": "2026-09-01T17:00:00+00:00", "title": "Schweiz aktuell"}, {"desc": "\"SRF B\u00f6rse\" berichtet \u00fcber die t\u00e4glichen Entwicklungen an der Schweizer B\u00f6rse. Sie beobachtet und analysiert Trends und Perspektiven und holt dazu die Meinung von Konzernchefs und anderen wichtigen Entscheidungstr\u00e4gern der Wirtschaft ein.", "start_date": "2026-09-01T17:25:00+00:00", "title": "SRF B\u00f6rse"}, {"desc": null, "start_date": "2026-09-01T17:30:00+00:00", "title": "Tagesschau"}, {"desc": null, "start_date": "2026-09-01T17:55:00+00:00", "title": "Meteo"}, {"desc": "Joseph Matula, un d\u00e9tective priv\u00e9, quitte la police apr\u00e8s une sombre affaire. Il constitue avec plusieurs avocats successifs un tandem efficace capable de r\u00e9soudre les affaires les plus complexes. Il occupe son temps libre \u00e0 boire de la bi\u00e8re et \u00e0 jouer au billard. Une s\u00e9rie polici\u00e8re qui joue aussi la corde de l'humour. Sa long\u00e9vit\u00e9 impressionne. Le premier \u00e9pisode a \u00e9t\u00e9 tourn\u00e9 en 1981. L'inamovi", "start_date": "2026-09-01T18:05:00+00:00", "title": "Ein Fall f\u00fcr zwei"}, {"desc": "Als das Magazin \u00fcber Konsum, Geld und Arbeit am 4. Januar 1974 erstmals \u00fcber die Schweizer Bildschirme flimmerte, waren sich die Kritiker einig: Die Sendung h\u00e4lt sich nicht lange. Doch sie entwickelte sich zum Renner. Es werden Fakten geliefert und Meinungen eingeholt. F\u00fchrende Leute aus der Wirtschaft \u00e4u\u00dfern sich zu Themen, die gerade besondere Brisanz in sich bergen.", "start_date": "2026-09-01T19:10:00+00:00", "title": "Kassensturz"}, {"desc": null, "start_date": "2026-09-01T19:50:00+00:00", "title": "10 vor 10"}, {"desc": null, "start_date": "2026-09-01T20:15:00+00:00", "title": "Meteo"}, {"desc": "Vier bis f\u00fcnf Neuerscheinungen besprechen die Literaturexperten in jeder Ausgabe der literarischen Gespr\u00e4chssendung. Sie wollen Lust auf aktuelle B\u00fccher machen, neue literarische Entdeckungen oder Wiederentdeckungen vorstellen und Unterst\u00fctzung bei der Orientierung auf dem schier un\u00fcberschaubaren Buchmarkt anbieten. Dabei vertreten die Diskussionsteilnehmer durchaus kontr\u00e4re Meinungen.", "start_date": "2026-09-01T20:25:00+00:00", "title": "Literaturclub"}, {"desc": null, "start_date": "2026-09-01T21:45:00+00:00", "title": "Newsflash SRF 1"}, {"desc": "A Kaboul, \u00e0 la fin des ann\u00e9es 1990, le r\u00e8gne des talibans a plong\u00e9 la soci\u00e9t\u00e9 locale dans l'obscurantisme. L'universit\u00e9 est d\u00e9vast\u00e9e et la musique interdite. Des lapidations ont lieu en pleine rue ainsi que des ex\u00e9cutions publiques dans le stade national en ouverture des matchs de football. Les femmes, dissimul\u00e9es sous la burqa, ne peuvent marcher seules dans la rue. C'est dans ce contexte dangere", "start_date": "2026-09-01T21:55:00+00:00", "title": "Les hirondelles de Kaboul"}, {"desc": "Als das Magazin \u00fcber Konsum, Geld und Arbeit am 4. Januar 1974 erstmals \u00fcber die Schweizer Bildschirme flimmerte, waren sich die Kritiker einig: Die Sendung h\u00e4lt sich nicht lange. Doch sie entwickelte sich zum Renner. Es werden Fakten geliefert und Meinungen eingeholt. F\u00fchrende Leute aus der Wirtschaft \u00e4u\u00dfern sich zu Themen, die gerade besondere Brisanz in sich bergen.", "start_date": "2026-09-01T23:15:00+00:00", "title": "Kassensturz"}, {"desc": "Vier bis f\u00fcnf Neuerscheinungen besprechen die Literaturexperten in jeder Ausgabe der literarischen Gespr\u00e4chssendung. Sie wollen Lust auf aktuelle B\u00fccher machen, neue literarische Entdeckungen oder Wiederentdeckungen vorstellen und Unterst\u00fctzung bei der Orientierung auf dem schier un\u00fcberschaubaren Buchmarkt anbieten. Dabei vertreten die Diskussionsteilnehmer durchaus kontr\u00e4re Meinungen.", "start_date": "2026-09-01T23:50:00+00:00", "title": "Literaturclub"}, {"desc": "Tag 2 in der \"Egli\"-Woche. Judith aus Winterthur ZH werkelt gerne mit ihrem Plasmaschneider und ausrangierten Metallteilen herum und schafft so ganz eigene Kunstwerke. Die 46-J\u00e4hrige verarbeitet den Egli in einem Pie, dazu gibt es zweierlei Chutney. Das h\u00e4tten die G\u00e4ste nicht erwartet.", "start_date": "2026-09-02T01:05:00+00:00", "title": "Mini Chuchi, dini Chuchi"}, {"desc": "Depuis le XVe si\u00e8cle, les habitants de Villar d'Ar\u00e8ne, dans les Hautes-Alpes, c\u00e9l\u00e8brent tous les ans, au mois de novembre, la f\u00eate du pain bouilli.", "start_date": "2026-09-02T01:20:00+00:00", "title": "Zu Tisch"}, {"desc": "Une s\u00e9rie documentaire qui part \u00e0 la d\u00e9couverte de la Suisse vue du ciel.", "start_date": "2026-09-02T01:45:00+00:00", "title": "Die Schweiz von oben: Alpstein"}, {"desc": null, "start_date": "2026-09-02T02:05:00+00:00", "title": "1 gegen 100"}, {"desc": "Lange galt das Bewusstsein des Todes als letzte Bastion menschlicher Einzigartigkeit. Doch die spanische Philosophin und Tierethikerin Susana Mons\u00f3 stellt diese Gewissheit infrage. Sie erkl\u00e4rt, was Tiere \u00fcber den Tod verstehen und warum diese Erkenntnisse unser Bild vom Menschen ver\u00e4ndern.", "start_date": "2026-09-02T02:55:00+00:00", "title": "Sternstunde Philosophie"}, {"desc": "Wissenschaftliche Themen werden f\u00fcr jedermann verst\u00e4ndlich aufgearbeitet und in dieser Sendung pr\u00e4sentiert. Schon seit Dezember 1999 erfreut sich das Magazin gro\u00dfer Beliebtheit. In den Bereichen Technik, Medizin, Wissenschaft und Forschung gibt es immer wieder neue Erkenntnisse, Durchbr\u00fcche und innovative Ideen. Vieles davon bewirkt sp\u00fcrbare Ver\u00e4nderungen in unser aller Alltagsleben.", "start_date": "2026-09-02T03:55:00+00:00", "title": "nano"}, {"desc": null, "start_date": "2026-09-02T04:25:00+00:00", "title": "News-Schlagzeilen"}, {"desc": null, "start_date": "2026-09-02T05:30:00+00:00", "title": "Wetterkanal"}, {"desc": "Depuis le XVe si\u00e8cle, les habitants de Villar d'Ar\u00e8ne, dans les Hautes-Alpes, c\u00e9l\u00e8brent tous les ans, au mois de novembre, la f\u00eate du pain bouilli.", "start_date": "2026-09-02T07:20:00+00:00", "title": "Zu Tisch"}, {"desc": "Docteur Martin Gruber n'aurais jamais pens\u00e9 abandonn\u00e9 son poste \u00e0 New York pour revenir \u00e0 Ellmau, son village des Alpes. En retrouvant sa famille, il apprend que la petite Lilli est sa fille. Martin doit donc remettre de l'ordre dans sa vie familiale et se confronter aux probl\u00e8mes de sant\u00e9 des habitants du village. \u00catre m\u00e9decin de campagne n'est pas de tout repos.", "start_date": "2026-09-02T07:50:00+00:00", "title": "Der Bergdoktor"}, {"desc": "Docteur Martin Gruber n'aurais jamais pens\u00e9 abandonn\u00e9 son poste \u00e0 New York pour revenir \u00e0 Ellmau, son village des Alpes. En retrouvant sa famille, il apprend que la petite Lilli est sa fille. Martin doit donc remettre de l'ordre dans sa vie familiale et se confronter aux probl\u00e8mes de sant\u00e9 des habitants du village. \u00catre m\u00e9decin de campagne n'est pas de tout repos.", "start_date": "2026-09-02T08:40:00+00:00", "title": "Der Bergdoktor"}, {"desc": "Als das Magazin \u00fcber Konsum, Geld und Arbeit am 4. Januar 1974 erstmals \u00fcber die Schweizer Bildschirme flimmerte, waren sich die Kritiker einig: Die Sendung h\u00e4lt sich nicht lange. Doch sie entwickelte sich zum Renner. Es werden Fakten geliefert und Meinungen eingeholt. F\u00fchrende Leute aus der Wirtschaft \u00e4u\u00dfern sich zu Themen, die gerade besondere Brisanz in sich bergen.", "start_date": "2026-09-02T09:30:00+00:00", "title": "Kassensturz"}, {"desc": "In der neuen \"Mini Chuchi, dini Chuchi\"-Woche dreht sich alles um den \"Egli\". Miriam aus Bischofszell TG hat in ihrem Garten eigene Bienen und geht gerne wandern. Die 50-J\u00e4hrige umh\u00fcllt ihre Eglifilets mit einem Knuspermantel und kombiniert das mit Spargeln und selbstgemachter Mayonnaise.", "start_date": "2026-09-02T10:05:00+00:00", "title": "Mini Chuchi, dini Chuchi"}, {"desc": "Tag 2 in der \"Egli\"-Woche. Judith aus Winterthur ZH werkelt gerne mit ihrem Plasmaschneider und ausrangierten Metallteilen herum und schafft so ganz eigene Kunstwerke. Die 46-J\u00e4hrige verarbeitet den Egli in einem Pie, dazu gibt es zweierlei Chutney. Das h\u00e4tten die G\u00e4ste nicht erwartet.", "start_date": "2026-09-02T10:25:00+00:00", "title": "Mini Chuchi, dini Chuchi"}, {"desc": null, "start_date": "2026-09-02T10:45:00+00:00", "title": "Tagesschau kompakt"}, {"desc": null, "start_date": "2026-09-02T10:50:00+00:00", "title": "Meteo"}, {"desc": "Depuis le XVe si\u00e8cle, les habitants de Villar d'Ar\u00e8ne, dans les Hautes-Alpes, c\u00e9l\u00e8brent tous les ans, au mois de novembre, la f\u00eate du pain bouilli.", "start_date": "2026-09-02T11:05:00+00:00", "title": "Zu Tisch"}, {"desc": null, "start_date": "2026-09-02T11:40:00+00:00", "title": "SF bi de L\u00fct"}, {"desc": null, "start_date": "2026-09-02T12:30:00+00:00", "title": "SF bi de L\u00fct"}, {"desc": "Alpine Bodenst\u00e4ndigkeit trifft im Tessin auf italienische Lebensart. Der s\u00fcdlichste Kanton der Schweiz zeigt sich am Lago Maggiore mediterran und in den tief eingekerbten Seitent\u00e4lern noch weitgehend urspr\u00fcnglich.", "start_date": "2026-09-02T13:25:00+00:00", "title": "Streifzug durch das Tessin"}, {"desc": "Uno scambio di culle per un fatale errore cambiera' la vita sentimentale di due ragazzi consentendogli di trovare il vero amore. Regia di S. Bartmann.", "start_date": "2026-09-02T13:55:00+00:00", "title": "Rosamunde Pilcher"}, {"desc": "Eine Gute Nacht f\u00fcr die Kleinsten - mit den \"Guetnachtgschichtli\" von Dominik Dachs, Pingu und vielen anderen Helden, die sich auf spannende Reisen begeben.", "start_date": "2026-09-02T15:30:00+00:00", "title": "Guetnachtgschichtli"}, {"desc": null, "start_date": "2026-09-02T15:40:00+00:00", "title": "Telesguard"}, {"desc": null, "start_date": "2026-09-02T16:00:00+00:00", "title": "Tagesschau kompakt"}, {"desc": null, "start_date": "2026-09-02T16:05:00+00:00", "title": "Meteo"}, {"desc": "Zum dritten Mal wird diese Woche ein Menu mit \"Egli\" serviert. Valentin aus Winterthur ZH z\u00fcchtet gerne Chilis in seinem Garten und legt gerne Musik auf. Der angehende Student, 22, bereitet f\u00fcr seine G\u00e4ste knusprige Ofenkartoffeln und Eglifilet mit einem Cicorino-Orangen-Salat zu.", "start_date": "2026-09-02T16:10:00+00:00", "title": "Mini Chuchi, dini Chuchi"}, {"desc": "La famille Shamlou vit de la culture du \"crocus sativus\", une fleur dont les pistils s\u00e9ch\u00e9s donnent les pr\u00e9cieux filaments de safran, l'une des \u00e9pices les plus ch\u00e8res au monde.", "start_date": "2026-09-02T16:25:00+00:00", "title": "Zu Tisch"}, {"desc": null, "start_date": "2026-09-02T17:00:00+00:00", "title": "Schweiz aktuell"}, {"desc": "\"SRF B\u00f6rse\" berichtet \u00fcber die t\u00e4glichen Entwicklungen an der Schweizer B\u00f6rse. Sie beobachtet und analysiert Trends und Perspektiven und holt dazu die Meinung von Konzernchefs und anderen wichtigen Entscheidungstr\u00e4gern der Wirtschaft ein.", "start_date": "2026-09-02T17:25:00+00:00", "title": "SRF B\u00f6rse"}, {"desc": null, "start_date": "2026-09-02T17:30:00+00:00", "title": "Tagesschau"}, {"desc": null, "start_date": "2026-09-02T17:55:00+00:00", "title": "Meteo"}, {"desc": "Das Politmagazin berichtet \u00fcber Hintergr\u00fcnde und aktuelle Ereignisse und Brennpunkte im In- und Ausland.", "start_date": "2026-09-02T18:10:00+00:00", "title": "Rundschau"}, {"desc": "Auf nichts vorbereitet, aber auf alles gefasst: Mona Vetsch wird ins kalte Wasser geworfen und begibt sich auf eine Reise, deren Ziel sie nicht kennt. Sie wei\u00df aber, dass sie drei Tage lang dort bleiben und leben wird. Dabei entdeckt sie Realit\u00e4ten und Schicksale hautnah und ger\u00e4t auch immer mal wieder an ihre Grenzen.", "start_date": "2026-09-02T19:00:00+00:00", "title": "Mona mittendrin"}, {"desc": null, "start_date": "2026-09-02T19:40:00+00:00", "title": "Ziehung des Schweizer Zahlenlottos"}, {"desc": null, "start_date": "2026-09-02T19:50:00+00:00", "title": "10 vor 10"}, {"desc": null, "start_date": "2026-09-02T20:15:00+00:00", "title": "Meteo"}, {"desc": "Die A13 verbindet die Schweiz von Norden bis S\u00fcden. Sie schl\u00e4ngelt sich durch die sch\u00f6nsten T\u00e4ler, schraubt sich in Serpentinen die Berge hinauf und ist Lebensader f\u00fcr viele Menschen. Die Hosts Nino Gadient und Nina Brunner begeben sich auf einen Roadtrip, um das Wesen der Autobahn zu erkunden.", "start_date": "2026-09-02T20:25:00+00:00", "title": "Kulturplatz"}, {"desc": "Remarquant le nouveau parfum d'Ivar, son mari, Anne reste \u00e9veill\u00e9e toute la nuit, tourment\u00e9e par une question lancinante : doit-elle le quitter ?", "start_date": "2026-09-02T21:00:00+00:00", "title": "Ivar"}, {"desc": "\"Rosa, mach Zimmer 7 fertig\", ruft der Chef. W\u00e4hrend die Hotelangestellten versuchen, die G\u00e4ste bei Laune zu halten, kommt Rosa mit dem Putzen nicht nach. Vertr\u00e4umter Abschlussfilm von Maya Friens an der Schule f\u00fcr Animation in Angoul\u00eame (EMCA). Inspirieren lassen hat sie sich von ihrem Sommerjob.", "start_date": "2026-09-02T21:05:00+00:00", "title": "Hotel mit Meerblick"}, {"desc": "Au mitan d'une vie marqu\u00e9e par le stress et le manque d'\u00e9nergie, Ray r\u00eave de ce qu'il aimerait faire \u00e0 la retraite, lorsqu'il aura enfin du temps pour lui.", "start_date": "2026-09-02T21:10:00+00:00", "title": "Retirement Plan - Ruhestand"}, {"desc": "Un jeune couple quitte d\u00e9finitivement la Russie apr\u00e8s l'invasion de l'Ukraine. Leur voyage se transforme en un cauchemar surr\u00e9aliste o\u00f9 la neige les poursuit jusqu'\u00e0 la fronti\u00e8re.", "start_date": "2026-09-02T21:20:00+00:00", "title": "Winter im M\u00e4rz"}, {"desc": "Jim, un homme solitaire, englu\u00e9 dans une morne routine, se souvient de l'\u00e9poque o\u00f9, enfant, ses tripes \u00e9taient devenues son meilleur ami.", "start_date": "2026-09-02T21:35:00+00:00", "title": "My Gut Friend - Mein Freund, das Bauchgef\u00fchl"}], "offset": "+00:00", "timezone": "UTC", "error_code": -1, "start_date": "2026-09-01", "icon": ""}