{"end_date": "2026-09-01", "name": "SRF 1", "info_url": "https://epg.pw/channels/516411/20260831.html", "country": "France", "description": null, "error_message": "", "provider": "", "source_url": "https://epg.pw/api/epg.json?channel_id=516411&date=20260831&timezone=None", "epg_list": [{"desc": "Lange galt das Bewusstsein des Todes als letzte Bastion menschlicher Einzigartigkeit. Doch die spanische Philosophin und Tierethikerin Susana Mons\u00f3 stellt diese Gewissheit infrage. Sie erkl\u00e4rt, was Tiere \u00fcber den Tod verstehen und warum diese Erkenntnisse unser Bild vom Menschen ver\u00e4ndern.", "start_date": "2026-08-31T00:45:00+00:00", "title": "Sternstunde Philosophie"}, {"desc": null, "start_date": "2026-08-31T01:45:00+00:00", "title": "F\u00fcr immer und WG"}, {"desc": null, "start_date": "2026-08-31T02:05:00+00:00", "title": "F\u00fcr immer und WG"}, {"desc": "Une s\u00e9rie documentaire qui part \u00e0 la d\u00e9couverte de la Suisse vue du ciel.", "start_date": "2026-08-31T02:30:00+00:00", "title": "Die Schweiz von oben: Z\u00fcrich"}, {"desc": "Die Sendung m\u00f6chte f\u00fcr Kultur begeistern und beh\u00e4lt wichtige Akteure und Ereignisse des Kulturbetriebes im Blick.", "start_date": "2026-08-31T02:40:00+00:00", "title": "Kulturplatz"}, {"desc": "Welche Themen sind gerade f\u00fcr die Menschen von Bedeutung? Die Antwort auf diese Frage liefert Urs Gredig. In dieser w\u00f6chentlichen Talksendung spricht der Journalist mit prominenten G\u00e4sten aus Politik, Wirtschaft, Unterhaltung, Sport und Gesellschaft \u00fcber aktuelle Themen. In jeder Folge hat Gredig eine Person f\u00fcr ein Zwiegespr\u00e4ch zu Gast. Der Themenwahl sind dabei kaum Grenzen gesetzt.", "start_date": "2026-08-31T03:10:00+00:00", "title": "Gredig direkt"}, {"desc": null, "start_date": "2026-08-31T03:40:00+00:00", "title": "SRF bi de L\u00fct - Im Einsatz"}, {"desc": null, "start_date": "2026-08-31T04:25:00+00:00", "title": "News-Schlagzeilen"}, {"desc": null, "start_date": "2026-08-31T05:30:00+00:00", "title": "Wetterkanal"}, {"desc": "Le docteur Paul Flanner se rend en Caroline du Nord pour se r\u00e9concilier avec son fils et fuir son quotidien. Il d\u00e9cide de faire une escale dans un h\u00f4tel situ\u00e9 dans le petit village c\u00f4tier de Rodanthe car un ouragan est annonc\u00e9 pour la soir\u00e9e. Il y fait la connaissance d'Adrienne Willis, qui s'occupe de l'h\u00f4tel d'une amie pour le week-end. Cet isolement permet \u00e0 Adrienne de s'\u00e9loigner un temps des ", "start_date": "2026-08-31T06:50:00+00:00", "title": "Das L\u00e4cheln der Sterne"}, {"desc": null, "start_date": "2026-08-31T08:35:00+00:00", "title": "Der Engelmacher - Fall der Engel"}, {"desc": null, "start_date": "2026-08-31T09:30:00+00:00", "title": "Der Engelmacher - Vattis Schatten"}, {"desc": "Wochenfinale bei \"Mini Chuchi, dini Chuchi\" zum Thema \"\u00d6ppis mit Honig\". Joel aus Walkringen BE powert sich gerne beim Eishockeyspielen aus und hat in seiner Freizeit immer Programm. Der 27-J\u00e4hrige kombiniert das s\u00fcsse Gold mit Schweinsfilet und Sp\u00e4tzli. Wer holt sich heute den Sieg?", "start_date": "2026-08-31T10:25:00+00:00", "title": "Mini Chuchi, dini Chuchi"}, {"desc": null, "start_date": "2026-08-31T10:45:00+00:00", "title": "Tagesschau kompakt"}, {"desc": null, "start_date": "2026-08-31T10:50:00+00:00", "title": "Meteo"}, {"desc": "Les Guillot et leurs enfants habitent dans le Marais poitevin. Estelle cuisine des \u00e9crevisses, tandis que Matthieu pr\u00e9pare un farci mara\u00eechin.", "start_date": "2026-08-31T11:00:00+00:00", "title": "Zu Tisch"}, {"desc": null, "start_date": "2026-08-31T11:30:00+00:00", "title": "SF bi de L\u00fct"}, {"desc": "\"SF bi de L\u00fct\" ist eine Woche lang zu Besuch auf dem Gubel mit Blick \u00fcber das Zugerland und guckt dabei Heidi Schmid in den Kochtopf: bodenst\u00e4ndig, farbenfroh und einfach - so kocht sie. Ob Heidi mit ihrem panierten Geissk\u00e4se, dem Kalbsragout und dem selbstkreierten Gubelkrapfen-Parfait bei den anderen Landfrauen punkten kann?", "start_date": "2026-08-31T12:25:00+00:00", "title": "SF bi de L\u00fct"}, {"desc": "Rund jeder f\u00fcnfte Haustierbesitzer gibt an, mehr um sein Haustier als um einen nahestehenden Menschen getrauert zu haben. Warum bauen Menschen eine so starke Beziehung zu Haustieren auf? \"rec.\"-Reporterin Lia Perbo spricht mit Betroffenen und einem Tierarzt \u00fcber die Trauer um verstorbene Haustiere.", "start_date": "2026-08-31T13:15:00+00:00", "title": "rec."}, {"desc": "Docteur Martin Gruber n'aurais jamais pens\u00e9 abandonn\u00e9 son poste \u00e0 New York pour revenir \u00e0 Ellmau, son village des Alpes. En retrouvant sa famille, il apprend que la petite Lilli est sa fille. Martin doit donc remettre de l'ordre dans sa vie familiale et se confronter aux probl\u00e8mes de sant\u00e9 des habitants du village. \u00catre m\u00e9decin de campagne n'est pas de tout repos.", "start_date": "2026-08-31T13:55:00+00:00", "title": "Der Bergdoktor"}, {"desc": "Docteur Martin Gruber n'aurais jamais pens\u00e9 abandonn\u00e9 son poste \u00e0 New York pour revenir \u00e0 Ellmau, son village des Alpes. En retrouvant sa famille, il apprend que la petite Lilli est sa fille. Martin doit donc remettre de l'ordre dans sa vie familiale et se confronter aux probl\u00e8mes de sant\u00e9 des habitants du village. \u00catre m\u00e9decin de campagne n'est pas de tout repos.", "start_date": "2026-08-31T14:45:00+00:00", "title": "Der Bergdoktor"}, {"desc": "Eine Gute Nacht f\u00fcr die Kleinsten - mit den \"Guetnachtgschichtli\" von Dominik Dachs, Pingu und vielen anderen Helden, die sich auf spannende Reisen begeben.", "start_date": "2026-08-31T15:30:00+00:00", "title": "Guetnachtgschichtli"}, {"desc": null, "start_date": "2026-08-31T15:40:00+00:00", "title": "Telesguard"}, {"desc": null, "start_date": "2026-08-31T16:00:00+00:00", "title": "Tagesschau kompakt"}, {"desc": null, "start_date": "2026-08-31T16:05:00+00:00", "title": "Meteo"}, {"desc": "In der neuen \"Mini Chuchi, dini Chuchi\"-Woche dreht sich alles um den \"Egli\". Miriam aus Bischofszell TG hat in ihrem Garten eigene Bienen und geht gerne wandern. Die 50-J\u00e4hrige umh\u00fcllt ihre Eglifilets mit einem Knuspermantel und kombiniert das mit Spargeln und selbstgemachter Mayonnaise.", "start_date": "2026-08-31T16:10:00+00:00", "title": "Mini Chuchi, dini Chuchi"}, {"desc": "En Suisse orientale, pr\u00e8s du lac de Constance, Thomas Oeler et sa femme Jacqueline pressent, s\u00e8chent ou font compoter des poires au go\u00fbt subtil et d\u00e9licat.", "start_date": "2026-08-31T16:25:00+00:00", "title": "Zu Tisch"}, {"desc": null, "start_date": "2026-08-31T17:00:00+00:00", "title": "Schweiz aktuell"}, {"desc": "\"SRF B\u00f6rse\" berichtet \u00fcber die t\u00e4glichen Entwicklungen an der Schweizer B\u00f6rse. Sie beobachtet und analysiert Trends und Perspektiven und holt dazu die Meinung von Konzernchefs und anderen wichtigen Entscheidungstr\u00e4gern der Wirtschaft ein.", "start_date": "2026-08-31T17:25:00+00:00", "title": "SRF B\u00f6rse"}, {"desc": null, "start_date": "2026-08-31T17:30:00+00:00", "title": "Tagesschau"}, {"desc": null, "start_date": "2026-08-31T17:55:00+00:00", "title": "Meteo"}, {"desc": null, "start_date": "2026-08-31T18:10:00+00:00", "title": "1 gegen 100"}, {"desc": "Die Schweiz wird heisser. Und Hitze ist Stress f\u00fcr K\u00f6rper und Geist, f\u00fchrt an Tagen \u00fcber 30 Grad zu mehr Notf\u00e4llen, Unf\u00e4llen, Todesf\u00e4llen. Was k\u00f6nnen wir heute schon tun, um mit k\u00fcnftigen Extremtemperaturen besser zu leben? \"Puls\" begibt sich auf eine Hitzetour und liefert Antworten.", "start_date": "2026-08-31T19:10:00+00:00", "title": "Puls"}, {"desc": null, "start_date": "2026-08-31T19:50:00+00:00", "title": "10 vor 10"}, {"desc": null, "start_date": "2026-08-31T20:15:00+00:00", "title": "Meteo"}, {"desc": "Die Moderatorin Eveline Kobler begr\u00fc\u00dft in dieser Talkshow f\u00fchrende Vertreter der Schweizer Wirtschaft, die \u00fcber ihre Erfahrungen, Grunds\u00e4tze, ihre gesellschaftliche Veranwortung sowie \u00fcber aktuelle \u00f6konomische Themen sprechen.", "start_date": "2026-08-31T20:25:00+00:00", "title": "Eco Talk"}, {"desc": "Nach einem Unfall steigt Ingrid Huser sogleich ins Unfallauto und bittet den Fahrer wegzufahren. Es ist der Industrielle Peter Frank, in den sie sich verguckt. Doch ihr Vater ist gegen das Verh\u00e4ltnis.", "start_date": "2026-08-31T21:05:00+00:00", "title": "Fr\u00e4ulein Huser"}, {"desc": null, "start_date": "2026-08-31T22:40:00+00:00", "title": "Newsflash SRF 1"}, {"desc": null, "start_date": "2026-08-31T22:50:00+00:00", "title": "1 gegen 100"}, {"desc": "In der neuen \"Mini Chuchi, dini Chuchi\"-Woche dreht sich alles um den \"Egli\". Miriam aus Bischofszell TG hat in ihrem Garten eigene Bienen und geht gerne wandern. Die 50-J\u00e4hrige umh\u00fcllt ihre Eglifilets mit einem Knuspermantel und kombiniert das mit Spargeln und selbstgemachter Mayonnaise.", "start_date": "2026-08-31T23:45:00+00:00", "title": "Mini Chuchi, dini Chuchi"}, {"desc": "Die Moderatorin Eveline Kobler begr\u00fc\u00dft in dieser Talkshow f\u00fchrende Vertreter der Schweizer Wirtschaft, die \u00fcber ihre Erfahrungen, Grunds\u00e4tze, ihre gesellschaftliche Veranwortung sowie \u00fcber aktuelle \u00f6konomische Themen sprechen.", "start_date": "2026-09-01T00:00:00+00:00", "title": "Eco Talk"}, {"desc": "En Suisse orientale, pr\u00e8s du lac de Constance, Thomas Oeler et sa femme Jacqueline pressent, s\u00e8chent ou font compoter des poires au go\u00fbt subtil et d\u00e9licat.", "start_date": "2026-09-01T00:35:00+00:00", "title": "Zu Tisch"}, {"desc": "Une s\u00e9rie documentaire qui part \u00e0 la d\u00e9couverte de la Suisse vue du ciel.", "start_date": "2026-09-01T01:12:00+00:00", "title": "Die Schweiz von oben: Innerschweiz"}, {"desc": null, "start_date": "2026-09-01T01:15:00+00:00", "title": "Der Engelmacher - Vatti und seine Engel"}, {"desc": null, "start_date": "2026-09-01T02:05:00+00:00", "title": "Der Engelmacher - Engelskinder"}, {"desc": "Das Appenzeller L\u00e4ndlerfest feiert sein 30-j\u00e4hriges Jubil\u00e4um. Nicolas Senn besucht das traditionsreiche Volksmusikfest, trifft in den malerischen Gassen und bekannten L\u00e4ndlerbeizen von Appenzell erstklassige Volksmusikanten und gutgelaunte Festbesucher von nah und fern.", "start_date": "2026-09-01T02:50:00+00:00", "title": "Potzmusig"}, {"desc": "Die Schweiz wird heisser. Und Hitze ist Stress f\u00fcr K\u00f6rper und Geist, f\u00fchrt an Tagen \u00fcber 30 Grad zu mehr Notf\u00e4llen, Unf\u00e4llen, Todesf\u00e4llen. Was k\u00f6nnen wir heute schon tun, um mit k\u00fcnftigen Extremtemperaturen besser zu leben? \"Puls\" begibt sich auf eine Hitzetour und liefert Antworten.", "start_date": "2026-09-01T03:20:00+00:00", "title": "Puls"}, {"desc": "Wissenschaftliche Themen werden f\u00fcr jedermann verst\u00e4ndlich aufgearbeitet und in dieser Sendung pr\u00e4sentiert. Schon seit Dezember 1999 erfreut sich das Magazin gro\u00dfer Beliebtheit. In den Bereichen Technik, Medizin, Wissenschaft und Forschung gibt es immer wieder neue Erkenntnisse, Durchbr\u00fcche und innovative Ideen. Vieles davon bewirkt sp\u00fcrbare Ver\u00e4nderungen in unser aller Alltagsleben.", "start_date": "2026-09-01T03:55:00+00:00", "title": "nano"}, {"desc": null, "start_date": "2026-09-01T04:25:00+00:00", "title": "News-Schlagzeilen"}, {"desc": null, "start_date": "2026-09-01T05:30:00+00:00", "title": "Wetterkanal"}, {"desc": "En Suisse orientale, pr\u00e8s du lac de Constance, Thomas Oeler et sa femme Jacqueline pressent, s\u00e8chent ou font compoter des poires au go\u00fbt subtil et d\u00e9licat.", "start_date": "2026-09-01T06:55:00+00:00", "title": "Zu Tisch"}, {"desc": "Docteur Martin Gruber n'aurais jamais pens\u00e9 abandonn\u00e9 son poste \u00e0 New York pour revenir \u00e0 Ellmau, son village des Alpes. En retrouvant sa famille, il apprend que la petite Lilli est sa fille. Martin doit donc remettre de l'ordre dans sa vie familiale et se confronter aux probl\u00e8mes de sant\u00e9 des habitants du village. \u00catre m\u00e9decin de campagne n'est pas de tout repos.", "start_date": "2026-09-01T07:25:00+00:00", "title": "Der Bergdoktor"}, {"desc": "Docteur Martin Gruber n'aurais jamais pens\u00e9 abandonn\u00e9 son poste \u00e0 New York pour revenir \u00e0 Ellmau, son village des Alpes. En retrouvant sa famille, il apprend que la petite Lilli est sa fille. Martin doit donc remettre de l'ordre dans sa vie familiale et se confronter aux probl\u00e8mes de sant\u00e9 des habitants du village. \u00catre m\u00e9decin de campagne n'est pas de tout repos.", "start_date": "2026-09-01T08:15:00+00:00", "title": "Der Bergdoktor"}, {"desc": "Die Moderatorin Eveline Kobler begr\u00fc\u00dft in dieser Talkshow f\u00fchrende Vertreter der Schweizer Wirtschaft, die \u00fcber ihre Erfahrungen, Grunds\u00e4tze, ihre gesellschaftliche Veranwortung sowie \u00fcber aktuelle \u00f6konomische Themen sprechen.", "start_date": "2026-09-01T09:00:00+00:00", "title": "Eco Talk"}, {"desc": "Die Schweiz wird heisser. Und Hitze ist Stress f\u00fcr K\u00f6rper und Geist, f\u00fchrt an Tagen \u00fcber 30 Grad zu mehr Notf\u00e4llen, Unf\u00e4llen, Todesf\u00e4llen. Was k\u00f6nnen wir heute schon tun, um mit k\u00fcnftigen Extremtemperaturen besser zu leben? \"Puls\" begibt sich auf eine Hitzetour und liefert Antworten.", "start_date": "2026-09-01T09:45:00+00:00", "title": "Puls"}, {"desc": "In der neuen \"Mini Chuchi, dini Chuchi\"-Woche dreht sich alles um den \"Egli\". Miriam aus Bischofszell TG hat in ihrem Garten eigene Bienen und geht gerne wandern. Die 50-J\u00e4hrige umh\u00fcllt ihre Eglifilets mit einem Knuspermantel und kombiniert das mit Spargeln und selbstgemachter Mayonnaise.", "start_date": "2026-09-01T10:20:00+00:00", "title": "Mini Chuchi, dini Chuchi"}, {"desc": null, "start_date": "2026-09-01T10:45:00+00:00", "title": "Tagesschau kompakt"}, {"desc": null, "start_date": "2026-09-01T10:50:00+00:00", "title": "Meteo"}, {"desc": "En Suisse orientale, pr\u00e8s du lac de Constance, Thomas Oeler et sa femme Jacqueline pressent, s\u00e8chent ou font compoter des poires au go\u00fbt subtil et d\u00e9licat.", "start_date": "2026-09-01T11:05:00+00:00", "title": "Zu Tisch"}, {"desc": "\"SF bi de L\u00fct\" begleitet Veronika Oswald und ihre Familie aus N\u00e4fels GL in der Woche vor dem Landfrauenessen - im Stall, bei der Fahrt auf die Alp, bei der Arbeit von Veronika und der Freizeitbesch\u00e4ftigung der Kinder. Und nat\u00fcrlich schaut \"SF bi de L\u00fct\" in Veronikas Kocht\u00f6pfe. Ob sie die anderen Landfrauen mit ihrem kreativen Glarnermenu \u00fcberzeugen kann?", "start_date": "2026-09-01T11:35:00+00:00", "title": "SF bi de L\u00fct"}, {"desc": null, "start_date": "2026-09-01T12:30:00+00:00", "title": "SF bi de L\u00fct"}, {"desc": "Der Graue Star betrifft fast alle Menschen im Laufe des Lebens. Doch welche Kunstlinse ist die richtige? Zudem zeigt die Sendung eine neue Behandlung gegen starkes Zittern und kl\u00e4rt, wie sinnvoll Fitnesstracker tats\u00e4chlich sind.", "start_date": "2026-09-01T13:20:00+00:00", "title": "GESUNDHEITHEUTE - Die Gesundheitssendung mit Dr. Jeanne F\u00fcrst"}, {"desc": "Docteur Martin Gruber n'aurais jamais pens\u00e9 abandonn\u00e9 son poste \u00e0 New York pour revenir \u00e0 Ellmau, son village des Alpes. En retrouvant sa famille, il apprend que la petite Lilli est sa fille. Martin doit donc remettre de l'ordre dans sa vie familiale et se confronter aux probl\u00e8mes de sant\u00e9 des habitants du village. \u00catre m\u00e9decin de campagne n'est pas de tout repos.", "start_date": "2026-09-01T13:55:00+00:00", "title": "Der Bergdoktor"}, {"desc": "Docteur Martin Gruber n'aurais jamais pens\u00e9 abandonn\u00e9 son poste \u00e0 New York pour revenir \u00e0 Ellmau, son village des Alpes. En retrouvant sa famille, il apprend que la petite Lilli est sa fille. Martin doit donc remettre de l'ordre dans sa vie familiale et se confronter aux probl\u00e8mes de sant\u00e9 des habitants du village. \u00catre m\u00e9decin de campagne n'est pas de tout repos.", "start_date": "2026-09-01T14:45:00+00:00", "title": "Der Bergdoktor"}, {"desc": "Eine Gute Nacht f\u00fcr die Kleinsten - mit den \"Guetnachtgschichtli\" von Dominik Dachs, Pingu und vielen anderen Helden, die sich auf spannende Reisen begeben.", "start_date": "2026-09-01T15:30:00+00:00", "title": "Guetnachtgschichtli"}, {"desc": null, "start_date": "2026-09-01T15:40:00+00:00", "title": "Telesguard"}, {"desc": null, "start_date": "2026-09-01T16:00:00+00:00", "title": "Tagesschau kompakt"}, {"desc": null, "start_date": "2026-09-01T16:05:00+00:00", "title": "Meteo"}, {"desc": "Tag 2 in der \"Egli\"-Woche. Judith aus Winterthur ZH werkelt gerne mit ihrem Plasmaschneider und ausrangierten Metallteilen herum und schafft so ganz eigene Kunstwerke. Die 46-J\u00e4hrige verarbeitet den Egli in einem Pie, dazu gibt es zweierlei Chutney. Das h\u00e4tten die G\u00e4ste nicht erwartet.", "start_date": "2026-09-01T16:10:00+00:00", "title": "Mini Chuchi, dini Chuchi"}, {"desc": "Depuis le XVe si\u00e8cle, les habitants de Villar d'Ar\u00e8ne, dans les Hautes-Alpes, c\u00e9l\u00e8brent tous les ans, au mois de novembre, la f\u00eate du pain bouilli.", "start_date": "2026-09-01T16:25:00+00:00", "title": "Zu Tisch"}, {"desc": null, "start_date": "2026-09-01T17:00:00+00:00", "title": "Schweiz aktuell"}, {"desc": "\"SRF B\u00f6rse\" berichtet \u00fcber die t\u00e4glichen Entwicklungen an der Schweizer B\u00f6rse. Sie beobachtet und analysiert Trends und Perspektiven und holt dazu die Meinung von Konzernchefs und anderen wichtigen Entscheidungstr\u00e4gern der Wirtschaft ein.", "start_date": "2026-09-01T17:25:00+00:00", "title": "SRF B\u00f6rse"}, {"desc": null, "start_date": "2026-09-01T17:30:00+00:00", "title": "Tagesschau"}, {"desc": null, "start_date": "2026-09-01T17:55:00+00:00", "title": "Meteo"}, {"desc": "Joseph Matula, un d\u00e9tective priv\u00e9, quitte la police apr\u00e8s une sombre affaire. Il constitue avec plusieurs avocats successifs un tandem efficace capable de r\u00e9soudre les affaires les plus complexes. Il occupe son temps libre \u00e0 boire de la bi\u00e8re et \u00e0 jouer au billard. Une s\u00e9rie polici\u00e8re qui joue aussi la corde de l'humour. Sa long\u00e9vit\u00e9 impressionne. Le premier \u00e9pisode a \u00e9t\u00e9 tourn\u00e9 en 1981. L'inamovi", "start_date": "2026-09-01T18:05:00+00:00", "title": "Ein Fall f\u00fcr zwei"}, {"desc": "Als das Magazin \u00fcber Konsum, Geld und Arbeit am 4. Januar 1974 erstmals \u00fcber die Schweizer Bildschirme flimmerte, waren sich die Kritiker einig: Die Sendung h\u00e4lt sich nicht lange. Doch sie entwickelte sich zum Renner. Es werden Fakten geliefert und Meinungen eingeholt. F\u00fchrende Leute aus der Wirtschaft \u00e4u\u00dfern sich zu Themen, die gerade besondere Brisanz in sich bergen.", "start_date": "2026-09-01T19:10:00+00:00", "title": "Kassensturz"}, {"desc": null, "start_date": "2026-09-01T19:50:00+00:00", "title": "10 vor 10"}, {"desc": null, "start_date": "2026-09-01T20:15:00+00:00", "title": "Meteo"}, {"desc": "Vier bis f\u00fcnf Neuerscheinungen besprechen die Literaturexperten in jeder Ausgabe der literarischen Gespr\u00e4chssendung. Sie wollen Lust auf aktuelle B\u00fccher machen, neue literarische Entdeckungen oder Wiederentdeckungen vorstellen und Unterst\u00fctzung bei der Orientierung auf dem schier un\u00fcberschaubaren Buchmarkt anbieten. Dabei vertreten die Diskussionsteilnehmer durchaus kontr\u00e4re Meinungen.", "start_date": "2026-09-01T20:25:00+00:00", "title": "Literaturclub"}, {"desc": null, "start_date": "2026-09-01T21:45:00+00:00", "title": "Newsflash SRF 1"}, {"desc": "A Kaboul, \u00e0 la fin des ann\u00e9es 1990, le r\u00e8gne des talibans a plong\u00e9 la soci\u00e9t\u00e9 locale dans l'obscurantisme. L'universit\u00e9 est d\u00e9vast\u00e9e et la musique interdite. Des lapidations ont lieu en pleine rue ainsi que des ex\u00e9cutions publiques dans le stade national en ouverture des matchs de football. Les femmes, dissimul\u00e9es sous la burqa, ne peuvent marcher seules dans la rue. C'est dans ce contexte dangere", "start_date": "2026-09-01T21:55:00+00:00", "title": "Les hirondelles de Kaboul"}, {"desc": "Als das Magazin \u00fcber Konsum, Geld und Arbeit am 4. Januar 1974 erstmals \u00fcber die Schweizer Bildschirme flimmerte, waren sich die Kritiker einig: Die Sendung h\u00e4lt sich nicht lange. Doch sie entwickelte sich zum Renner. Es werden Fakten geliefert und Meinungen eingeholt. F\u00fchrende Leute aus der Wirtschaft \u00e4u\u00dfern sich zu Themen, die gerade besondere Brisanz in sich bergen.", "start_date": "2026-09-01T23:15:00+00:00", "title": "Kassensturz"}, {"desc": "Vier bis f\u00fcnf Neuerscheinungen besprechen die Literaturexperten in jeder Ausgabe der literarischen Gespr\u00e4chssendung. Sie wollen Lust auf aktuelle B\u00fccher machen, neue literarische Entdeckungen oder Wiederentdeckungen vorstellen und Unterst\u00fctzung bei der Orientierung auf dem schier un\u00fcberschaubaren Buchmarkt anbieten. Dabei vertreten die Diskussionsteilnehmer durchaus kontr\u00e4re Meinungen.", "start_date": "2026-09-01T23:50:00+00:00", "title": "Literaturclub"}], "offset": "+00:00", "timezone": "UTC", "error_code": -1, "start_date": "2026-08-31", "icon": ""}