{"end_date": "2026-09-02", "name": "T\u00e9l\u00e9sud", "info_url": "https://epg.pw/channels/516399/20260901.html", "country": "France", "description": null, "error_message": "", "provider": "", "source_url": "https://epg.pw/api/epg.json?channel_id=516399&date=20260901&timezone=None", "epg_list": [{"desc": null, "start_date": "2026-09-01T00:02:00+00:00", "title": "Le D\u00e9brief de Dalinie"}, {"desc": null, "start_date": "2026-09-01T00:07:00+00:00", "title": "Info plus"}, {"desc": "\"Afronight\" est le magazine culture de T\u00e9l\u00e9sud. Il invite \u00e0 la d\u00e9couverte d'artistes chanteurs, musiciens, d'\u00e9crivains, de peintres, de sculpteurs, de danseurs.", "start_date": "2026-09-01T00:10:00+00:00", "title": "Afronight"}, {"desc": null, "start_date": "2026-09-01T00:41:00+00:00", "title": "Info plus"}, {"desc": "Emission \u00e9conomique pr\u00e9sent\u00e9e par Samantha Ramsamy.", "start_date": "2026-09-01T00:45:00+00:00", "title": "Multipolaire"}, {"desc": null, "start_date": "2026-09-01T01:26:00+00:00", "title": "Info plus"}, {"desc": "Emission \u00e9conomie et soci\u00e9t\u00e9.", "start_date": "2026-09-01T01:30:00+00:00", "title": "Eco Afrique"}, {"desc": "D\u00e9brief du weekend et pronostic de la semaine. D\u00e9bats sur l'actualit\u00e9. Une \u00e9mission 100% ballon rond \u00e0 travers les terrain du monde, pr\u00e9sent\u00e9e par Malik Eudy, et son \u00e9quipe de sp\u00e9cialistes.", "start_date": "2026-09-01T02:00:00+00:00", "title": "Afrofoot"}, {"desc": "Nsan Atumgblan et Jean-Yves Douh\u00e9 font le d\u00e9brief de la semaine de la Bande \u00e0 Carlyle.", "start_date": "2026-09-01T03:00:00+00:00", "title": "La Bac du Week-end"}, {"desc": null, "start_date": "2026-09-01T03:56:00+00:00", "title": "Info plus"}, {"desc": "D\u00e9brief du weekend et pronostic de la semaine. D\u00e9bats sur l'actualit\u00e9. Une \u00e9mission 100% ballon rond \u00e0 travers les terrain du monde, pr\u00e9sent\u00e9e par Malik Eudy, et son \u00e9quipe de sp\u00e9cialistes.", "start_date": "2026-09-01T04:00:00+00:00", "title": "Afrofoot"}, {"desc": null, "start_date": "2026-09-01T04:59:00+00:00", "title": "Info plus"}, {"desc": "Magazine pr\u00e9sent\u00e9 par Alain Edoko.", "start_date": "2026-09-01T05:02:00+00:00", "title": "Influence"}, {"desc": null, "start_date": "2026-09-01T05:28:00+00:00", "title": "Info plus"}, {"desc": "Un rendez-vous pour faire le lien entre l'Afrique et sa diaspora. Chaque \u00e9pisode met en lumi\u00e8re artistes, et initiatives culturelles et \u00e9conomiques des diasporas africaines.", "start_date": "2026-09-01T05:30:00+00:00", "title": "Diasp'Afrik"}, {"desc": "En cette p\u00e9riode de confinement, pour prot\u00e9ger son personnel et ses invit\u00e9s, no t\u00e9l\u00e9 a choisi de ne plus recevoir de personnes ext\u00e9rieures sur son plateau. La r\u00e9daction souhaitait pourtant continuer \u00e0 r\u00e9aliser des entretiens plus longs. Chaque jour, apr\u00e8s le JT, vous avez rendez-vous avec l'\u00e9mission 'l'entretien du jour', une discussion de 15 minutes, par vid\u00e9oconf\u00e9rence avec un invit\u00e9 confin\u00e9 che", "start_date": "2026-09-01T06:29:00+00:00", "title": "L'entretien du jour"}, {"desc": null, "start_date": "2026-09-01T06:51:00+00:00", "title": "Le D\u00e9brief de Dalinie"}, {"desc": null, "start_date": "2026-09-01T06:56:00+00:00", "title": "Info plus"}, {"desc": "Docteur Ben Luther Touere, Maitre Pierre Masquart et Maitre Charles-St\u00e9phane Marchiani, recvront un invit\u00e9 sp\u00e9cialiste des questions de droit, pendant 13min.", "start_date": "2026-09-01T07:00:00+00:00", "title": "Afro Droit"}, {"desc": "Du lundi au vendredi, Carlyle Gbei et son \u00e9quipe de chroniqueurs d\u00e9cryptent l'actualit\u00e9 en Afrique et dans le monde.", "start_date": "2026-09-01T07:13:00+00:00", "title": "La Bande \u00e0 Carlyle"}, {"desc": null, "start_date": "2026-09-01T08:12:00+00:00", "title": "Info plus"}, {"desc": "Emission \u00e9conomie et soci\u00e9t\u00e9.", "start_date": "2026-09-01T08:15:00+00:00", "title": "Eco Afrique"}, {"desc": null, "start_date": "2026-09-01T08:41:00+00:00", "title": "Info plus"}, {"desc": "En cette p\u00e9riode de confinement, pour prot\u00e9ger son personnel et ses invit\u00e9s, no t\u00e9l\u00e9 a choisi de ne plus recevoir de personnes ext\u00e9rieures sur son plateau. La r\u00e9daction souhaitait pourtant continuer \u00e0 r\u00e9aliser des entretiens plus longs. Chaque jour, apr\u00e8s le JT, vous avez rendez-vous avec l'\u00e9mission 'l'entretien du jour', une discussion de 15 minutes, par vid\u00e9oconf\u00e9rence avec un invit\u00e9 confin\u00e9 che", "start_date": "2026-09-01T08:45:00+00:00", "title": "L'entretien du jour"}, {"desc": "Emission \u00e9conomique pr\u00e9sent\u00e9e par Samantha Ramsamy.", "start_date": "2026-09-01T09:15:00+00:00", "title": "Multipolaire"}, {"desc": "Hichem Ben Ya\u00efche re\u00e7oit pendant 26 min un grand expert du continent africain.", "start_date": "2026-09-01T10:00:00+00:00", "title": "Le grand entretien"}, {"desc": null, "start_date": "2026-09-01T10:29:00+00:00", "title": "Info plus"}, {"desc": "Nsan Atumgblan et Jean-Yves Douh\u00e9 font le d\u00e9brief de la semaine de la Bande \u00e0 Carlyle.", "start_date": "2026-09-01T10:32:00+00:00", "title": "La Bac du Week-end"}, {"desc": null, "start_date": "2026-09-01T11:28:00+00:00", "title": "Info plus"}, {"desc": "D\u00e9brief du weekend et pronostic de la semaine. D\u00e9bats sur l'actualit\u00e9. Une \u00e9mission 100% ballon rond \u00e0 travers les terrain du monde, pr\u00e9sent\u00e9e par Malik Eudy, et son \u00e9quipe de sp\u00e9cialistes.", "start_date": "2026-09-01T11:30:00+00:00", "title": "Afrofoot"}, {"desc": null, "start_date": "2026-09-01T11:54:00+00:00", "title": "Info plus"}, {"desc": "Magazine pr\u00e9sent\u00e9 par Alain Edoko.", "start_date": "2026-09-01T12:00:00+00:00", "title": "Influence"}, {"desc": null, "start_date": "2026-09-01T12:25:00+00:00", "title": "Info plus"}, {"desc": "Talk de 52min pour discuter des sujets de soci\u00e9t\u00e9, anim\u00e9 par Lady Ngo Mans Epesse.", "start_date": "2026-09-01T12:30:00+00:00", "title": "Lady vous \u00e9coute"}, {"desc": null, "start_date": "2026-09-01T13:26:00+00:00", "title": "Info plus"}, {"desc": "Emission \u00e9conomique pr\u00e9sent\u00e9e par Samantha Ramsamy.", "start_date": "2026-09-01T13:30:00+00:00", "title": "Multipolaire"}, {"desc": "En cette p\u00e9riode de confinement, pour prot\u00e9ger son personnel et ses invit\u00e9s, no t\u00e9l\u00e9 a choisi de ne plus recevoir de personnes ext\u00e9rieures sur son plateau. La r\u00e9daction souhaitait pourtant continuer \u00e0 r\u00e9aliser des entretiens plus longs. Chaque jour, apr\u00e8s le JT, vous avez rendez-vous avec l'\u00e9mission 'l'entretien du jour', une discussion de 15 minutes, par vid\u00e9oconf\u00e9rence avec un invit\u00e9 confin\u00e9 che", "start_date": "2026-09-01T14:11:00+00:00", "title": "L'entretien du jour"}, {"desc": null, "start_date": "2026-09-01T14:35:00+00:00", "title": "Info plus"}, {"desc": "En cette p\u00e9riode de confinement, pour prot\u00e9ger son personnel et ses invit\u00e9s, no t\u00e9l\u00e9 a choisi de ne plus recevoir de personnes ext\u00e9rieures sur son plateau. La r\u00e9daction souhaitait pourtant continuer \u00e0 r\u00e9aliser des entretiens plus longs. Chaque jour, apr\u00e8s le JT, vous avez rendez-vous avec l'\u00e9mission 'l'entretien du jour', une discussion de 15 minutes, par vid\u00e9oconf\u00e9rence avec un invit\u00e9 confin\u00e9 che", "start_date": "2026-09-01T14:45:00+00:00", "title": "L'entretien du jour"}, {"desc": "Du lundi au vendredi, Carlyle Gbei et son \u00e9quipe de chroniqueurs d\u00e9cryptent l'actualit\u00e9 en Afrique et dans le monde.", "start_date": "2026-09-01T15:00:00+00:00", "title": "La Bande \u00e0 Carlyle"}, {"desc": "Hichem Ben Ya\u00efche re\u00e7oit pendant 26 min un grand expert du continent africain.", "start_date": "2026-09-01T16:00:00+00:00", "title": "Le grand entretien"}, {"desc": null, "start_date": "2026-09-01T16:28:00+00:00", "title": "Info plus"}, {"desc": "D\u00e9brief du weekend et pronostic de la semaine. D\u00e9bats sur l'actualit\u00e9. Une \u00e9mission 100% ballon rond \u00e0 travers les terrain du monde, pr\u00e9sent\u00e9e par Malik Eudy, et son \u00e9quipe de sp\u00e9cialistes.", "start_date": "2026-09-01T16:30:00+00:00", "title": "Afrofoot"}, {"desc": null, "start_date": "2026-09-01T16:54:00+00:00", "title": "Info plus"}, {"desc": "Du lundi au vendredi, Carlyle Gbei et son \u00e9quipe de chroniqueurs d\u00e9cryptent l'actualit\u00e9 en Afrique et dans le monde.", "start_date": "2026-09-01T17:02:00+00:00", "title": "La Bande \u00e0 Carlyle"}, {"desc": "En cette p\u00e9riode de confinement, pour prot\u00e9ger son personnel et ses invit\u00e9s, no t\u00e9l\u00e9 a choisi de ne plus recevoir de personnes ext\u00e9rieures sur son plateau. La r\u00e9daction souhaitait pourtant continuer \u00e0 r\u00e9aliser des entretiens plus longs. Chaque jour, apr\u00e8s le JT, vous avez rendez-vous avec l'\u00e9mission 'l'entretien du jour', une discussion de 15 minutes, par vid\u00e9oconf\u00e9rence avec un invit\u00e9 confin\u00e9 che", "start_date": "2026-09-01T18:01:00+00:00", "title": "L'entretien du jour"}, {"desc": "Un magazine de d\u00e9couverte destin\u00e9 \u00e0 valoriser les initiatives profitables au d\u00e9veloppement en Afrique.", "start_date": "2026-09-01T18:29:00+00:00", "title": "Initiative Africa"}, {"desc": null, "start_date": "2026-09-01T18:58:00+00:00", "title": "Info plus"}, {"desc": "Docteur Ben Luther Touere, Maitre Pierre Masquart et Maitre Charles-St\u00e9phane Marchiani, recvront un invit\u00e9 sp\u00e9cialiste des questions de droit, pendant 13min.", "start_date": "2026-09-01T19:02:00+00:00", "title": "Afro Droit"}, {"desc": "Emission \u00e9conomique pr\u00e9sent\u00e9e par Samantha Ramsamy.", "start_date": "2026-09-01T19:16:00+00:00", "title": "Multipolaire"}, {"desc": "En cette p\u00e9riode de confinement, pour prot\u00e9ger son personnel et ses invit\u00e9s, no t\u00e9l\u00e9 a choisi de ne plus recevoir de personnes ext\u00e9rieures sur son plateau. La r\u00e9daction souhaitait pourtant continuer \u00e0 r\u00e9aliser des entretiens plus longs. Chaque jour, apr\u00e8s le JT, vous avez rendez-vous avec l'\u00e9mission 'l'entretien du jour', une discussion de 15 minutes, par vid\u00e9oconf\u00e9rence avec un invit\u00e9 confin\u00e9 che", "start_date": "2026-09-01T20:00:00+00:00", "title": "L'entretien du jour"}, {"desc": null, "start_date": "2026-09-01T20:28:00+00:00", "title": "Info plus"}, {"desc": "Un magazine de d\u00e9couverte destin\u00e9 \u00e0 valoriser les initiatives profitables au d\u00e9veloppement en Afrique.", "start_date": "2026-09-01T20:31:00+00:00", "title": "Initiative Africa"}, {"desc": "Docteur Ben Luther Touere, Maitre Pierre Masquart et Maitre Charles-St\u00e9phane Marchiani, recvront un invit\u00e9 sp\u00e9cialiste des questions de droit, pendant 13min.", "start_date": "2026-09-01T21:01:00+00:00", "title": "Afro Droit"}, {"desc": "Emission \u00e9conomique pr\u00e9sent\u00e9e par Samantha Ramsamy.", "start_date": "2026-09-01T21:15:00+00:00", "title": "Multipolaire"}, {"desc": "Du lundi au vendredi, Carlyle Gbei et son \u00e9quipe de chroniqueurs d\u00e9cryptent l'actualit\u00e9 en Afrique et dans le monde.", "start_date": "2026-09-01T22:00:00+00:00", "title": "La Bande \u00e0 Carlyle"}, {"desc": null, "start_date": "2026-09-01T22:58:00+00:00", "title": "Info plus"}, {"desc": "Emission \u00e9conomique pr\u00e9sent\u00e9e par Samantha Ramsamy.", "start_date": "2026-09-01T23:02:00+00:00", "title": "Multipolaire"}, {"desc": "Emission \u00e9conomie et soci\u00e9t\u00e9.", "start_date": "2026-09-01T23:43:00+00:00", "title": "Eco Afrique"}, {"desc": null, "start_date": "2026-09-02T00:09:00+00:00", "title": "Info plus"}, {"desc": "Nsan Atumgblan et Jean-Yves Douh\u00e9 font le d\u00e9brief de la semaine de la Bande \u00e0 Carlyle.", "start_date": "2026-09-02T00:15:00+00:00", "title": "La Bac du Week-end"}, {"desc": null, "start_date": "2026-09-02T01:10:00+00:00", "title": "Info plus"}, {"desc": "D\u00e9brief du weekend et pronostic de la semaine. D\u00e9bats sur l'actualit\u00e9. Une \u00e9mission 100% ballon rond \u00e0 travers les terrain du monde, pr\u00e9sent\u00e9e par Malik Eudy, et son \u00e9quipe de sp\u00e9cialistes.", "start_date": "2026-09-02T01:15:00+00:00", "title": "Afrofoot"}, {"desc": null, "start_date": "2026-09-02T01:39:00+00:00", "title": "Info plus"}, {"desc": "Un magazine de d\u00e9couverte destin\u00e9 \u00e0 valoriser les initiatives profitables au d\u00e9veloppement en Afrique.", "start_date": "2026-09-02T01:47:00+00:00", "title": "Initiative Africa"}, {"desc": null, "start_date": "2026-09-02T02:17:00+00:00", "title": "Info plus"}, {"desc": null, "start_date": "2026-09-02T02:20:00+00:00", "title": "Info plus"}, {"desc": "Chronique au f\u00e9minin 100% foot.", "start_date": "2026-09-02T02:28:00+00:00", "title": "Jenny sans frein"}, {"desc": "\"Afronight\" est le magazine culture de T\u00e9l\u00e9sud. Il invite \u00e0 la d\u00e9couverte d'artistes chanteurs, musiciens, d'\u00e9crivains, de peintres, de sculpteurs, de danseurs.", "start_date": "2026-09-02T02:35:00+00:00", "title": "Afronight"}, {"desc": "Chronique au f\u00e9minin 100% foot.", "start_date": "2026-09-02T03:05:00+00:00", "title": "Jenny sans frein"}, {"desc": "\"Afronight\" est le magazine culture de T\u00e9l\u00e9sud. Il invite \u00e0 la d\u00e9couverte d'artistes chanteurs, musiciens, d'\u00e9crivains, de peintres, de sculpteurs, de danseurs.", "start_date": "2026-09-02T03:10:00+00:00", "title": "Afronight"}, {"desc": null, "start_date": "2026-09-02T03:41:00+00:00", "title": "Info plus"}, {"desc": "Un rendez-vous pour faire le lien entre l'Afrique et sa diaspora. Chaque \u00e9pisode met en lumi\u00e8re artistes, et initiatives culturelles et \u00e9conomiques des diasporas africaines.", "start_date": "2026-09-02T03:45:00+00:00", "title": "Diasp'Afrik"}, {"desc": "Magazine pr\u00e9sent\u00e9 par Alain Edoko.", "start_date": "2026-09-02T04:44:00+00:00", "title": "Influence"}, {"desc": "Emission \u00e9conomie et soci\u00e9t\u00e9.", "start_date": "2026-09-02T05:15:00+00:00", "title": "Eco Afrique"}, {"desc": "Emission \u00e9conomique pr\u00e9sent\u00e9e par Samantha Ramsamy.", "start_date": "2026-09-02T05:45:00+00:00", "title": "Multipolaire"}, {"desc": null, "start_date": "2026-09-02T06:26:00+00:00", "title": "Info plus"}, {"desc": "D\u00e9brief du weekend et pronostic de la semaine. D\u00e9bats sur l'actualit\u00e9. Une \u00e9mission 100% ballon rond \u00e0 travers les terrain du monde, pr\u00e9sent\u00e9e par Malik Eudy, et son \u00e9quipe de sp\u00e9cialistes.", "start_date": "2026-09-02T06:30:00+00:00", "title": "Afrofoot"}, {"desc": null, "start_date": "2026-09-02T06:54:00+00:00", "title": "Info plus"}, {"desc": "Talk de 52min pour discuter des sujets de soci\u00e9t\u00e9, anim\u00e9 par Lady Ngo Mans Epesse.", "start_date": "2026-09-02T07:00:00+00:00", "title": "Lady vous \u00e9coute"}, {"desc": null, "start_date": "2026-09-02T07:56:00+00:00", "title": "Info plus"}, {"desc": "Emission \u00e9conomie et soci\u00e9t\u00e9.", "start_date": "2026-09-02T08:00:00+00:00", "title": "Eco Afrique"}, {"desc": "Docteur Ben Luther Touere, Maitre Pierre Masquart et Maitre Charles-St\u00e9phane Marchiani, recvront un invit\u00e9 sp\u00e9cialiste des questions de droit, pendant 13min.", "start_date": "2026-09-02T08:30:00+00:00", "title": "Afro Droit"}, {"desc": "D\u00e9brief du weekend et pronostic de la semaine. D\u00e9bats sur l'actualit\u00e9. Une \u00e9mission 100% ballon rond \u00e0 travers les terrain du monde, pr\u00e9sent\u00e9e par Malik Eudy, et son \u00e9quipe de sp\u00e9cialistes.", "start_date": "2026-09-02T08:43:00+00:00", "title": "Afrofoot"}, {"desc": null, "start_date": "2026-09-02T09:07:00+00:00", "title": "Info plus"}, {"desc": null, "start_date": "2026-09-02T09:10:00+00:00", "title": "Info plus"}, {"desc": "52 minutes de d\u00e9bats avec Adile Farquane et ses invit\u00e9s.", "start_date": "2026-09-02T09:15:00+00:00", "title": "Le carrefour de l'info"}, {"desc": null, "start_date": "2026-09-02T10:08:00+00:00", "title": "Info plus"}, {"desc": null, "start_date": "2026-09-02T10:12:00+00:00", "title": "Info plus"}, {"desc": "Emission \u00e9conomique pr\u00e9sent\u00e9e par Samantha Ramsamy.", "start_date": "2026-09-02T10:16:00+00:00", "title": "Multipolaire"}, {"desc": "Hichem Ben Ya\u00efche re\u00e7oit pendant 26 min un grand expert du continent africain.", "start_date": "2026-09-02T10:59:00+00:00", "title": "Le grand entretien"}, {"desc": "Emission \u00e9conomie et soci\u00e9t\u00e9.", "start_date": "2026-09-02T11:31:00+00:00", "title": "Eco Afrique"}, {"desc": "Du lundi au vendredi, Carlyle Gbei et son \u00e9quipe de chroniqueurs d\u00e9cryptent l'actualit\u00e9 en Afrique et dans le monde.", "start_date": "2026-09-02T12:00:00+00:00", "title": "La Bande \u00e0 Carlyle"}, {"desc": "Docteur Ben Luther Touere, Maitre Pierre Masquart et Maitre Charles-St\u00e9phane Marchiani, recvront un invit\u00e9 sp\u00e9cialiste des questions de droit, pendant 13min.", "start_date": "2026-09-02T13:00:00+00:00", "title": "Afro Droit"}, {"desc": "Talk de 52min pour discuter des sujets de soci\u00e9t\u00e9, anim\u00e9 par Lady Ngo Mans Epesse.", "start_date": "2026-09-02T13:14:00+00:00", "title": "Lady vous \u00e9coute"}, {"desc": null, "start_date": "2026-09-02T14:10:00+00:00", "title": "Info plus"}, {"desc": "D\u00e9brief du weekend et pronostic de la semaine. D\u00e9bats sur l'actualit\u00e9. Une \u00e9mission 100% ballon rond \u00e0 travers les terrain du monde, pr\u00e9sent\u00e9e par Malik Eudy, et son \u00e9quipe de sp\u00e9cialistes.", "start_date": "2026-09-02T14:15:00+00:00", "title": "Afrofoot"}, {"desc": "Emission \u00e9conomie et soci\u00e9t\u00e9.", "start_date": "2026-09-02T14:45:00+00:00", "title": "Eco Afrique"}, {"desc": null, "start_date": "2026-09-02T15:11:00+00:00", "title": "Info plus"}, {"desc": "Un rendez-vous pour faire le lien entre l'Afrique et sa diaspora. Chaque \u00e9pisode met en lumi\u00e8re artistes, et initiatives culturelles et \u00e9conomiques des diasporas africaines.", "start_date": "2026-09-02T15:14:00+00:00", "title": "Diasp'Afrik"}, {"desc": "Docteur Ben Luther Touere, Maitre Pierre Masquart et Maitre Charles-St\u00e9phane Marchiani, recvront un invit\u00e9 sp\u00e9cialiste des questions de droit, pendant 13min.", "start_date": "2026-09-02T16:16:00+00:00", "title": "Afro Droit"}, {"desc": "D\u00e9brief du weekend et pronostic de la semaine. D\u00e9bats sur l'actualit\u00e9. Une \u00e9mission 100% ballon rond \u00e0 travers les terrain du monde, pr\u00e9sent\u00e9e par Malik Eudy, et son \u00e9quipe de sp\u00e9cialistes.", "start_date": "2026-09-02T16:30:00+00:00", "title": "Afrofoot"}, {"desc": null, "start_date": "2026-09-02T16:54:00+00:00", "title": "Info plus"}, {"desc": "Du lundi au vendredi, Carlyle Gbei et son \u00e9quipe de chroniqueurs d\u00e9cryptent l'actualit\u00e9 en Afrique et dans le monde.", "start_date": "2026-09-02T17:00:00+00:00", "title": "La Bande \u00e0 Carlyle"}, {"desc": "Emission \u00e9conomie et soci\u00e9t\u00e9.", "start_date": "2026-09-02T18:00:00+00:00", "title": "Eco Afrique"}, {"desc": "Docteur Ben Luther Touere, Maitre Pierre Masquart et Maitre Charles-St\u00e9phane Marchiani, recvront un invit\u00e9 sp\u00e9cialiste des questions de droit, pendant 13min.", "start_date": "2026-09-02T18:29:00+00:00", "title": "Afro Droit"}, {"desc": "Docteur Ben Luther Touere, Maitre Pierre Masquart et Maitre Charles-St\u00e9phane Marchiani, recvront un invit\u00e9 sp\u00e9cialiste des questions de droit, pendant 13min.", "start_date": "2026-09-02T18:43:00+00:00", "title": "Afro Droit"}, {"desc": null, "start_date": "2026-09-02T18:57:00+00:00", "title": "Info plus"}, {"desc": "Du lundi au vendredi, Carlyle Gbei et son \u00e9quipe de chroniqueurs d\u00e9cryptent l'actualit\u00e9 en Afrique et dans le monde.", "start_date": "2026-09-02T19:00:00+00:00", "title": "La Bande \u00e0 Carlyle"}, {"desc": "Emission \u00e9conomie et soci\u00e9t\u00e9.", "start_date": "2026-09-02T20:00:00+00:00", "title": "Eco Afrique"}, {"desc": "Docteur Ben Luther Touere, Maitre Pierre Masquart et Maitre Charles-St\u00e9phane Marchiani, recvront un invit\u00e9 sp\u00e9cialiste des questions de droit, pendant 13min.", "start_date": "2026-09-02T20:30:00+00:00", "title": "Afro Droit"}, {"desc": "Docteur Ben Luther Touere, Maitre Pierre Masquart et Maitre Charles-St\u00e9phane Marchiani, recvront un invit\u00e9 sp\u00e9cialiste des questions de droit, pendant 13min.", "start_date": "2026-09-02T20:45:00+00:00", "title": "Afro Droit"}, {"desc": "Du lundi au vendredi, Carlyle Gbei et son \u00e9quipe de chroniqueurs d\u00e9cryptent l'actualit\u00e9 en Afrique et dans le monde.", "start_date": "2026-09-02T21:00:00+00:00", "title": "La Bande \u00e0 Carlyle"}], "offset": "+00:00", "timezone": "UTC", "error_code": -1, "start_date": "2026-09-01", "icon": ""}