{"end_date": "2026-09-02", "name": "France 3 Corse Via Stella", "info_url": "https://epg.pw/channels/516397/20260901.html", "country": "France", "description": null, "error_message": "", "provider": "", "source_url": "https://epg.pw/api/epg.json?channel_id=516397&date=20260901&timezone=None", "epg_list": [{"desc": "Via night Show Emission de divertissement / late show Coordination d'emission Colomba Casanova Pr\u00e9sentation : Florian Carri\u00e9 Un rendez-vous autour de l'humour et de la culture, dans lequel Florian re\u00e7oit des invit\u00e9s connus ou moins connus, issus de tous les milieux. Homme politique, artiste, sportif ou chef d'entreprise, ils sont pr\u00eats \u00e0 se livr...", "start_date": "2026-09-01T00:15:00+00:00", "title": "Via Night Show"}, {"desc": null, "start_date": "2026-09-01T00:43:00+00:00", "title": "Ascolta"}, {"desc": null, "start_date": "2026-09-01T01:16:00+00:00", "title": "Parolle \u00e9 parolle"}, {"desc": "Isabelle et Sebastien I sabidini - Biscuiterie Restaurant.", "start_date": "2026-09-01T02:57:00+00:00", "title": "Ind'\u00e8 voi"}, {"desc": null, "start_date": "2026-09-01T04:30:00+00:00", "title": "ICI Matin - RCFM"}, {"desc": "Une s\u00e9ance de fitness accessible et efficace sans mat\u00e9riel, avec des exercices de bases pour reprendre le sport facilement.", "start_date": "2026-09-01T06:12:00+00:00", "title": "Alors on bouge en r\u00e9gion"}, {"desc": "Rendez-vous quotidien de proximit\u00e9 sur le patrimoine de nos villages, leurs origines. Francine et Florian vont \u00e0 la rencontre d'une personnalit\u00e9 du quotidien, mettront en avant un quartier, une association, un village, son histoire et celles de ceux qui les font vivre..", "start_date": "2026-09-01T06:38:00+00:00", "title": "Ind'\u00e8 voi"}, {"desc": null, "start_date": "2026-09-01T06:58:00+00:00", "title": "Parolle \u00e9 parolle"}, {"desc": "Parfois r\u00e9duit \u00e0 une image d'artiste maudit, Amedeo Modigliani, admirateur des ma\u00eetres de la Renaissance italienne, a trac\u00e9 dans l'art moderne un sillon sans \u00e9gal.", "start_date": "2026-09-01T07:28:00+00:00", "title": "Modigliani et ses secrets"}, {"desc": "Chez L. Cosm\u00e9tiques, la tension monte entre Boris et Muriel. Pendant ce temps, Laurine tente de trouver une solution pour sortir Louis de la crise dans laquelle il est plong\u00e9.", "start_date": "2026-09-01T08:20:00+00:00", "title": "Un si grand soleil"}, {"desc": "H\u00e9rv\u00e9 Lucchini Villa Cardelini / + MAIRE ?", "start_date": "2026-09-01T08:43:00+00:00", "title": "Ind'\u00e8 voi"}, {"desc": "Un magazine qui explore les enjeux \u00e9cologiques et soci\u00e9taux li\u00e9s aux mers et oc\u00e9ans, r\u00e9v\u00e9lant leur r\u00f4le vital pour la plan\u00e8te et les d\u00e9fis de leur pr\u00e9servation.", "start_date": "2026-09-01T09:03:00+00:00", "title": "Une bouteille \u00e0 la mer"}, {"desc": null, "start_date": "2026-09-01T09:30:00+00:00", "title": "Al Dente"}, {"desc": "Les vall\u00e9es du ch\u00e2taignier et la mer en point de vue La randonn\u00e9e continue au coeur de l'une des vall\u00e9es de la castaniccia, vall\u00e9es o\u00f9 le ch\u00e2taignier \u00e9tait roi ! L\u00e9on, St\u00e9phane et Jef sont dans l'Alesani. Ils passent de village en village de cette r\u00e9gion qui a \u00e9t\u00e9 l'une des plus peupl\u00e9es de Corse par le pass\u00e9. Les ch\u00e2taigneraies en constituaient...", "start_date": "2026-09-01T10:01:00+00:00", "title": "Embarquez sur le mare \u00e0 mare"}, {"desc": "Une d\u00e9couverte de la richesse du patrimoine de la Corse \u00e0 travers plusieurs grandes th\u00e9matiques, comme les fortifications, le patrimoine civil, l'architecture publique et la statuaire, l'art religieux ou encore le patrimoine industriel. Les \u00e9volutions du b\u00e2ti insulaire sont racont\u00e9es de fa\u00e7on chronologique \u00e0 l'aide d'exemples r\u00e9partis sur l'ensemble de l'\u00eele. La visite et le d\u00e9cryptage de ces lieu", "start_date": "2026-09-01T10:17:00+00:00", "title": "Les tr\u00e9sors du patrimoine corse"}, {"desc": null, "start_date": "2026-09-01T10:29:00+00:00", "title": "M\u00e9t\u00e9o - Corse"}, {"desc": null, "start_date": "2026-09-01T10:30:00+00:00", "title": "ICI 12/13 - Corsica Prima"}, {"desc": "L'histoire et l'\u00e9volution des plats m\u00e9diterran\u00e9ens au fil du temps, dans quels pays sont-ils propos\u00e9s et quelles ont \u00e9t\u00e9 ses transformations.", "start_date": "2026-09-01T10:40:00+00:00", "title": "Du soleil dans la cuisine"}, {"desc": "L'histoire et l'\u00e9volution des plats m\u00e9diterran\u00e9ens au fil du temps, dans quels pays sont-ils propos\u00e9s et quelles ont \u00e9t\u00e9 ses transformations.", "start_date": "2026-09-01T10:44:00+00:00", "title": "Du soleil dans la cuisine"}, {"desc": "Chaque semaine, une personnalit\u00e9 corse ou amie de la Corse est plac\u00e9e face aux photos de sa vie. Luc Mondoloni.", "start_date": "2026-09-01T10:52:00+00:00", "title": "Avec ou sans filtre"}, {"desc": null, "start_date": "2026-09-01T11:23:00+00:00", "title": "Paese"}, {"desc": null, "start_date": "2026-09-01T11:59:00+00:00", "title": "M\u00e9t\u00e9o - Corse"}, {"desc": null, "start_date": "2026-09-01T12:00:00+00:00", "title": "ICI 12/13 - Corsica Prima"}, {"desc": "Avec Jo\u00eblle et Sabrina, dans le jardin potager des enfants, on apprend en s'amusant ! Construction d'un tipi pour les haricots grimpants, fabrication d'un h\u00f4tel \u00e0 insectes... les petits jardiniers mettent la main \u00e0 la terre pour accueillir les pollinisateurs et favoriser la biodiversit\u00e9.", "start_date": "2026-09-01T12:10:00+00:00", "title": "L'ortu"}, {"desc": null, "start_date": "2026-09-01T12:13:00+00:00", "title": "D'Umani"}, {"desc": "Dans les prairies, sous nos pieds dans les replis de la terre, sous les feuilles, dans les racines, une multitude de petites cr\u00e9atures bien \u00e9tranges vaquent a' leurs occupations. C'est le monde du tout petit, celui des insectes : un univers incroyable dont on soup\u00e7onne a' peine l'existence. Il peut \u00e9merveiller ou effrayer, selon que l'on croise papillon color\u00e9, gracieuse libellule ou angoissante m", "start_date": "2026-09-01T12:20:00+00:00", "title": "Corsica Salvatica"}, {"desc": null, "start_date": "2026-09-01T13:13:00+00:00", "title": "M\u00e9t\u00e9o - Corse"}, {"desc": null, "start_date": "2026-09-01T13:14:00+00:00", "title": "ICI 12/13 - Corsica Prima"}, {"desc": "Dans la vall\u00e9e de la Casaluna, sur la commune de Cambia, un oc\u00e9an de verdure abrite d'\u00e9tranges traces du pass\u00e9. D'embl\u00e9e, le territoire d'A Petra Frisgiata, ne laisse pas indiff\u00e9rent, il faut savoir le traverser, se laisser porter par son \u00e9nergie et surtout ouvrir l'oeil et le bon. Avec Antonia Colonna, ma\u00eetre de conf\u00e9rences en arch\u00e9ologie et pr\u00e9histoire.", "start_date": "2026-09-01T13:24:00+00:00", "title": "Au commencement"}, {"desc": "\" Tous les mots qui me viendront \" \u00e9crit et mis en sc\u00e8ne par Daniel Delorme.", "start_date": "2026-09-01T13:33:00+00:00", "title": "Arte Vivu"}, {"desc": "La Chica, chanteuse franco-v\u00e9n\u00e9zu\u00e9lienne, est une artiste unique dont l'univers musical fusionne les influences de ses deux cultures. Elle combine des rythmes latins traditionnels avec des \u00e9l\u00e9ments modernes de pop, de hip-hop et d'\u00e9lectro. Avec une voix puissante et expressive, La Chica explore des th\u00e8mes comme l'identit\u00e9, la r\u00e9silience et la sp...", "start_date": "2026-09-01T14:42:00+00:00", "title": "Dolce notte"}, {"desc": "Les vall\u00e9es du ch\u00e2taignier et la mer en point de vue La randonn\u00e9e continue au coeur de l'une des vall\u00e9es de la castaniccia, vall\u00e9es o\u00f9 le ch\u00e2taignier \u00e9tait roi ! L\u00e9on, St\u00e9phane et Jef sont dans l'Alesani. Ils passent de village en village de cette r\u00e9gion qui a \u00e9t\u00e9 l'une des plus peupl\u00e9es de Corse par le pass\u00e9. Les ch\u00e2taigneraies en constituaient...", "start_date": "2026-09-01T15:42:00+00:00", "title": "Embarquez sur le mare \u00e0 mare"}, {"desc": "Anne-Catherine Verwaerde, fondatrice de \"La Petite Brocante\", et habitu\u00e9e de l'\u00e9mission \"Affaire conclue\", est le chef de bande d'une \u00e9quipe de passionn\u00e9s qui, chaque semaine, d\u00e9couvrent les nouvelles tendances de la d\u00e9coration int\u00e9rieure, en pensant aussi consommation et \u00e9cologie.", "start_date": "2026-09-01T15:56:00+00:00", "title": "Int\u00e9rieurs"}, {"desc": "Au coeur de l'actualit\u00e9, ils font les affaires de certains particuliers et la perte des h\u00f4teliers ; les meubl\u00e9s de tourisme fleurissent en Corse comme ailleurs via des plateformes en ligne bien connues. Quel impact sur le logement ? Les prix du foncier ? Et le mode de vie insulaire ? Apmlus et professionnels d\u00e9battent d'une r\u00e9gulation.", "start_date": "2026-09-01T16:23:00+00:00", "title": "A truva ci"}, {"desc": null, "start_date": "2026-09-01T17:00:00+00:00", "title": "ICI 19/20 - Corsica Sera"}, {"desc": null, "start_date": "2026-09-01T17:18:00+00:00", "title": "Paese"}, {"desc": null, "start_date": "2026-09-01T17:24:00+00:00", "title": "Paese"}, {"desc": null, "start_date": "2026-09-01T17:31:00+00:00", "title": "Paese"}, {"desc": null, "start_date": "2026-09-01T17:38:00+00:00", "title": "M\u00e9t\u00e9o - Corse"}, {"desc": "Le rendez-vous des amoureux des animaux ! Passion, \u00e9motion, d\u00e9couverte et originalit\u00e9 sont les mots-cl\u00e9s de ce magazine consacr\u00e9 \u00e0 la faune. Qu'il s'agisse d'animaux de compagnie, d'\u00e9levage ou de travail, ils bouleversent des vies et allument des \u00e9toiles dans les yeux de tous. L'\u00e9mission est pr\u00e9sent\u00e9e par Franck Menestret et sa chienne Golden Retriever Muffin. La complicit\u00e9 touchante de ce duo in\u00e9", "start_date": "2026-09-01T17:44:00+00:00", "title": "En terre animale"}, {"desc": "Ce programme cherche \u00e0 questionner de fa\u00e7on positive l'\u00e9volution des rapport familiaux et des liens interg\u00e9n\u00e9rationnels \u00e0 l'aune du XXIe si\u00e8cle.", "start_date": "2026-09-01T17:47:00+00:00", "title": "Questions de g\u00e9n\u00e9ration"}, {"desc": null, "start_date": "2026-09-01T17:54:00+00:00", "title": "Le journal des talents"}, {"desc": null, "start_date": "2026-09-01T18:01:00+00:00", "title": "M\u00e9t\u00e9o de la M\u00e9diterran\u00e9e - Corse"}, {"desc": "Daniele Mortato, docteur en sciences du langage \u00e0 l'Universit\u00e0 di Corsica, explore les croyances et savoirs populaires autour de l'influence de la lune sur le potager. Entre dictons, observations et anecdotes savoureuses, cet \u00e9pisode interroge avec humour la fronti\u00e8re entre tradition et science.", "start_date": "2026-09-01T18:07:00+00:00", "title": "L'ortu"}, {"desc": "Les invit\u00e9s de Corsica Era reviennent sur des \u00e9v\u00e9nements marquants de l'histoire contemporaine de la Corse, un regard vers hier pour mieux appr\u00e9hender demain.", "start_date": "2026-09-01T18:10:00+00:00", "title": "Corsica Era"}, {"desc": "L'histoire et l'\u00e9volution des plats m\u00e9diterran\u00e9ens au fil du temps, dans quels pays sont-ils propos\u00e9s et quelles ont \u00e9t\u00e9 ses transformations.", "start_date": "2026-09-01T18:23:00+00:00", "title": "Du soleil dans la cuisine"}, {"desc": "Nous irons d\u00e9couvrir le b\u00e2timent K, un nouvel espace d'exposition d\u00e9di\u00e9 \u00e0 l'art, ouverte par la commune en compagnie de Fran\u00e7ois-Xavier Acquaviva. Puis nous irons \u00e0 l'int\u00e9rieur d\u00e9couvrir l'exposition en cours en compagnie du peintre Jos\u00e9 Castellani.", "start_date": "2026-09-01T18:28:00+00:00", "title": "Ind'\u00e8 voi"}, {"desc": "Les Jeux olympiques ont soulev\u00e9 un immense enthousiasme populaire et m\u00e9moriel. En Corse comme ailleurs, on a c\u00e9l\u00e9br\u00e9 les champions pass\u00e9s et pr\u00e9sents. Tous sauf un : Raoul Paoli. Il a portant particip\u00e9 \u00e0 cinq olympiades et a m\u00eame \u00e9t\u00e9 le porte-drapeau de la d\u00e9l\u00e9gation fran\u00e7aise au Jeux de Stockholm en 1912 ! Cet oubli nous am\u00e8ne \u00e0 r\u00e9fl\u00e9chir sur l'importance de la surexposition m\u00e9morielle de certain", "start_date": "2026-09-01T18:45:00+00:00", "title": "M\u00e9moire courte"}, {"desc": "V\u00e9ritables t\u00e9moins de l'histoire contemporaine insulaire, des anciens issus de tous horizons t\u00e9moignent de leur vision pass\u00e9e, pr\u00e9sente et \u00e0 venir de la Corse.", "start_date": "2026-09-01T19:35:00+00:00", "title": "Memoria"}, {"desc": "Entre la fin du XVIIe et le d\u00e9but du XVIIIe si\u00e8cle, la piraterie conna\u00eet son \u00e2ge d'or et les femmes y participent. Jeune m\u00e8re de famille bretonne partie suivre son mari \u00e0 Saint-Domingue en 1687, Marie-Anne Dieu-le-veut s'impose au fil des exp\u00e9ditions comme l'une des flibusti\u00e8res les plus redout\u00e9es des Cara\u00efbes. Au d\u00e9but du XVIIIe si\u00e8cle, alors qu'elle se destine \u00e0 une carri\u00e8re dans l'arm\u00e9e britann", "start_date": "2026-09-01T19:38:00+00:00", "title": "L'\u00e9pop\u00e9e des femmes pirates : Les filles du vent"}, {"desc": null, "start_date": "2026-09-01T21:09:00+00:00", "title": "M\u00e9t\u00e9o de la M\u00e9diterran\u00e9e - Corse"}, {"desc": null, "start_date": "2026-09-01T21:11:00+00:00", "title": "ICI 19/20 - Corsica Sera"}, {"desc": null, "start_date": "2026-09-01T21:29:00+00:00", "title": "M\u00e9t\u00e9o - Corse"}, {"desc": "La Corse a toujours \u00e9t\u00e9 l'une des \u00eeles les plus riches en eau de la M\u00e9diterran\u00e9e. Une ressource pr\u00e9cieuse que les populations ont sans cesse cherch\u00e9 \u00e0 recueillir et \u00e0 ma\u00eetriser. Une volont\u00e9 qui a entrain\u00e9 les insulaires \u00e0 rivaliser d'ing\u00e9niosit\u00e9 pour b\u00e2tir de tr\u00e8s nombreux \u00e9difices et ouvrages d'art qui ont jou\u00e9 un r\u00f4le essentiel dans l'histoire de l'\u00eele. Les citernes, fontaines et lavoirs remplis", "start_date": "2026-09-01T21:34:00+00:00", "title": "Les tr\u00e9sors du patrimoine corse"}, {"desc": "Des personnalit\u00e9s inspirantes \u00e9changent autour d'une th\u00e9matique puis\u00e9e dans le champ des sciences humaines et sociales,.", "start_date": "2026-09-01T22:27:00+00:00", "title": "Totem"}, {"desc": "Rencontre avec Marc' Andria Quessada qui du haut de ses 9 ans participe aux championnats de France et d'Italie de karting. Les r\u00e9sultats \u00e9tant au rendez-vous, il ambitionne de devenir un jour professionnel. Son p\u00e8re Marc, lui-m\u00eame rallye man, l'accompagne dans sa passion. Puisque l'apprenti pilote a fait ses premiers tours de roues sur la piste ...", "start_date": "2026-09-01T22:54:00+00:00", "title": "A Berlina"}, {"desc": null, "start_date": "2026-09-01T23:20:00+00:00", "title": "Parolle \u00e9 parolle"}, {"desc": "En offrant \u00e0 Barcelone ses b\u00e2timents les plus embl\u00e9matiques, Antoni Gaud\u00ed a accompagn\u00e9 la profonde transformation de la ville \u00e0 la fin du XIXe si\u00e8cle, entre expansion urbaine au-del\u00e0 de ses murailles et prosp\u00e9rit\u00e9 li\u00e9e \u00e0 la r\u00e9volution industrielle. Une p\u00e9riode propice \u00e0 la cr\u00e9ation architecturale au cours de laquelle surgissent le parc G\u00fcell, l'immense et inachev\u00e9e Sagrada Fam\u00edlia, mais aussi des ", "start_date": "2026-09-01T23:49:00+00:00", "title": "Gaud\u00ed, le g\u00e9nie visionnaire de Barcelone"}, {"desc": "Via night Show Emission de divertissement / late show Coordination d'emission Colomba Casanova Pr\u00e9sentation : Florian Carri\u00e9 Un rendez-vous autour de l'humour et de la culture, dans lequel Florian re\u00e7oit des invit\u00e9s connus ou moins connus, issus de tous les milieux. Homme politique, artiste, sportif ou chef d'entreprise, ils sont pr\u00eats \u00e0 se livr...", "start_date": "2026-09-02T00:43:00+00:00", "title": "Via Night Show"}, {"desc": null, "start_date": "2026-09-02T01:11:00+00:00", "title": "Ascolta"}, {"desc": null, "start_date": "2026-09-02T01:45:00+00:00", "title": "Parolle \u00e9 parolle"}, {"desc": "NE PAS OUBLIER DE METTRE LES GENERIQUES DANS COMPOSITES TEL QUE CA L A TOUJOURS ETE , ET COMME PRECISER DANS LA PROCEDURE 223GNMED0001 223GNMED0002.", "start_date": "2026-09-02T03:26:00+00:00", "title": "Mediterraneo"}, {"desc": null, "start_date": "2026-09-02T04:30:00+00:00", "title": "ICI Matin - RCFM"}, {"desc": "Niveau Interm\u00e9diaire Une pratique ax\u00e9e sur le 3 \u00e8me Chakra, le CHAKRA MANIPURA (Pexus solaire). Une pratique id\u00e9ale pour renforcer son centre, \u00e9viter les probl\u00e8mes de dos et avoir une meilleure posture sur son tapis comme dans la vie. Bonne Pratique!", "start_date": "2026-09-02T06:12:00+00:00", "title": "Alors on bouge en r\u00e9gion"}, {"desc": "Nous irons dans la citadelle rencontrer Anne-Marie Piazzoli directrice de l'office de tourisme de Calvi qui nous parle de la visite g\u00e9n\u00e9r\u00e9e par l'IA \u00e0 la rencontre de Christophe Colomb. Une application qui nous permet d'avoir une visite singuli\u00e8re et sur mesure en fonction des questions pos\u00e9es \u00e0 LIV, un outil cr\u00e9e par Romain Deceuninck que nous rejoindrons pour la visite in situ \u00e0 la rencontre du ", "start_date": "2026-09-02T06:38:00+00:00", "title": "Ind'\u00e8 voi"}, {"desc": null, "start_date": "2026-09-02T06:58:00+00:00", "title": "Parolle \u00e9 parolle"}, {"desc": "Dans les prairies, sous nos pieds dans les replis de la terre, sous les feuilles, dans les racines, une multitude de petites cr\u00e9atures bien \u00e9tranges vaquent a' leurs occupations. C'est le monde du tout petit, celui des insectes : un univers incroyable dont on soup\u00e7onne a' peine l'existence. Il peut \u00e9merveiller ou effrayer, selon que l'on croise papillon color\u00e9, gracieuse libellule ou angoissante m", "start_date": "2026-09-02T07:27:00+00:00", "title": "Corsica Salvatica"}, {"desc": "Alors qu'il s'investit dans son affaire, Florent est cibl\u00e9 par des menaces anonymes. Louis r\u00e9alise qu'il y a un prix \u00e0 payer pour \u00e9viter de tout perdre.", "start_date": "2026-09-02T08:20:00+00:00", "title": "Un si grand soleil"}, {"desc": "Nous irons voir l'exposition dans la Citerne \u00e0 Corte qui se trouve dans la citadelle, une exposition de photos d'un photographe Turc. Un partenariat mis en place par la Fondation Universitaire, Popul'arte et l'ambassade Turque en compagnie d'Elodie Pinet ainsi que de 2 \u00e9tudiants qui ont particip\u00e9 \u00e0 la sc\u00e9nographie.", "start_date": "2026-09-02T08:43:00+00:00", "title": "Ind'\u00e8 voi"}, {"desc": "En 1948, Salvador Dal\u00ed annonce son retour \u00e0 l'Eglise catholique, amor\u00e7ant sa p\u00e9riode \"mystique nucl\u00e9aire\". Pendant pr\u00e8s de trente ans, il peint des Christs, des saints et des anges, explorant une spiritualit\u00e9 inattendue. Pourquoi cet artiste provocateur retourne-t-il \u00e0 la foi de son enfance ? Que racontent ses \u0153uvres religieuses ? Biographes, historiens et archives in\u00e9dites d\u00e9voilent un Dal\u00ed en qu", "start_date": "2026-09-02T09:03:00+00:00", "title": "Dal\u00ed, surr\u00e9aliste et mystique"}, {"desc": "Pour cette nouvelle \u00e9dition de votre magazine de cuisine itin\u00e9rant, le chef Romuald Royer va s'installer dans un village de Haute-Corse qui est un v\u00e9ritable d\u00e9cor de cin\u00e9ma : Lama. Un village qui accueille, \u00e7a tombe bien, un des festivals de cin\u00e9ma les plus int\u00e9ressants et originaux d'Europe chaque \u00e9t\u00e9 sous les \u00e9toiles. Et c'est un festival de s...", "start_date": "2026-09-02T09:31:00+00:00", "title": "Al Dente"}, {"desc": "La d\u00e9couverte du Boziu et ses sentiers historiques On laisse la mer pour plonger progressivement dans le Boziu. D\u00e9sormais c'est avec une vue sur les principales montagnes de l'\u00eele que Jef et St\u00e9phane cheminent. La pr\u00e9sence de particules fines venues du d\u00e9sert les emp\u00eache de profiter de ce panorama mais nos deux randonneurs traversent encore de t...", "start_date": "2026-09-02T09:59:00+00:00", "title": "Embarquez sur le mare \u00e0 mare"}, {"desc": "Une d\u00e9couverte de la richesse du patrimoine de la Corse \u00e0 travers plusieurs grandes th\u00e9matiques, comme les fortifications, le patrimoine civil, l'architecture publique et la statuaire, l'art religieux ou encore le patrimoine industriel. Les \u00e9volutions du b\u00e2ti insulaire sont racont\u00e9es de fa\u00e7on chronologique \u00e0 l'aide d'exemples r\u00e9partis sur l'ensemble de l'\u00eele. La visite et le d\u00e9cryptage de ces lieu", "start_date": "2026-09-02T10:17:00+00:00", "title": "Les tr\u00e9sors du patrimoine corse"}, {"desc": null, "start_date": "2026-09-02T10:28:00+00:00", "title": "M\u00e9t\u00e9o - Corse"}, {"desc": null, "start_date": "2026-09-02T10:30:00+00:00", "title": "ICI 12/13 - Corsica Prima"}, {"desc": "L'histoire et l'\u00e9volution des plats m\u00e9diterran\u00e9ens au fil du temps, dans quels pays sont-ils propos\u00e9s et quelles ont \u00e9t\u00e9 ses transformations.", "start_date": "2026-09-02T10:40:00+00:00", "title": "Du soleil dans la cuisine"}, {"desc": "L'histoire et l'\u00e9volution des plats m\u00e9diterran\u00e9ens au fil du temps, dans quels pays sont-ils propos\u00e9s et quelles ont \u00e9t\u00e9 ses transformations.", "start_date": "2026-09-02T10:44:00+00:00", "title": "Du soleil dans la cuisine"}, {"desc": null, "start_date": "2026-09-02T10:51:00+00:00", "title": "A Berlina"}, {"desc": null, "start_date": "2026-09-02T11:20:00+00:00", "title": "Paese"}, {"desc": null, "start_date": "2026-09-02T11:55:00+00:00", "title": "ICI 12/13 - Corsica Prima"}, {"desc": null, "start_date": "2026-09-02T12:06:00+00:00", "title": "M\u00e9t\u00e9o - Corse"}, {"desc": "Au Domaine des Milelli, \u00e0 Ajaccio, Thomas, chef de chantier du CPIE, nous guide dans une v\u00e9ritable chasse aux intrus : fourmis, pucerons, chenilles Il partage ses techniques d'observation et de r\u00e9gulation pour limiter les d\u00e9g\u00e2ts sans d\u00e9s\u00e9quilibrer l'\u00e9cosyst\u00e8me du potager.", "start_date": "2026-09-02T12:10:00+00:00", "title": "L'ortu"}, {"desc": null, "start_date": "2026-09-02T12:13:00+00:00", "title": "D'Umani"}, {"desc": "En offrant \u00e0 Barcelone ses b\u00e2timents les plus embl\u00e9matiques, Antoni Gaud\u00ed a accompagn\u00e9 la profonde transformation de la ville \u00e0 la fin du XIXe si\u00e8cle, entre expansion urbaine au-del\u00e0 de ses murailles et prosp\u00e9rit\u00e9 li\u00e9e \u00e0 la r\u00e9volution industrielle. Une p\u00e9riode propice \u00e0 la cr\u00e9ation architecturale au cours de laquelle surgissent le parc G\u00fcell, l'immense et inachev\u00e9e Sagrada Fam\u00edlia, mais aussi des ", "start_date": "2026-09-02T12:19:00+00:00", "title": "Gaud\u00ed, le g\u00e9nie visionnaire de Barcelone"}, {"desc": null, "start_date": "2026-09-02T13:12:00+00:00", "title": "ICI 12/13 - Corsica Prima"}, {"desc": "A 800 m d'altitude dominant Patrimonio d'un c\u00f4t\u00e9 et Bastia de l'autre Au milieu d'un maquis bas ou se prom\u00e8ne randonneurs et curieux S'\u00e9levent de dr\u00f4les de constructions : Les Nivere de Pietrabugno Avec Fran\u00e7ois Bartolomei, doctorant contractuel CNRS.", "start_date": "2026-09-02T13:24:00+00:00", "title": "Au commencement"}, {"desc": "SERIE DE 13 EPISODES (12 AUTRES VENANT DE PAYS DIFFERENT).", "start_date": "2026-09-02T13:33:00+00:00", "title": "Copeam"}, {"desc": "The Sleuth se d\u00e9roule A Milan et raconte l'histoire de Luca Travaglia, un ancien inspecteur en chef de la lutte contre le terrorisme qui a quitt\u00e9 la police apr\u00e8s une tentative d'assassinat qui a co\u00fbt\u00e9 la vie A sa femme et l'usage des jambes du plus jeune de ses officiers. Incapable de se pardonner ce qui s'est pass\u00e9, Luca quitte Rome pour Milan, oA\u0131 il travaille comme videur dans des clubs louches", "start_date": "2026-09-02T13:46:00+00:00", "title": "The Sleuth - In the shadows of Milan"}, {"desc": null, "start_date": "2026-09-02T14:38:00+00:00", "title": "The Sleuth - In the shadows of Milan"}, {"desc": "La d\u00e9couverte du Boziu et ses sentiers historiques On laisse la mer pour plonger progressivement dans le Boziu. D\u00e9sormais c'est avec une vue sur les principales montagnes de l'\u00eele que Jef et St\u00e9phane cheminent. La pr\u00e9sence de particules fines venues du d\u00e9sert les emp\u00eache de profiter de ce panorama mais nos deux randonneurs traversent encore de t...", "start_date": "2026-09-02T15:27:00+00:00", "title": "Embarquez sur le mare \u00e0 mare"}, {"desc": null, "start_date": "2026-09-02T15:42:00+00:00", "title": "Waouh !"}, {"desc": "20 anni ch'elli si ponu principi\u00e0 i studii di medicina in Corti, 20 anni dopu \u00e0 l'apertura di a prima annata, \u00e0 ch\u00ec ne.", "start_date": "2026-09-02T16:10:00+00:00", "title": "A truva ci"}, {"desc": null, "start_date": "2026-09-02T17:00:00+00:00", "title": "ICI 19/20 - Corsica Sera"}, {"desc": "Des d\u00e9bats disput\u00e9s sur les sorties du SCB, de l'ACA, du GFCA et du CAB, en compagnie de consultants reconnus du milieu foot et de la soci\u00e9t\u00e9 civile.", "start_date": "2026-09-02T17:18:00+00:00", "title": "Foot \u00e8 Basta"}, {"desc": null, "start_date": "2026-09-02T17:43:00+00:00", "title": "M\u00e9t\u00e9o - Corse"}, {"desc": null, "start_date": "2026-09-02T17:54:00+00:00", "title": "Le journal des talents"}, {"desc": null, "start_date": "2026-09-02T18:02:00+00:00", "title": "M\u00e9t\u00e9o de la M\u00e9diterran\u00e9e - Corse"}, {"desc": "Avec Jo\u00eblle et Sabrina, dans le jardin potager des enfants, on apprend en s'amusant ! Construction d'un tipi pour les haricots grimpants, fabrication d'un h\u00f4tel \u00e0 insectes... les petits jardiniers mettent la main \u00e0 la terre pour accueillir les pollinisateurs et favoriser la biodiversit\u00e9.", "start_date": "2026-09-02T18:08:00+00:00", "title": "L'ortu"}, {"desc": "Les invit\u00e9s de Corsica Era reviennent sur des \u00e9v\u00e9nements marquants de l'histoire contemporaine de la Corse, un regard vers hier pour mieux appr\u00e9hender demain.", "start_date": "2026-09-02T18:11:00+00:00", "title": "Corsica Era"}, {"desc": "L'histoire et l'\u00e9volution des plats m\u00e9diterran\u00e9ens au fil du temps, dans quels pays sont-ils propos\u00e9s et quelles ont \u00e9t\u00e9 ses transformations.", "start_date": "2026-09-02T18:24:00+00:00", "title": "Du soleil dans la cuisine"}, {"desc": "Paule et son mari , Ferme p\u00e9dagogique.", "start_date": "2026-09-02T18:29:00+00:00", "title": "Ind'\u00e8 voi"}, {"desc": "V\u00e9ritables t\u00e9moins de l'histoire contemporaine insulaire, des anciens issus de tous horizons t\u00e9moignent de leur vision pass\u00e9e, pr\u00e9sente et \u00e0 venir de la Corse.", "start_date": "2026-09-02T18:48:00+00:00", "title": "Memoria"}, {"desc": null, "start_date": "2026-09-02T18:52:00+00:00", "title": "Democratia"}, {"desc": "Se trouvant \u00e0 seulement quelques kilom\u00e8tres des c\u00f4tes fran\u00e7aises et italiennes, la faune p\u00e9lagique reste pourtant tr\u00e8s m\u00e9connue ! Pour r\u00e9v\u00e9ler en images tout un \u00e9cosyst\u00e8me, partons au large de Marseille \u00e0 la rencontre des animaux de haute-mer : de la g\u00e9ante baleine au minuscule plancton ! Malgr\u00e9 les fortes pressions anthropiques li\u00e9es aux pollutions plastiques, sonores, la surp\u00eache ou bien encore ", "start_date": "2026-09-02T19:48:00+00:00", "title": "Pelagos, au coeur de la M\u00e9diterran\u00e9e"}, {"desc": null, "start_date": "2026-09-02T20:42:00+00:00", "title": "ICI 19/20 - Corsica Sera"}, {"desc": "Des d\u00e9bats disput\u00e9s sur les sorties du SCB, de l'ACA, du GFCA et du CAB, en compagnie de consultants reconnus du milieu foot et de la soci\u00e9t\u00e9 civile.", "start_date": "2026-09-02T21:00:00+00:00", "title": "Foot \u00e8 Basta"}, {"desc": null, "start_date": "2026-09-02T21:25:00+00:00", "title": "M\u00e9t\u00e9o de la M\u00e9diterran\u00e9e - Corse"}, {"desc": "Les invit\u00e9s de Corsica Era reviennent sur des \u00e9v\u00e9nements marquants de l'histoire contemporaine de la Corse, un regard vers hier pour mieux appr\u00e9hender demain.", "start_date": "2026-09-02T21:31:00+00:00", "title": "Corsica Era"}], "offset": "+00:00", "timezone": "UTC", "error_code": -1, "start_date": "2026-09-01", "icon": ""}