{"end_date": "2026-09-01", "name": "Polar+", "info_url": "https://epg.pw/channels/516367/20260831.html", "country": "France", "description": null, "error_message": "", "provider": "", "source_url": "https://epg.pw/api/epg.json?channel_id=516367&date=20260831&timezone=None", "epg_list": [{"desc": "Nos programmes se terminent pour cette journ\u00e9e, en attendant ceux de demain.", "start_date": "2026-08-31T01:30:00+00:00", "title": "Pause"}, {"desc": "A cause d'un grave accident de moto, le capitaine Fred Ca\u00efn a perdu l'usage de ses jambes. Apr\u00e8s une p\u00e9riode de r\u00e9\u00e9ducation, il a r\u00e9int\u00e9gr\u00e9 les \u00e9quipes d'enqu\u00eates de la police criminelle et travaille d\u00e9sormais avec le lieutenant Lucie Delambre. Ces deux forts caract\u00e8res font des \u00e9tincelles mais se vouent, au-del\u00e0 des taquineries quotidiennes, un grand respect. Il faut dire que Ca\u00efn, volontiers pro", "start_date": "2026-08-31T02:27:00+00:00", "title": "Ca\u00efn"}, {"desc": "A cause d'un grave accident de moto, le capitaine Fred Ca\u00efn a perdu l'usage de ses jambes. Apr\u00e8s une p\u00e9riode de r\u00e9\u00e9ducation, il a r\u00e9int\u00e9gr\u00e9 les \u00e9quipes d'enqu\u00eates de la police criminelle et travaille d\u00e9sormais avec le lieutenant Lucie Delambre. Ces deux forts caract\u00e8res font des \u00e9tincelles mais se vouent, au-del\u00e0 des taquineries quotidiennes, un grand respect. Il faut dire que Ca\u00efn, volontiers pro", "start_date": "2026-08-31T03:22:00+00:00", "title": "Ca\u00efn"}, {"desc": "A cause d'un grave accident de moto, le capitaine Fred Ca\u00efn a perdu l'usage de ses jambes. Apr\u00e8s une p\u00e9riode de r\u00e9\u00e9ducation, il a r\u00e9int\u00e9gr\u00e9 les \u00e9quipes d'enqu\u00eates de la police criminelle et travaille d\u00e9sormais avec le lieutenant Lucie Delambre. Ces deux forts caract\u00e8res font des \u00e9tincelles mais se vouent, au-del\u00e0 des taquineries quotidiennes, un grand respect. Il faut dire que Ca\u00efn, volontiers pro", "start_date": "2026-08-31T04:26:00+00:00", "title": "Ca\u00efn"}, {"desc": "A cause d'un grave accident de moto, le capitaine Fred Ca\u00efn a perdu l'usage de ses jambes. Apr\u00e8s une p\u00e9riode de r\u00e9\u00e9ducation, il a r\u00e9int\u00e9gr\u00e9 les \u00e9quipes d'enqu\u00eates de la police criminelle et travaille d\u00e9sormais avec le lieutenant Lucie Delambre. Ces deux forts caract\u00e8res font des \u00e9tincelles mais se vouent, au-del\u00e0 des taquineries quotidiennes, un grand respect. Il faut dire que Ca\u00efn, volontiers pro", "start_date": "2026-08-31T05:28:00+00:00", "title": "Ca\u00efn"}, {"desc": "Le corps d'une jeune femme est retrouv\u00e9 pr\u00e8s du lac Pavin, en Auvergne. La mise en sc\u00e8ne du meurtre est fort troublante pour les enqu\u00eateurs, car elle \u00e9voque une l\u00e9gende locale. Selon ce mythe, les p\u00e9cheurs de Besse, provoquant, par leurs actes, la col\u00e8re de Dieu, ont \u00e9t\u00e9 ensevelis, puis recouverts par les larmes du diable. L'assassin consid\u00e9rait-il sa victime comme une p\u00e9cheresse ? En compagnie de", "start_date": "2026-08-31T06:27:00+00:00", "title": "Meurtres \u00e0..."}, {"desc": "Dans la r\u00e9gion de Saint-Jean-de-Luz, une jeune femme est d\u00e9couverte supplici\u00e9e selon un mode d'ex\u00e9cution chr\u00e9tien, pratiqu\u00e9 au Moyen Age dans la r\u00e9gion. Marie Daguerre, 38 ans, inspectrice fra\u00eechement promue au commissariat de Bayonne, est charg\u00e9e de l'enqu\u00eate. C'est sa premi\u00e8re affaire de meurtre. A Paris, Vincent Becker, 50 ans, figure mythique du 36 quai des Orf\u00e8vres, re\u00e7oit un appel au secours", "start_date": "2026-08-31T08:05:00+00:00", "title": "Meurtres \u00e0..."}, {"desc": "Dans le Parc du haut-fourneau d'Uckange, on d\u00e9couvre le cadavre de Gilles Thouvenin, l'ancien directeur du site. Cl\u00e9ment Leroy, capitaine de la section criminelle de la gendarmerie de Metz, est aussit\u00f4t charg\u00e9 de mener l'enqu\u00eate. Il d\u00e9bute les investigations avec le soutien de Laure Thouvenin, fille de la victime, sp\u00e9cialiste de l'histoire industrielle. Au fil de leurs recherches communes, cette j", "start_date": "2026-08-31T09:48:00+00:00", "title": "Amours \u00e0 mort"}, {"desc": null, "start_date": "2026-08-31T11:30:00+00:00", "title": "Inspecteur Barnaby"}, {"desc": null, "start_date": "2026-08-31T13:01:00+00:00", "title": "Inspecteur Barnaby"}, {"desc": null, "start_date": "2026-08-31T14:37:00+00:00", "title": "Les enqu\u00eates de Vera"}, {"desc": null, "start_date": "2026-08-31T16:13:00+00:00", "title": "Les enqu\u00eates de Vera"}, {"desc": "A cause d'un grave accident de moto, le capitaine Fred Ca\u00efn a perdu l'usage de ses jambes. Apr\u00e8s une p\u00e9riode de r\u00e9\u00e9ducation, il a r\u00e9int\u00e9gr\u00e9 les \u00e9quipes d'enqu\u00eates de la police criminelle et travaille d\u00e9sormais avec le lieutenant Lucie Delambre. Ces deux forts caract\u00e8res font des \u00e9tincelles mais se vouent, au-del\u00e0 des taquineries quotidiennes, un grand respect. Il faut dire que Ca\u00efn, volontiers pro", "start_date": "2026-08-31T17:49:00+00:00", "title": "Ca\u00efn"}, {"desc": "Maite est absorb\u00e9e par une nouvelle affaire complexe, l'enl\u00e8vement d'une jeune fille issue d'une riche famille de Galice. Pour identifier le kidnappeur, la polici\u00e8re va plonger dans les secrets de ce clan influent. De son c\u00f4t\u00e9, Tom\u00e0s, dont la maladie a gagn\u00e9 du terrain et qui a pris la d\u00e9cision d'avoir recours \u00e0 l'euthanasie, puise dans ses derni\u00e8res forces afin de prouver l'innocence d'Ant\u00f3n, un ", "start_date": "2026-08-31T18:55:00+00:00", "title": "Rapa"}, {"desc": "Maite est absorb\u00e9e par une nouvelle affaire complexe, l'enl\u00e8vement d'une jeune fille issue d'une riche famille de Galice. Pour identifier le kidnappeur, la polici\u00e8re va plonger dans les secrets de ce clan influent. De son c\u00f4t\u00e9, Tom\u00e0s, dont la maladie a gagn\u00e9 du terrain et qui a pris la d\u00e9cision d'avoir recours \u00e0 l'euthanasie, puise dans ses derni\u00e8res forces afin de prouver l'innocence d'Ant\u00f3n, un ", "start_date": "2026-08-31T19:50:00+00:00", "title": "Rapa"}, {"desc": "Six mois ont pass\u00e9 depuis que l'inspectrice Elena Blanco a d\u00e9couvert que son fils Lucas est vivant et qu'il fait partie de la sinistre Red P\u00farpura. Ce r\u00e9seau criminel se livre \u00e0 un trafic d'\u00eatres humains, des kidnappings d'enfants, des actes de torture et des meurtre et diffuse des \"snuff movies\" sur le dark web. Seul Mariajo, sa coll\u00e8gue et amie, a connaissance de ces informations sur Lucas. Elen", "start_date": "2026-08-31T20:51:00+00:00", "title": "La Red P\u00farpura"}, {"desc": "Six mois ont pass\u00e9 depuis que l'inspectrice Elena Blanco a d\u00e9couvert que son fils Lucas est vivant et qu'il fait partie de la sinistre Red P\u00farpura. Ce r\u00e9seau criminel se livre \u00e0 un trafic d'\u00eatres humains, des kidnappings d'enfants, des actes de torture et des meurtre et diffuse des \"snuff movies\" sur le dark web. Seul Mariajo, sa coll\u00e8gue et amie, a connaissance de ces informations sur Lucas. Elen", "start_date": "2026-08-31T21:43:00+00:00", "title": "La Red P\u00farpura"}, {"desc": "Dans la gare de la t\u00e9l\u00e9cabine qui relie Avoriaz \u00e0 Morzine, Barbara Herbier, 75 ans, accul\u00e9e par un agresseur invisible, bascule par-dessus le garde-corps et dispara\u00eet dans le vide. Ce drame marque le d\u00e9but d'une s\u00e9rie de d\u00e9mences subites et mortelles qui vont frapper la famille Herbier. Claire Garibaldi, officier de la Police judiciaire \u00e0 Lyon, revient mener l'enqu\u00eate sur les lieux de son enfance.", "start_date": "2026-08-31T22:44:00+00:00", "title": "Meurtres \u00e0..."}, {"desc": "Nos programmes se terminent pour cette journ\u00e9e, en attendant ceux de demain.", "start_date": "2026-09-01T00:20:00+00:00", "title": "Pause"}, {"desc": "A cause d'un grave accident de moto, le capitaine Fred Ca\u00efn a perdu l'usage de ses jambes. Apr\u00e8s une p\u00e9riode de r\u00e9\u00e9ducation, il a r\u00e9int\u00e9gr\u00e9 les \u00e9quipes d'enqu\u00eates de la police criminelle et travaille d\u00e9sormais avec le lieutenant Lucie Delambre. Ces deux forts caract\u00e8res font des \u00e9tincelles mais se vouent, au-del\u00e0 des taquineries quotidiennes, un grand respect. Il faut dire que Ca\u00efn, volontiers pro", "start_date": "2026-09-01T02:31:00+00:00", "title": "Ca\u00efn"}, {"desc": "A cause d'un grave accident de moto, le capitaine Fred Ca\u00efn a perdu l'usage de ses jambes. Apr\u00e8s une p\u00e9riode de r\u00e9\u00e9ducation, il a r\u00e9int\u00e9gr\u00e9 les \u00e9quipes d'enqu\u00eates de la police criminelle et travaille d\u00e9sormais avec le lieutenant Lucie Delambre. Ces deux forts caract\u00e8res font des \u00e9tincelles mais se vouent, au-del\u00e0 des taquineries quotidiennes, un grand respect. Il faut dire que Ca\u00efn, volontiers pro", "start_date": "2026-09-01T03:30:00+00:00", "title": "Ca\u00efn"}, {"desc": "A cause d'un grave accident de moto, le capitaine Fred Ca\u00efn a perdu l'usage de ses jambes. Apr\u00e8s une p\u00e9riode de r\u00e9\u00e9ducation, il a r\u00e9int\u00e9gr\u00e9 les \u00e9quipes d'enqu\u00eates de la police criminelle et travaille d\u00e9sormais avec le lieutenant Lucie Delambre. Ces deux forts caract\u00e8res font des \u00e9tincelles mais se vouent, au-del\u00e0 des taquineries quotidiennes, un grand respect. Il faut dire que Ca\u00efn, volontiers pro", "start_date": "2026-09-01T04:32:00+00:00", "title": "Ca\u00efn"}, {"desc": "A cause d'un grave accident de moto, le capitaine Fred Ca\u00efn a perdu l'usage de ses jambes. Apr\u00e8s une p\u00e9riode de r\u00e9\u00e9ducation, il a r\u00e9int\u00e9gr\u00e9 les \u00e9quipes d'enqu\u00eates de la police criminelle et travaille d\u00e9sormais avec le lieutenant Lucie Delambre. Ces deux forts caract\u00e8res font des \u00e9tincelles mais se vouent, au-del\u00e0 des taquineries quotidiennes, un grand respect. Il faut dire que Ca\u00efn, volontiers pro", "start_date": "2026-09-01T05:30:00+00:00", "title": "Ca\u00efn"}, {"desc": "Lors de l'inauguration de la crypte de la basilique Saint-Michel, Sabine Derrac, une jeune arch\u00e9ologue bordelaise, d\u00e9couvre un squelette rev\u00eatu d'une robe rouge. Boulevers\u00e9e, elle apprend qu'il s'agit en fait du squelette de sa m\u00e8re, d\u00e9c\u00e9d\u00e9e trente-cinq ans plus t\u00f4t dans un accident de voiture. La police de Bordeaux pense d'abord qu'il s'agit d'une blague macabre. Mais le lendemain matin, Pierre D", "start_date": "2026-09-01T06:32:00+00:00", "title": "Les enfants du secret"}, {"desc": "Am\u00e9lie Florot, une avocate parisienne, est retrouv\u00e9e noy\u00e9e dans la fontaine Sainte-Agathe, lieu de p\u00e8lerinage historique des c\u00e9l\u00e8bres nourrices morvandelles. Originaire de la r\u00e9gion, la jeune femme n'y \u00e9tait pas revenue depuis 25 ans. Pour les deux enqu\u00eateurs, Maud Perrin, lieutenant de gendarmerie et fille d'\u00e9leveur bio de la r\u00e9gion, et Julien Demarcy, arriv\u00e9 en renfort de Dijon, le myst\u00e8re s'\u00e9pa", "start_date": "2026-09-01T08:09:00+00:00", "title": "Meurtres \u00e0..."}, {"desc": "Dans la gare de la t\u00e9l\u00e9cabine qui relie Avoriaz \u00e0 Morzine, Barbara Herbier, 75 ans, accul\u00e9e par un agresseur invisible, bascule par-dessus le garde-corps et dispara\u00eet dans le vide. Ce drame marque le d\u00e9but d'une s\u00e9rie de d\u00e9mences subites et mortelles qui vont frapper la famille Herbier. Claire Garibaldi, officier de la Police judiciaire \u00e0 Lyon, revient mener l'enqu\u00eate sur les lieux de son enfance.", "start_date": "2026-09-01T09:46:00+00:00", "title": "Meurtres \u00e0..."}, {"desc": null, "start_date": "2026-09-01T11:32:00+00:00", "title": "Inspecteur Barnaby"}, {"desc": null, "start_date": "2026-09-01T13:03:00+00:00", "title": "Inspecteur Barnaby"}, {"desc": null, "start_date": "2026-09-01T14:39:00+00:00", "title": "Les enqu\u00eates de Vera"}, {"desc": null, "start_date": "2026-09-01T16:15:00+00:00", "title": "Les enqu\u00eates de Vera"}, {"desc": "A cause d'un grave accident de moto, le capitaine Fred Ca\u00efn a perdu l'usage de ses jambes. Apr\u00e8s une p\u00e9riode de r\u00e9\u00e9ducation, il a r\u00e9int\u00e9gr\u00e9 les \u00e9quipes d'enqu\u00eates de la police criminelle et travaille d\u00e9sormais avec le lieutenant Lucie Delambre. Ces deux forts caract\u00e8res font des \u00e9tincelles mais se vouent, au-del\u00e0 des taquineries quotidiennes, un grand respect. Il faut dire que Ca\u00efn, volontiers pro", "start_date": "2026-09-01T17:51:00+00:00", "title": "Ca\u00efn"}, {"desc": "A Dunkerque, pendant les festivit\u00e9s du carnaval, un homme est retrouv\u00e9 pendu en haut d'un m\u00e2t. Tout le commissariat de la ville est sur le qui-vive. Le capitaine Janie Roussel, v\u00e9ritable encyclop\u00e9die vivante du carnaval, va devoir associer sa culture \u00e0 l'esprit analytique d'Eric Dampierre, jeune policier parisien tout juste install\u00e9 dans le Nord. Contre toute attente, les deux enqu\u00eateurs s'entende", "start_date": "2026-09-01T18:55:00+00:00", "title": "Meurtres \u00e0..."}, {"desc": "Yann et Micka\u00ebl Tortois, deux fr\u00e8res, ne se sont plus adress\u00e9 la parole depuis le drame qui a divis\u00e9 leur famille, quinze ans plus t\u00f4t : un terrible accident \u00e0 l'origine de la mort de leur p\u00e8re ainsi que d'une quinzaine de mineurs, dans une mine ferm\u00e9e depuis. Les deux fr\u00e8res, l'un policier, l'autre gendarme, sont pourtant contraints d'oublier leurs rancoeurs pour collaborer dans une sombre affair", "start_date": "2026-09-01T20:35:00+00:00", "title": "Les disparus de Valenciennes"}, {"desc": "Le corps d'une jeune femme est retrouv\u00e9 pr\u00e8s du lac Pavin, en Auvergne. La mise en sc\u00e8ne du meurtre est fort troublante pour les enqu\u00eateurs, car elle \u00e9voque une l\u00e9gende locale. Selon ce mythe, les p\u00e9cheurs de Besse, provoquant, par leurs actes, la col\u00e8re de Dieu, ont \u00e9t\u00e9 ensevelis, puis recouverts par les larmes du diable. L'assassin consid\u00e9rait-il sa victime comme une p\u00e9cheresse ? En compagnie de", "start_date": "2026-09-01T22:19:00+00:00", "title": "Meurtres \u00e0..."}, {"desc": "Les villes et r\u00e9gions fran\u00e7aises servent de toile de fond \u00e0 des enqu\u00eates polici\u00e8res sur des meurtres qui s'inscrivent intimement dans leurs terroirs. Les faits sont toujours li\u00e9s \u00e0 une l\u00e9gende, une tradition locale ou une b\u00e2tisse charg\u00e9e d'histoire. Parmi les enqu\u00eateurs r\u00e9unis dans cette 9e saison, Fauve Hautot et Aur\u00e9lien Wiik font \u00e9quipe, mais Line Renaud, Samuel Labarthe, Francis Huster ou Oliv", "start_date": "2026-09-01T23:53:00+00:00", "title": "Meurtres \u00e0..."}], "offset": "+00:00", "timezone": "UTC", "error_code": -1, "start_date": "2026-08-31", "icon": ""}