{"end_date": "2026-09-01", "name": "Vosges tv", "info_url": "https://epg.pw/channels/475421/20260831.html", "country": "France", "description": null, "error_message": "", "provider": "", "source_url": "https://epg.pw/api/epg.json?channel_id=475421&date=20260831&timezone=None", "epg_list": [{"desc": null, "start_date": "2026-08-31T06:55:00+00:00", "title": "Concert"}, {"desc": null, "start_date": "2026-08-31T08:00:00+00:00", "title": "\u00c7a va chez vous ?"}, {"desc": null, "start_date": "2026-08-31T08:15:00+00:00", "title": "Sur ma route"}, {"desc": null, "start_date": "2026-08-31T08:45:00+00:00", "title": "Auto Legend"}, {"desc": null, "start_date": "2026-08-31T09:15:00+00:00", "title": "\u00c0 feu doux"}, {"desc": null, "start_date": "2026-08-31T09:45:00+00:00", "title": "Eco r\u00e9gions"}, {"desc": null, "start_date": "2026-08-31T10:00:00+00:00", "title": "\u00c0 feu doux"}, {"desc": null, "start_date": "2026-08-31T10:10:00+00:00", "title": "R\u00e9tro"}, {"desc": null, "start_date": "2026-08-31T10:30:00+00:00", "title": "Le grand journal des territoires"}, {"desc": null, "start_date": "2026-08-31T11:00:00+00:00", "title": "Eco R\u00e9gions - Busin'Est - Sur le vif"}, {"desc": null, "start_date": "2026-08-31T11:30:00+00:00", "title": "\u00c7a nous regarde"}, {"desc": null, "start_date": "2026-08-31T12:00:00+00:00", "title": "1, 2, 3 musette"}, {"desc": null, "start_date": "2026-08-31T12:30:00+00:00", "title": "1, 2, 3 dansez"}, {"desc": null, "start_date": "2026-08-31T13:00:00+00:00", "title": "1, 2, 3 musette"}, {"desc": null, "start_date": "2026-08-31T13:30:00+00:00", "title": "Fais ton sport \u00e0 la maison !"}, {"desc": null, "start_date": "2026-08-31T14:15:00+00:00", "title": "La vie en Vosges"}, {"desc": null, "start_date": "2026-08-31T14:45:00+00:00", "title": "La Terre vue du sport / Busin'Est"}, {"desc": null, "start_date": "2026-08-31T15:00:00+00:00", "title": "Auto Legend"}, {"desc": null, "start_date": "2026-08-31T15:30:00+00:00", "title": "Paroles d'\u00e9lu(e)"}, {"desc": null, "start_date": "2026-08-31T16:00:00+00:00", "title": "Journal / M\u00e9t\u00e9o / Terre vue du sport / Les toques du sud"}, {"desc": null, "start_date": "2026-08-31T17:00:00+00:00", "title": "C\u00f4t\u00e9 sports"}, {"desc": null, "start_date": "2026-08-31T17:30:00+00:00", "title": "Case \u00e0 bulles"}, {"desc": null, "start_date": "2026-08-31T18:00:00+00:00", "title": "Journal / M\u00e9t\u00e9o / Terre vue du sport / Les toques du sud"}, {"desc": "D\u00e9couvrez les for\u00eats du Grand Est \u00e0 travers les yeux d'un \"oubli\u00e9\" de la nature, pr\u00e9sent pour nous rendre compte de la beaut\u00e9 de ce qui nous entoure.\".", "start_date": "2026-08-31T19:00:00+00:00", "title": "Le monde comme il va"}, {"desc": null, "start_date": "2026-08-31T20:00:00+00:00", "title": "C\u00f4t\u00e9 sports"}, {"desc": null, "start_date": "2026-08-31T20:30:00+00:00", "title": "Journal / M\u00e9t\u00e9o / Terre vue du sport / Les toques du sud"}, {"desc": null, "start_date": "2026-08-31T21:00:00+00:00", "title": "Paroles d'\u00e9lu(e)"}, {"desc": null, "start_date": "2026-08-31T21:30:00+00:00", "title": "\u00c0 feu doux"}, {"desc": null, "start_date": "2026-08-31T22:00:00+00:00", "title": "Journal / M\u00e9t\u00e9o / Terre vue du sport / Les toques du sud"}, {"desc": "D\u00e9couvrez les for\u00eats du Grand Est \u00e0 travers les yeux d'un \"oubli\u00e9\" de la nature, pr\u00e9sent pour nous rendre compte de la beaut\u00e9 de ce qui nous entoure.\".", "start_date": "2026-08-31T22:30:00+00:00", "title": "Le monde comme il va"}, {"desc": null, "start_date": "2026-08-31T23:30:00+00:00", "title": "Journal / M\u00e9t\u00e9o / P'tit cab / La terre vue du sport / M\u00e9ditation / Les toques du sud / Un dernier re"}, {"desc": "Star de cin\u00e9ma, marqu\u00e9 par les traumatismes de la guerre, Audie Murphy retrace les origines de son mal-\u00eatre, de sa campagne militaire \u00e0 la lib\u00e9ration de la poche de Colmar, moment cl\u00e9 de la Seconde Guerre mondiale. Il interroge le prix de la gloire, et met sa c\u00e9l\u00e9brit\u00e9 au service des droits des v\u00e9t\u00e9rans.", "start_date": "2026-09-01T07:00:00+00:00", "title": "La case doc Grand Est"}, {"desc": null, "start_date": "2026-09-01T08:00:00+00:00", "title": "\u00c0 feu doux"}, {"desc": null, "start_date": "2026-09-01T08:30:00+00:00", "title": "C\u00f4t\u00e9 sports"}, {"desc": null, "start_date": "2026-09-01T09:00:00+00:00", "title": "Paroles d'\u00e9lu(e)"}, {"desc": null, "start_date": "2026-09-01T09:30:00+00:00", "title": "Le grand journal des territoires"}, {"desc": null, "start_date": "2026-09-01T10:00:00+00:00", "title": "\u00c0 feu doux"}, {"desc": null, "start_date": "2026-09-01T10:10:00+00:00", "title": "L'atelier du jardin / Sur le vif"}, {"desc": null, "start_date": "2026-09-01T10:30:00+00:00", "title": "Auto Legend"}, {"desc": null, "start_date": "2026-09-01T11:00:00+00:00", "title": "\u00c7a va chez vous ?"}, {"desc": null, "start_date": "2026-09-01T11:15:00+00:00", "title": "Case \u00e0 bulles"}, {"desc": null, "start_date": "2026-09-01T11:45:00+00:00", "title": "Eco r\u00e9gions"}, {"desc": null, "start_date": "2026-09-01T12:00:00+00:00", "title": "1, 2, 3 dansez"}, {"desc": null, "start_date": "2026-09-01T12:30:00+00:00", "title": "1, 2, 3 musette"}, {"desc": null, "start_date": "2026-09-01T13:00:00+00:00", "title": "1, 2, 3 dansez"}, {"desc": null, "start_date": "2026-09-01T13:30:00+00:00", "title": "C\u00f4t\u00e9 sports"}, {"desc": null, "start_date": "2026-09-01T14:00:00+00:00", "title": "\u00c0 feu doux"}, {"desc": null, "start_date": "2026-09-01T14:30:00+00:00", "title": "Le grand journal des territoires"}, {"desc": null, "start_date": "2026-09-01T15:00:00+00:00", "title": "\u00c7a va chez vous ?"}, {"desc": null, "start_date": "2026-09-01T15:15:00+00:00", "title": "Case \u00e0 bulles"}, {"desc": null, "start_date": "2026-09-01T15:45:00+00:00", "title": "Films \u00e0 l'affiche"}, {"desc": null, "start_date": "2026-09-01T16:00:00+00:00", "title": "Journal / M\u00e9t\u00e9o / Films \u00e0 l'affiche / L'atelier du jardin"}, {"desc": null, "start_date": "2026-09-01T17:00:00+00:00", "title": "\u00c7a nous regarde"}, {"desc": null, "start_date": "2026-09-01T17:30:00+00:00", "title": "\u00c0 feu doux"}, {"desc": null, "start_date": "2026-09-01T18:00:00+00:00", "title": "Journal / M\u00e9t\u00e9o / Films \u00e0 l'affiche / L'atelier du jardin"}, {"desc": null, "start_date": "2026-09-01T19:00:00+00:00", "title": "Concert"}, {"desc": null, "start_date": "2026-09-01T20:05:00+00:00", "title": "\u00c7a nous regarde"}, {"desc": null, "start_date": "2026-09-01T20:35:00+00:00", "title": "Journal / M\u00e9t\u00e9o / Films \u00e0 l'affiche / L'atelier du jardin"}, {"desc": null, "start_date": "2026-09-01T21:05:00+00:00", "title": "Sur ma route"}, {"desc": null, "start_date": "2026-09-01T21:35:00+00:00", "title": "Paroles d'\u00e9lu(e)"}, {"desc": null, "start_date": "2026-09-01T22:05:00+00:00", "title": "Spectacle"}], "offset": "+00:00", "timezone": "UTC", "error_code": -1, "start_date": "2026-08-31", "icon": ""}