{"end_date": "2026-09-02", "name": "ICI RDI HD", "info_url": "https://epg.pw/channels/470346/20260831.html", "country": "Canada", "description": null, "error_message": "", "provider": "", "source_url": "https://epg.pw/api/epg.json?channel_id=470346&date=20260831&timezone=None", "epg_list": [{"desc": "S\u00e9bastien Bovet et son \u00e9quipe chevronn\u00e9e analysent avec rigueur et en toute camaraderie le d\u00e9but de la campagne \u00e9lectorale au Qu\u00e9bec devant un public mordu de politique.", "start_date": "2026-08-31T00:00:00+00:00", "title": "Live: Mordus de politique"}, {"desc": "Un regard approfondi sur les sujets de l'heure, au pays comme \u00e0 l'international, et sur les grands enjeux auxquels la soci\u00e9t\u00e9 est confront\u00e9e.", "start_date": "2026-08-31T02:00:00+00:00", "title": "Live: Le t\u00e9l\u00e9journal avec Claudine Bourbonnais"}, {"desc": "Un tour d'horizon des dossiers qui retiennent l'attention dans toutes les r\u00e9gions du pays.", "start_date": "2026-08-31T02:30:00+00:00", "title": "Live: Le national"}, {"desc": "Un tour d'horizon des dossiers qui retiennent l'attention dans toutes les r\u00e9gions du pays.", "start_date": "2026-08-31T03:00:00+00:00", "title": "Live: Le national"}, {"desc": "Les derniers d\u00e9veloppements des dossiers internationaux d'un point de vue europ\u00e9en.", "start_date": "2026-08-31T03:30:00+00:00", "title": "Le journal de France 2"}, {"desc": "S\u00e9bastien Bovet et son \u00e9quipe chevronn\u00e9e analysent avec rigueur et en toute camaraderie le d\u00e9but de la campagne \u00e9lectorale au Qu\u00e9bec devant un public mordu de politique.", "start_date": "2026-08-31T04:00:00+00:00", "title": "Mordus de politique"}, {"desc": "Un regard approfondi sur les sujets de l'heure, au pays comme \u00e0 l'international, et sur les grands enjeux auxquels la soci\u00e9t\u00e9 est confront\u00e9e.", "start_date": "2026-08-31T06:00:00+00:00", "title": "Le t\u00e9l\u00e9journal avec Claudine Bourbonnais"}, {"desc": "Un tour d'horizon des dossiers qui retiennent l'attention dans toutes les r\u00e9gions du pays.", "start_date": "2026-08-31T06:30:00+00:00", "title": "Le national"}, {"desc": "Un regard approfondi sur les sujets de l'heure, au pays comme \u00e0 l'international, et sur les grands enjeux auxquels la soci\u00e9t\u00e9 est confront\u00e9e.", "start_date": "2026-08-31T07:00:00+00:00", "title": "Le t\u00e9l\u00e9journal avec Claudine Bourbonnais"}, {"desc": "Un tour d'horizon des dossiers qui retiennent l'attention dans toutes les r\u00e9gions du pays.", "start_date": "2026-08-31T07:30:00+00:00", "title": "Le national"}, {"desc": "Un regard approfondi sur les sujets de l'heure, au pays comme \u00e0 l'international, et sur les grands enjeux auxquels la soci\u00e9t\u00e9 est confront\u00e9e.", "start_date": "2026-08-31T08:00:00+00:00", "title": "Le t\u00e9l\u00e9journal avec Claudine Bourbonnais"}, {"desc": "Un tour d'horizon des dossiers qui retiennent l'attention dans toutes les r\u00e9gions du pays.", "start_date": "2026-08-31T08:30:00+00:00", "title": "Le national"}, {"desc": "Les nouvelles internationales d'un point de vue europ\u00e9en.", "start_date": "2026-08-31T09:00:00+00:00", "title": "Le 64'"}, {"desc": "Un condens\u00e9 des premi\u00e8res nouvelles du jour, d'ici et d'ailleurs, pour bien d\u00e9marrer la journ\u00e9e. Le tout sur un ton convivial.", "start_date": "2026-08-31T09:34:00+00:00", "title": "\u00c0 la une"}, {"desc": "Tout ce qu'il faut pour bien s'informer d\u00e8s le r\u00e9veil : actualit\u00e9s du jour de partout au pays, enjeux de politique internationale, nouvelles culturelles et sujets de soci\u00e9t\u00e9 qui font parler.", "start_date": "2026-08-31T09:59:00+00:00", "title": "Live: Premi\u00e8re ligne"}, {"desc": "Un regard sur ce qu'on attend de la journ\u00e9e politique qui commence avec des commentatrices et commentateurs aguerris.", "start_date": "2026-08-31T13:00:00+00:00", "title": "Live: L'agenda"}, {"desc": "Les nouvelles qui marquent l'actualit\u00e9 au pays et ailleurs dans le monde.", "start_date": "2026-08-31T13:30:00+00:00", "title": "Live: L'info maintenant"}, {"desc": "Le point sur l'actualit\u00e9 avec les journalistes sur le terrain, au pays et ailleurs dans le monde.", "start_date": "2026-08-31T16:00:00+00:00", "title": "Live: Le t\u00e9l\u00e9journal midi"}, {"desc": "Les mordus d\u00e9battent, analysent et discutent des enjeux politiques de l'heure.", "start_date": "2026-08-31T16:30:00+00:00", "title": "Live: Mordus de politique"}, {"desc": "Discussions et commentaires sur les sujets chauds du jour tout en suivant l'actualit\u00e9 en d\u00e9veloppement.", "start_date": "2026-08-31T17:58:00+00:00", "title": "Live: Zone info avec G\u00e9rald Fillion"}, {"desc": "En direct sur ce qui se passe en ce moment \u00e0 Washington et ailleurs dans le monde.", "start_date": "2026-08-31T19:59:00+00:00", "title": "Live: Sur le terrain"}, {"desc": "Le point sur les grandes nouvelles de la journ\u00e9e et les enjeux qui touchent les citoyens avec reportages et entrevues.", "start_date": "2026-08-31T20:57:00+00:00", "title": "Live: En direct avec Patrice Roy"}, {"desc": "Comprendre les petits et grands enjeux \u00e9conomiques : des finances publiques, au march\u00e9 de l'emploi et \u00e0 l'\u00e9volution de la bourse.", "start_date": "2026-08-31T21:55:00+00:00", "title": "Live: Zone \u00e9conomie"}, {"desc": "Les \u00e9lectrices et \u00e9lecteurs de trois circonscriptions f\u00e9d\u00e9rales sont appel\u00e9s aux urnes: Beaches-East York (Ont.), Chicoutimi-Le Fjord (Qc) et North Vancouver-Capilano (C.-B.).", "start_date": "2026-08-31T23:00:00+00:00", "title": "Live: 24/60"}, {"desc": "Un tour d'horizon des dossiers qui retiennent l'attention dans toutes les r\u00e9gions du pays.", "start_date": "2026-09-01T03:00:00+00:00", "title": "Live: Le national"}, {"desc": "Un tour d'horizon des dossiers qui retiennent l'attention dans toutes les r\u00e9gions du pays.", "start_date": "2026-09-01T03:30:00+00:00", "title": "Live: Le national"}, {"desc": "Un tour d'horizon des dossiers qui retiennent l'attention dans toutes les r\u00e9gions du pays.", "start_date": "2026-09-01T04:00:00+00:00", "title": "Le national"}, {"desc": "Un tour d'horizon des dossiers qui retiennent l'attention dans toutes les r\u00e9gions du pays.", "start_date": "2026-09-01T04:30:00+00:00", "title": "Le national"}, {"desc": "Un rendez-vous d'information qui approfondit les enjeux d'actualit\u00e9 qui touchent les francophones d'un oc\u00e9an \u00e0 l'autre et refl\u00e8te les r\u00e9alit\u00e9s des r\u00e9gions du pays tout en posant un regard sur le monde.", "start_date": "2026-09-01T05:00:00+00:00", "title": "Le t\u00e9l\u00e9journal 18h30"}, {"desc": "Un tour d'horizon des dossiers qui retiennent l'attention dans toutes les r\u00e9gions du pays.", "start_date": "2026-09-01T05:30:00+00:00", "title": "Le national"}, {"desc": "Un tour d'horizon des dossiers qui retiennent l'attention dans toutes les r\u00e9gions du pays.", "start_date": "2026-09-01T06:00:00+00:00", "title": "Le national"}, {"desc": "Un regard approfondi sur les sujets de l'heure, au pays comme \u00e0 l'international, et sur les grands enjeux auxquels la soci\u00e9t\u00e9 est confront\u00e9e.", "start_date": "2026-09-01T06:30:00+00:00", "title": "Le t\u00e9l\u00e9journal avec Azeb Wolde-Giorghis"}, {"desc": "Un tour d'horizon des dossiers qui retiennent l'attention dans toutes les r\u00e9gions du pays.", "start_date": "2026-09-01T07:30:00+00:00", "title": "Le national"}, {"desc": "Comprendre les petits et grands enjeux \u00e9conomiques : des finances publiques, au march\u00e9 de l'emploi et \u00e0 l'\u00e9volution de la bourse.", "start_date": "2026-09-01T08:00:00+00:00", "title": "Zone \u00e9conomie"}, {"desc": "Les nouvelles internationales d'un point de vue europ\u00e9en.", "start_date": "2026-09-01T09:00:00+00:00", "title": "Le 64'"}, {"desc": "Un condens\u00e9 des premi\u00e8res nouvelles du jour, d'ici et d'ailleurs, pour bien d\u00e9marrer la journ\u00e9e. Le tout sur un ton convivial.", "start_date": "2026-09-01T09:34:00+00:00", "title": "\u00c0 la une"}, {"desc": "Tout ce qu'il faut pour bien s'informer d\u00e8s le r\u00e9veil : actualit\u00e9s du jour de partout au pays, enjeux de politique internationale, nouvelles culturelles et sujets de soci\u00e9t\u00e9 qui font parler.", "start_date": "2026-09-01T09:59:00+00:00", "title": "Live: Premi\u00e8re ligne"}, {"desc": "Un regard sur ce qu'on attend de la journ\u00e9e politique qui commence avec des commentatrices et commentateurs aguerris.", "start_date": "2026-09-01T13:00:00+00:00", "title": "Live: L'agenda"}, {"desc": "Les nouvelles qui marquent l'actualit\u00e9 au pays et ailleurs dans le monde.", "start_date": "2026-09-01T13:30:00+00:00", "title": "Live: L'info maintenant"}, {"desc": "Le point sur l'actualit\u00e9 avec les journalistes sur le terrain, au pays et ailleurs dans le monde.", "start_date": "2026-09-01T16:00:00+00:00", "title": "Live: Le t\u00e9l\u00e9journal midi"}, {"desc": "Les mordus d\u00e9battent, analysent et discutent des enjeux politiques de l'heure.", "start_date": "2026-09-01T16:30:00+00:00", "title": "Live: Mordus de politique"}, {"desc": "Discussions et commentaires sur les sujets chauds du jour tout en suivant l'actualit\u00e9 en d\u00e9veloppement.", "start_date": "2026-09-01T17:58:00+00:00", "title": "Live: Zone info avec G\u00e9rald Fillion"}, {"desc": "En direct sur ce qui se passe en ce moment \u00e0 Washington et ailleurs dans le monde.", "start_date": "2026-09-01T19:59:00+00:00", "title": "Live: Sur le terrain"}, {"desc": "Le point sur les grandes nouvelles de la journ\u00e9e et les enjeux qui touchent les citoyens avec reportages et entrevues.", "start_date": "2026-09-01T20:57:00+00:00", "title": "Live: En direct avec Patrice Roy"}, {"desc": "Comprendre les petits et grands enjeux \u00e9conomiques : des finances publiques, au march\u00e9 de l'emploi et \u00e0 l'\u00e9volution de la bourse.", "start_date": "2026-09-01T21:55:00+00:00", "title": "Live: Zone \u00e9conomie"}, {"desc": "Comprendre les \u00e9v\u00e9nements de la journ\u00e9e, tant en politique nationale et internationale qu'en culture, environnement et soci\u00e9t\u00e9.", "start_date": "2026-09-01T23:00:00+00:00", "title": "Live: 24/60"}, {"desc": "Apr\u00e8s les attentats, la CIA devient un pilier de la riposte am\u00e9ricaine. La lutte antiterroriste va jusqu'\u00e0 justifier la guerre en Irak, fond\u00e9e sur des arguments fallacieux.", "start_date": "2026-09-02T00:00:00+00:00", "title": "Les grands reportages"}], "offset": "+00:00", "timezone": "UTC", "error_code": -1, "start_date": "2026-08-31", "icon": ""}