{"end_date": "2026-09-03", "name": "CANAL 22 INTERNACIONAL", "info_url": "https://epg.pw/channels/464872/20260901.html", "country": "US", "description": null, "error_message": "", "provider": "", "source_url": "https://epg.pw/api/epg.json?channel_id=464872&date=20260901&timezone=None", "epg_list": [{"desc": "Rese\u00f1a de una de las mejores pel\u00edculas de Luis Alcoriza, que recrea con precisi\u00f3n y autenticidad el ambiente y los personajes t\u00edpicos de la costa tabasque\u00f1a.", "start_date": "2026-09-01T00:00:00+00:00", "title": "Los que hicieron nuestro cine"}, {"desc": "Una mirada a los procesos de producci\u00f3n de las principales actividades econ\u00f3micas en cuatro estados de M\u00e9xico: Jalisco, Nayarit, Colima y Michoac\u00e1n.", "start_date": "2026-09-01T00:30:00+00:00", "title": "As\u00ed se hace: Productos hechos en M\u00e9xico"}, {"desc": "Noticiario cultural que busca brindar acceso al arte, a las ciencias, a las humanidades y a nuestra actualidad mediante el disfrute y la comprensi\u00f3n.", "start_date": "2026-09-01T01:00:00+00:00", "title": "Culturas veintid\u00f3s"}, {"desc": "Noticiario cultural que busca brindar acceso al arte, a las ciencias, a las humanidades y a nuestra actualidad mediante el disfrute y la comprensi\u00f3n.", "start_date": "2026-09-01T01:30:00+00:00", "title": "Culturas veintid\u00f3s"}, {"desc": "Espacio para discutir temas relevantes de la vida p\u00fablica nacional e internacional con un gran elenco de analistas.", "start_date": "2026-09-01T02:00:00+00:00", "title": "Masiosare"}, {"desc": "Espacio para discutir temas relevantes de la vida p\u00fablica nacional e internacional con un gran elenco de analistas.", "start_date": "2026-09-01T02:30:00+00:00", "title": "Masiosare"}, {"desc": "El acontecer nacional e internacional para armar el rompecabezas cotidiano de la informaci\u00f3n desde una mirada de experiencia y prestigio.", "start_date": "2026-09-01T03:00:00+00:00", "title": "Punto de referencia, tu noticiero"}, {"desc": "El acontecer nacional e internacional para armar el rompecabezas cotidiano de la informaci\u00f3n desde una mirada de experiencia y prestigio.", "start_date": "2026-09-01T03:30:00+00:00", "title": "Punto de referencia, tu noticiero"}, {"desc": "Distintas personalidades comparten sus encuentros con sus primeros libros. Recomiendan obras literarias que fueron fundamentales para su desarrollo personal, y comentan sus m\u00e1s recientes lecturas.", "start_date": "2026-09-01T04:00:00+00:00", "title": "Le\u00e9melo"}, {"desc": "Distintas personalidades comparten sus encuentros con sus primeros libros. Recomiendan obras literarias que fueron fundamentales para su desarrollo personal, y comentan sus m\u00e1s recientes lecturas.", "start_date": "2026-09-01T04:30:00+00:00", "title": "Le\u00e9melo"}, {"desc": "Un programa que de forma amena responde las dudas de los espectadores sobre el uso del idioma espa\u00f1ol, adem\u00e1s de explicar el origen y el significado de las palabras.", "start_date": "2026-09-01T05:00:00+00:00", "title": "La dichosa palabra"}, {"desc": "Un programa que de forma amena responde las dudas de los espectadores sobre el uso del idioma espa\u00f1ol, adem\u00e1s de explicar el origen y el significado de las palabras.", "start_date": "2026-09-01T05:30:00+00:00", "title": "La dichosa palabra"}, {"desc": "Un programa con reportajes de inter\u00e9s general.", "start_date": "2026-09-01T06:00:00+00:00", "title": "Reportajes generales 24"}, {"desc": "Noticiero que divulga, fomenta e interpreta las actividades cient\u00edficas y culturales en el mundo, y fortalece la cooperaci\u00f3n y comunicaci\u00f3n entre los distintos pueblos de Iberoam\u00e9rica.", "start_date": "2026-09-01T06:30:00+00:00", "title": "Noticiero cient\u00edfico y cultural iberoamericano"}, {"desc": "Historias de egresados y estudiantes de la Universidad Abierta y a Distancia de Colombia que se han convertido en empresarios locales y regionales y han creado propuestas novedosas y productivas en los diferentes departamentos del pa\u00eds.", "start_date": "2026-09-01T07:00:00+00:00", "title": "Con olor a regi\u00f3n"}, {"desc": "Dos chefs profesionales, sin estar presentes en la cocina, deber\u00e1n preparar, cocinar y presentar un platillo con calidad gourmet contra reloj, todo esto por medio de un participante novato al cual dirigir\u00e1n desde una cabina de audio y video.", "start_date": "2026-09-01T07:30:00+00:00", "title": "Oye al chef"}, {"desc": "M\u00e9xico tiene arrecifes que debe preservar dada la importancia ecol\u00f3gica, social y econ\u00f3mica de los mismos. Una serie de an\u00e1lisis e investigaci\u00f3n documental sobre la vida marina en M\u00e9xico y su relaci\u00f3n con las diversas actividades humanas.", "start_date": "2026-09-01T08:00:00+00:00", "title": "Ecoazul"}, {"desc": "A sus 23 a\u00f1os, Camilo Gonz\u00e1lez canta m\u00fasica urbana y es gobernador del Resguardo Karmata R\u00faa de Jard\u00edn.", "start_date": "2026-09-01T08:30:00+00:00", "title": "So Bia"}, {"desc": "D\u00e9bora debe seguir su campa\u00f1a sola, luego del asesinato de Jorge Eliecer Gait\u00e1n. El crimen adem\u00e1s provoca una revoluci\u00f3n que golpea el coraz\u00f3n de los que luchan por el libre pensamiento.", "start_date": "2026-09-01T09:00:00+00:00", "title": "D\u00e9bora, la mujer que desnud\u00f3 a Colombia"}, {"desc": "Serie documental donde se recorren \u00e1mbitos futbol\u00edsticos donde aprenden a jugar los ni\u00f1os y las ni\u00f1as, se relacionan con adultos y forman parte de un deporte colectivo.", "start_date": "2026-09-01T09:30:00+00:00", "title": "Un gol al arco\u00edris"}, {"desc": "Rese\u00f1a de una de las mejores pel\u00edculas de Luis Alcoriza, que recrea con precisi\u00f3n y autenticidad el ambiente y los personajes t\u00edpicos de la costa tabasque\u00f1a.", "start_date": "2026-09-01T10:00:00+00:00", "title": "Los que hicieron nuestro cine"}, {"desc": "Una mirada a los procesos de producci\u00f3n de las principales actividades econ\u00f3micas en cuatro estados de M\u00e9xico: Jalisco, Nayarit, Colima y Michoac\u00e1n.", "start_date": "2026-09-01T10:30:00+00:00", "title": "As\u00ed se hace: Productos hechos en M\u00e9xico"}, {"desc": "Distintas personalidades comparten sus encuentros con sus primeros libros. Recomiendan obras literarias que fueron fundamentales para su desarrollo personal, y comentan sus m\u00e1s recientes lecturas.", "start_date": "2026-09-01T11:00:00+00:00", "title": "Le\u00e9melo"}, {"desc": "Distintas personalidades comparten sus encuentros con sus primeros libros. Recomiendan obras literarias que fueron fundamentales para su desarrollo personal, y comentan sus m\u00e1s recientes lecturas.", "start_date": "2026-09-01T11:30:00+00:00", "title": "Le\u00e9melo"}, {"desc": "Espacio para discutir temas relevantes de la vida p\u00fablica nacional e internacional con un gran elenco de analistas.", "start_date": "2026-09-01T12:00:00+00:00", "title": "Masiosare"}, {"desc": "Espacio para discutir temas relevantes de la vida p\u00fablica nacional e internacional con un gran elenco de analistas.", "start_date": "2026-09-01T12:30:00+00:00", "title": "Masiosare"}, {"desc": "Un programa con reportajes de inter\u00e9s general.", "start_date": "2026-09-01T13:00:00+00:00", "title": "Reportajes generales 24"}, {"desc": "Transmisi\u00f3n de la conferencia de Claudia Sheinbaum, presidenta de M\u00e9xico. Desde el Palacio Nacional.", "start_date": "2026-09-01T13:30:00+00:00", "title": "Conferencia matutina de la presidenta de M\u00e9xico"}, {"desc": "Transmisi\u00f3n de la conferencia de Claudia Sheinbaum, presidenta de M\u00e9xico. Desde el Palacio Nacional.", "start_date": "2026-09-01T14:00:00+00:00", "title": "Conferencia matutina de la presidenta de M\u00e9xico"}, {"desc": "Transmisi\u00f3n de la conferencia de Claudia Sheinbaum, presidenta de M\u00e9xico. Desde el Palacio Nacional.", "start_date": "2026-09-01T14:30:00+00:00", "title": "Conferencia matutina de la presidenta de M\u00e9xico"}, {"desc": "Transmisi\u00f3n de la conferencia de Claudia Sheinbaum, presidenta de M\u00e9xico. Desde el Palacio Nacional.", "start_date": "2026-09-01T15:00:00+00:00", "title": "Conferencia matutina de la presidenta de M\u00e9xico"}, {"desc": "An\u00e1lisis de los temas de mayor inter\u00e9s de la conferencia matutina presidencial, as\u00ed como un balance informativo de lo que sucede en M\u00e9xico.", "start_date": "2026-09-01T15:30:00+00:00", "title": "Ma\u00f1anera 360"}, {"desc": "An\u00e1lisis de los temas de mayor inter\u00e9s de la conferencia matutina presidencial, as\u00ed como un balance informativo de lo que sucede en M\u00e9xico.", "start_date": "2026-09-01T16:00:00+00:00", "title": "Ma\u00f1anera 360"}, {"desc": "Distintas personalidades comparten sus encuentros con sus primeros libros. Recomiendan obras literarias que fueron fundamentales para su desarrollo personal, y comentan sus m\u00e1s recientes lecturas.", "start_date": "2026-09-01T16:30:00+00:00", "title": "Le\u00e9melo"}, {"desc": "Distintas personalidades comparten sus encuentros con sus primeros libros. Recomiendan obras literarias que fueron fundamentales para su desarrollo personal, y comentan sus m\u00e1s recientes lecturas.", "start_date": "2026-09-01T17:00:00+00:00", "title": "Le\u00e9melo"}, {"desc": "Serie documental donde se recorren \u00e1mbitos futbol\u00edsticos donde aprenden a jugar los ni\u00f1os y las ni\u00f1as, se relacionan con adultos y forman parte de un deporte colectivo.", "start_date": "2026-09-01T17:30:00+00:00", "title": "Un gol al arco\u00edris"}, {"desc": "En las monta\u00f1as de Zongolica, Veracruz, una comunidad b\u00e1sicamente de mujeres, extrae de las flores de las monta\u00f1as y sus borregos los colores, los hilos y la inspiraci\u00f3n para producir tejidos y abrigos de enorme belleza.", "start_date": "2026-09-01T18:00:00+00:00", "title": "Flores gemelas"}, {"desc": "Recorrido por pueblos colombianos y algunos pa\u00edses descubriendo las riquezas culturales y naturales de estos lugares y su poblaci\u00f3n.", "start_date": "2026-09-01T18:30:00+00:00", "title": "Relatos de viaje"}, {"desc": "Espacio donde se centra en los problemas del pasado y presente que afectan al continente africano. Se analizan las dicotom\u00edas de \u00c1frica, el porqu\u00e9 unas naciones florecen, otras parecen que est\u00e1n estancadas, entre otros temas.", "start_date": "2026-09-01T19:00:00+00:00", "title": "El \u00c1frica de Lumumba"}, {"desc": "Especialistas y expertos comparten recomendaciones sobre la prevenci\u00f3n de enfermedades y la salud integral.", "start_date": "2026-09-01T19:30:00+00:00", "title": "SanaMente"}, {"desc": "Se enfoca en una de las vetas gastron\u00f3micas de M\u00e9xico que hacen \u00fanica y diversa a su cocina: las salsas. En cada programa, la chef Lourdes Hern\u00e1ndez presenta la preparaci\u00f3n de dos deliciosas salsas.", "start_date": "2026-09-01T20:00:00+00:00", "title": "Enchil\u00e9monos"}, {"desc": "Se resaltan las alteraciones del medio ambiente que est\u00e1n modificando el h\u00e1bitat de algunas especies de animales, como el mono aullador.", "start_date": "2026-09-01T20:30:00+00:00", "title": "Bio guardianes"}, {"desc": "Serie documental que recupera la vida y obra de destacadas figuras del arte y la cultura, cuya trayectoria ha marcado la historia contempor\u00e1nea.", "start_date": "2026-09-01T21:00:00+00:00", "title": "Los indispensables con Reyes Razo"}, {"desc": "Serie documental que recupera la vida y obra de destacadas figuras del arte y la cultura, cuya trayectoria ha marcado la historia contempor\u00e1nea.", "start_date": "2026-09-01T21:30:00+00:00", "title": "Los indispensables con Reyes Razo"}, {"desc": "Una mirada a la cultura y costumbres de Tlaxiaco, Oaxaca.", "start_date": "2026-09-01T22:00:00+00:00", "title": "Ecos ind\u00edgenas: La voz de la diversidad"}, {"desc": "Tras ser nombrado gobernador militar y comandante general de la provincia de Antioquia, Jos\u00e9 Mar\u00eda C\u00f3rdova debe enfrentar la invasi\u00f3n de los espa\u00f1oles que pretenden apoderarse de la regi\u00f3n.", "start_date": "2026-09-01T22:30:00+00:00", "title": "C\u00f3rdova, un general llamado Arrojo"}, {"desc": "Un proyecto musical compuesto por los hermanos Elizabeth y Hugo Valdivieso, de Juchit\u00e1n, Oaxaca, cuyas historias de vida inspiran las letras de sus canciones.", "start_date": "2026-09-01T23:00:00+00:00", "title": "Suena"}, {"desc": "En plena temporada de pesca, la ciudad rusa de Astrac\u00e1n se convierte en un aut\u00e9ntico para\u00edso para los pescadores. Erick, novato en el arte de la pesca, quiere capturar un esturi\u00f3n, el m\u00e1s noble de todos los peces y s\u00edmbolo de Astrac\u00e1n.", "start_date": "2026-09-01T23:30:00+00:00", "title": "La lista de Erick"}, {"desc": null, "start_date": "2026-09-02T00:00:00+00:00", "title": "Festival Ambulante"}, {"desc": "Un acercamiento a la arquitectura mexicana contempor\u00e1nea desde una perspectiva que privilegia obras de car\u00e1cter p\u00fablico.", "start_date": "2026-09-02T00:30:00+00:00", "title": "Arquitecturas mexicanas del siglo XXI"}, {"desc": "Noticiario cultural que busca brindar acceso al arte, a las ciencias, a las humanidades y a nuestra actualidad mediante el disfrute y la comprensi\u00f3n.", "start_date": "2026-09-02T01:00:00+00:00", "title": "Culturas veintid\u00f3s"}, {"desc": "Noticiario cultural que busca brindar acceso al arte, a las ciencias, a las humanidades y a nuestra actualidad mediante el disfrute y la comprensi\u00f3n.", "start_date": "2026-09-02T01:30:00+00:00", "title": "Culturas veintid\u00f3s"}, {"desc": "Espacio para discutir temas relevantes de la vida p\u00fablica nacional e internacional con un gran elenco de analistas.", "start_date": "2026-09-02T02:00:00+00:00", "title": "Masiosare"}, {"desc": "Espacio para discutir temas relevantes de la vida p\u00fablica nacional e internacional con un gran elenco de analistas.", "start_date": "2026-09-02T02:30:00+00:00", "title": "Masiosare"}, {"desc": "El acontecer nacional e internacional para armar el rompecabezas cotidiano de la informaci\u00f3n desde una mirada de experiencia y prestigio.", "start_date": "2026-09-02T03:00:00+00:00", "title": "Punto de referencia, tu noticiero"}, {"desc": "El acontecer nacional e internacional para armar el rompecabezas cotidiano de la informaci\u00f3n desde una mirada de experiencia y prestigio.", "start_date": "2026-09-02T03:30:00+00:00", "title": "Punto de referencia, tu noticiero"}, {"desc": "Se explora la identidad y la cultura mexicana del siglo XX, revisitando la \"mexicanidad\" contempor\u00e1nea al analizar lugares, iconos, movimientos musicales y personajes hist\u00f3ricos que transformaron la cultura del pa\u00eds.", "start_date": "2026-09-02T04:00:00+00:00", "title": "En el mismo lugar y con la misma gente"}, {"desc": "Programa de entrevistas conducido por Silvia Lemus en el que se re\u00fanen artistas, pol\u00edticos, pensadores y otras figuras contempor\u00e1neas de talla universal.", "start_date": "2026-09-02T04:30:00+00:00", "title": "Tratos y retratos"}, {"desc": "Un espacio en el que se celebra la m\u00fasica mexicana. Una ventana muy importante para las expresiones art\u00edsticas de M\u00e9xico.", "start_date": "2026-09-02T05:00:00+00:00", "title": "\u00a1Qu\u00e9 lindo es mi M\u00e9xico!"}, {"desc": "Un espacio en el que se celebra la m\u00fasica mexicana. Una ventana muy importante para las expresiones art\u00edsticas de M\u00e9xico.", "start_date": "2026-09-02T05:30:00+00:00", "title": "\u00a1Qu\u00e9 lindo es mi M\u00e9xico!"}, {"desc": "Espacio donde se centra en los problemas del pasado y presente que afectan al continente africano. Se analizan las dicotom\u00edas de \u00c1frica, el porqu\u00e9 unas naciones florecen, otras parecen que est\u00e1n estancadas, entre otros temas.", "start_date": "2026-09-02T06:00:00+00:00", "title": "El \u00c1frica de Lumumba"}, {"desc": "Especialistas y expertos comparten recomendaciones sobre la prevenci\u00f3n de enfermedades y la salud integral.", "start_date": "2026-09-02T06:30:00+00:00", "title": "SanaMente"}, {"desc": "Recorrido por pueblos colombianos y algunos pa\u00edses descubriendo las riquezas culturales y naturales de estos lugares y su poblaci\u00f3n.", "start_date": "2026-09-02T07:00:00+00:00", "title": "Relatos de viaje"}, {"desc": "Se enfoca en una de las vetas gastron\u00f3micas de M\u00e9xico que hacen \u00fanica y diversa a su cocina: las salsas. En cada programa, la chef Lourdes Hern\u00e1ndez presenta la preparaci\u00f3n de dos deliciosas salsas.", "start_date": "2026-09-02T07:30:00+00:00", "title": "Enchil\u00e9monos"}, {"desc": "Se resaltan las alteraciones del medio ambiente que est\u00e1n modificando el h\u00e1bitat de algunas especies de animales, como el mono aullador.", "start_date": "2026-09-02T08:00:00+00:00", "title": "Bio guardianes"}, {"desc": "Tras ser nombrado gobernador militar y comandante general de la provincia de Antioquia, Jos\u00e9 Mar\u00eda C\u00f3rdova debe enfrentar la invasi\u00f3n de los espa\u00f1oles que pretenden apoderarse de la regi\u00f3n.", "start_date": "2026-09-02T08:30:00+00:00", "title": "C\u00f3rdova, un general llamado Arrojo"}, {"desc": "Un proyecto musical compuesto por los hermanos Elizabeth y Hugo Valdivieso, de Juchit\u00e1n, Oaxaca, cuyas historias de vida inspiran las letras de sus canciones.", "start_date": "2026-09-02T09:00:00+00:00", "title": "Suena"}, {"desc": "En plena temporada de pesca, la ciudad rusa de Astrac\u00e1n se convierte en un aut\u00e9ntico para\u00edso para los pescadores. Erick, novato en el arte de la pesca, quiere capturar un esturi\u00f3n, el m\u00e1s noble de todos los peces y s\u00edmbolo de Astrac\u00e1n.", "start_date": "2026-09-02T09:30:00+00:00", "title": "La lista de Erick"}, {"desc": "Una mirada a la cultura y costumbres de Tlaxiaco, Oaxaca.", "start_date": "2026-09-02T10:00:00+00:00", "title": "Ecos ind\u00edgenas: La voz de la diversidad"}, {"desc": "Un acercamiento a la arquitectura mexicana contempor\u00e1nea desde una perspectiva que privilegia obras de car\u00e1cter p\u00fablico.", "start_date": "2026-09-02T10:30:00+00:00", "title": "Arquitecturas mexicanas del siglo XXI"}, {"desc": "Se explora la identidad y la cultura mexicana del siglo XX, revisitando la \"mexicanidad\" contempor\u00e1nea al analizar lugares, iconos, movimientos musicales y personajes hist\u00f3ricos que transformaron la cultura del pa\u00eds.", "start_date": "2026-09-02T11:00:00+00:00", "title": "En el mismo lugar y con la misma gente"}, {"desc": "Programa de entrevistas conducido por Silvia Lemus en el que se re\u00fanen artistas, pol\u00edticos, pensadores y otras figuras contempor\u00e1neas de talla universal.", "start_date": "2026-09-02T11:30:00+00:00", "title": "Tratos y retratos"}, {"desc": "Espacio para discutir temas relevantes de la vida p\u00fablica nacional e internacional con un gran elenco de analistas.", "start_date": "2026-09-02T12:00:00+00:00", "title": "Masiosare"}, {"desc": "Espacio para discutir temas relevantes de la vida p\u00fablica nacional e internacional con un gran elenco de analistas.", "start_date": "2026-09-02T12:30:00+00:00", "title": "Masiosare"}, {"desc": "Espacio donde se centra en los problemas del pasado y presente que afectan al continente africano. Se analizan las dicotom\u00edas de \u00c1frica, el porqu\u00e9 unas naciones florecen, otras parecen que est\u00e1n estancadas, entre otros temas.", "start_date": "2026-09-02T13:00:00+00:00", "title": "El \u00c1frica de Lumumba"}, {"desc": "Transmisi\u00f3n de la conferencia de Claudia Sheinbaum, presidenta de M\u00e9xico. Desde el Palacio Nacional.", "start_date": "2026-09-02T13:30:00+00:00", "title": "Conferencia matutina de la presidenta de M\u00e9xico"}, {"desc": "Transmisi\u00f3n de la conferencia de Claudia Sheinbaum, presidenta de M\u00e9xico. Desde el Palacio Nacional.", "start_date": "2026-09-02T14:00:00+00:00", "title": "Conferencia matutina de la presidenta de M\u00e9xico"}, {"desc": "Transmisi\u00f3n de la conferencia de Claudia Sheinbaum, presidenta de M\u00e9xico. Desde el Palacio Nacional.", "start_date": "2026-09-02T14:30:00+00:00", "title": "Conferencia matutina de la presidenta de M\u00e9xico"}, {"desc": "Transmisi\u00f3n de la conferencia de Claudia Sheinbaum, presidenta de M\u00e9xico. Desde el Palacio Nacional.", "start_date": "2026-09-02T15:00:00+00:00", "title": "Conferencia matutina de la presidenta de M\u00e9xico"}, {"desc": "An\u00e1lisis de los temas de mayor inter\u00e9s de la conferencia matutina presidencial, as\u00ed como un balance informativo de lo que sucede en M\u00e9xico.", "start_date": "2026-09-02T15:30:00+00:00", "title": "Ma\u00f1anera 360"}, {"desc": "An\u00e1lisis de los temas de mayor inter\u00e9s de la conferencia matutina presidencial, as\u00ed como un balance informativo de lo que sucede en M\u00e9xico.", "start_date": "2026-09-02T16:00:00+00:00", "title": "Ma\u00f1anera 360"}, {"desc": "En el marco del a\u00f1o de la mujer ind\u00edgena, una serie que borra los silencios de la historia para iluminar el poder de mujeres que gobernaron antes de que sus nombres fueran escritos.", "start_date": "2026-09-02T16:30:00+00:00", "title": "Ancestras"}, {"desc": "En el marco del a\u00f1o de la mujer ind\u00edgena, una serie que borra los silencios de la historia para iluminar el poder de mujeres que gobernaron antes de que sus nombres fueran escritos.", "start_date": "2026-09-02T17:00:00+00:00", "title": "Ancestras"}, {"desc": "En plena temporada de pesca, la ciudad rusa de Astrac\u00e1n se convierte en un aut\u00e9ntico para\u00edso para los pescadores. Erick, novato en el arte de la pesca, quiere capturar un esturi\u00f3n, el m\u00e1s noble de todos los peces y s\u00edmbolo de Astrac\u00e1n.", "start_date": "2026-09-02T17:30:00+00:00", "title": "La lista de Erick"}, {"desc": "Tras ser nombrado gobernador militar y comandante general de la provincia de Antioquia, Jos\u00e9 Mar\u00eda C\u00f3rdova debe enfrentar la invasi\u00f3n de los espa\u00f1oles que pretenden apoderarse de la regi\u00f3n.", "start_date": "2026-09-02T18:00:00+00:00", "title": "C\u00f3rdova, un general llamado Arrojo"}, {"desc": "A sus 23 a\u00f1os, Camilo Gonz\u00e1lez canta m\u00fasica urbana y es gobernador del Resguardo Karmata R\u00faa de Jard\u00edn.", "start_date": "2026-09-02T18:30:00+00:00", "title": "So Bia"}, {"desc": "Un programa con reportajes de inter\u00e9s general.", "start_date": "2026-09-02T19:00:00+00:00", "title": "Reportajes generales 24"}, {"desc": "Una versi\u00f3n especializada en salud del Noticiero cient\u00edfico y cultural Iberoamericano NCC, que busca difundir la ciencia y la tecnolog\u00eda m\u00e9dica en todo Latinoam\u00e9rica.", "start_date": "2026-09-02T19:30:00+00:00", "title": "NCC: Edici\u00f3n salud"}, {"desc": "Acompa\u00f1ado del diario de su abuela, un nieto revive los primeros viajes de esta y su historia, y da fe de c\u00f3mo los esp\u00edritus de cocineras y cocineros que marcaron su camino se manifestaron en su casa antes de que muriera.", "start_date": "2026-09-02T20:00:00+00:00", "title": "El sabor de mi tierra"}, {"desc": "Un viaje a las monta\u00f1as doradas de Alt\u00e1i, un territorio milenario lleno de leyendas, riquezas naturales y una comunidad profundamente conectada con su tierra. Se explora la historia y el alma de Xinjiang.", "start_date": "2026-09-02T20:30:00+00:00", "title": "El Macizo de Alt\u00e1i"}, {"desc": "Un espacio dedicado a la inclusi\u00f3n, la diversidad y la libre expresi\u00f3n.", "start_date": "2026-09-02T21:00:00+00:00", "title": "A una sola voz"}, {"desc": null, "start_date": "2026-09-02T21:30:00+00:00", "title": "Santo y se\u00f1a"}, {"desc": "La tierra se prepara, y con ella las vidas de la gente que trabaja el ma\u00edz comienzan una vez m\u00e1s. El ciclo sagrado de la tierra, c\u00f3mo el ma\u00edz al igual que el hombre y el tiempo nace, crece, se reproduce y muere. Todo para iniciar de nuevo.", "start_date": "2026-09-02T22:00:00+00:00", "title": "De los dioses, el ma\u00edz"}, {"desc": "Cuatro j\u00f3venes recorren M\u00e9xico. Cada uno visita diferentes estados para conocer de primera mano la realidad del pa\u00eds. Un diario de viaje con reflexiones, sorpresas y cosas por hacer.", "start_date": "2026-09-02T22:30:00+00:00", "title": "Caminos del sur y otros rumbos"}, {"desc": "Los artistas urbanos son parte importante y significativa en M\u00e9xico.", "start_date": "2026-09-02T23:00:00+00:00", "title": "Culturas urbanas"}, {"desc": "Part 1/2. En la d\u00e9cada de 1970, a la Direcci\u00f3n Federal de Seguridad se le orden\u00f3 destruir a todos los grupos clandestinos infiltr\u00e1ndose en ellos. Al darse cuenta de que la guerrilla mexicana no ten\u00eda una estructura simple, acudieron a m\u00e9todos inhumanos.", "start_date": "2026-09-02T23:30:00+00:00", "title": "Clandestino: Historias de la guerrilla urbana"}, {"desc": "La actriz y productora mexicana Daniela Schmidt conversa con Karina Gidi sobre su carrera art\u00edstica y la equidad de g\u00e9nero en la industria cinematogr\u00e1fica.", "start_date": "2026-09-03T00:00:00+00:00", "title": "Ser mujer en el cine mexicano"}], "offset": "+00:00", "timezone": "UTC", "error_code": -1, "start_date": "2026-09-01", "icon": ""}