{"end_date": "2026-09-02", "name": "RTP Internacional", "info_url": "https://epg.pw/channels/459243/20260831.html", "country": "France", "description": null, "error_message": "", "provider": "", "source_url": "https://epg.pw/api/epg.json?channel_id=459243&date=20260831&timezone=None", "epg_list": [{"desc": null, "start_date": "2026-08-31T00:00:00+00:00", "title": "Not\u00edcias do Atl\u00e2ntico"}, {"desc": "Programa semanal sobre a vinha e os vinhos portugueses em Portugal e no mundo. O mercado nacional e o mercado de exporta\u00e7\u00e3o. A excel\u00eancia de alguns dos nossos vinhos.", "start_date": "2026-08-31T01:00:00+00:00", "title": "A Ess\u00eancia"}, {"desc": "\"S\u00f3 Como e Bebo. Por Acaso, Trabalho!\" foi uma frase proferida por F\u00e1bio Porchat durante as filmagens de \"Viagem a Portugal\". Que melhor pretexto para ele voltar que sent\u00e1-lo \u00e0 mesa? Uma conversa com quatro convidados. Um mote: uma palavra, um conceito.", "start_date": "2026-08-31T01:15:00+00:00", "title": "S\u00f3 Como e Bebo. Por Acaso, Trabalho!"}, {"desc": "D. Jo\u00e3o, o pr\u00edncipe regente, a rainha D. Maria I, sua m\u00e3e, a restante fam\u00edlia Real e parte da nobreza portuguesa chegam ao Rio de Janeiro em 1808. Nunca antes se vira uma Coroa europeia assentar arraiais numa das suas col\u00f3nias.", "start_date": "2026-08-31T02:15:00+00:00", "title": "Visita Guiada"}, {"desc": null, "start_date": "2026-08-31T03:00:00+00:00", "title": "Joker"}, {"desc": "Os portugueses t\u00eam agora menos amigos do que tinham h\u00e1 10 anos... e h\u00e1 um aumento do sentimento de solid\u00e3o, apesar de estarmos sempre online. Conviver faz bem \u00e0 sa\u00fade f\u00edsica, mental e permite-nos viver mais anos com qualidade. Vamos saber como no pr\u00f3ximo Sociedade Civil.", "start_date": "2026-08-31T04:00:00+00:00", "title": "Sociedade Civil"}, {"desc": "En Direct.", "start_date": "2026-08-31T05:00:00+00:00", "title": "Bom Dia Portugal"}, {"desc": "En Direct. Jorge Gabriel e S\u00f3nia Ara\u00fajo d\u00e3o-lhe as boas vindas \u00e0 Pra\u00e7a da Alegria! Porque sabemos que gosta da nossa companhia, oferecemos boa disposi\u00e7\u00e3o at\u00e9 \u00e0 hora de almo\u00e7o! De segunda a sexta-feira, a Pra\u00e7a da Alegria leva at\u00e9 si a melhor m\u00fasica, as \u00faltimas tend\u00eancias da moda.", "start_date": "2026-08-31T09:00:00+00:00", "title": "Pra\u00e7a da Alegria"}, {"desc": "En Direct.", "start_date": "2026-08-31T11:58:00+00:00", "title": "Jornal da Tarde"}, {"desc": null, "start_date": "2026-08-31T13:15:00+00:00", "title": "Sinais de Vida"}, {"desc": "En Direct. A RTP vai acompanhar uma das tradi\u00e7\u00f5es portuguesas celebradas em todo o Pa\u00eds: as Festas das Vindimas.", "start_date": "2026-08-31T14:00:00+00:00", "title": "Festa das Vindimas"}, {"desc": null, "start_date": "2026-08-31T15:30:00+00:00", "title": "Agarra-me Se Puderes"}, {"desc": "En Direct.", "start_date": "2026-08-31T16:30:00+00:00", "title": "Portugal em Rede"}, {"desc": null, "start_date": "2026-08-31T18:07:00+00:00", "title": "O Pre\u00e7o Certo"}, {"desc": "En Direct.", "start_date": "2026-08-31T18:58:00+00:00", "title": "Telejornal"}, {"desc": "Carlos Pescador, minhoto de nascen\u00e7a, e o seu fiel amigo Ad\u00e9rito, mariscadores e her\u00f3is das escarpas do Atl\u00e2ntico, arriscam a vida de sorriso no rosto todos os dias em que o mar e o c\u00e9u d\u00e3o tr\u00e9guas, em busca dos percebes onde mais ningu\u00e9m os apanha.", "start_date": "2026-08-31T20:01:00+00:00", "title": "Entre o Mar e a Terra"}, {"desc": null, "start_date": "2026-08-31T20:30:00+00:00", "title": "Joker"}, {"desc": null, "start_date": "2026-08-31T21:45:00+00:00", "title": "Felp"}, {"desc": "Programa de televis\u00e3o e de r\u00e1dio sobre pe\u00e7as da hist\u00f3ria da arte e da cultura portuguesas. Em cada emiss\u00e3o o programa elege uma pe\u00e7a-protagonista, num arco temporal de cerca de 800 anos e abrangendo todo o territ\u00f3rio nacional, ilhas inclu\u00eddas.", "start_date": "2026-08-31T22:15:00+00:00", "title": "Visita Guiada"}, {"desc": "Programa semanal sobre a vinha e os vinhos portugueses em Portugal e no mundo. O mercado nacional e o mercado de exporta\u00e7\u00e3o. A excel\u00eancia de alguns dos nossos vinhos.", "start_date": "2026-08-31T22:45:00+00:00", "title": "A Ess\u00eancia"}, {"desc": "En Direct.", "start_date": "2026-08-31T23:00:00+00:00", "title": "24 Horas"}, {"desc": null, "start_date": "2026-09-01T00:00:00+00:00", "title": "Not\u00edcias do Atl\u00e2ntico"}, {"desc": null, "start_date": "2026-09-01T01:02:00+00:00", "title": "Sinais de Vida"}, {"desc": "Document\u00e1rio de Adriana Romero sobre um dos mais conceituados compositores e pianistas portugueses.", "start_date": "2026-09-01T01:45:00+00:00", "title": "Ant\u00f3nio Pinho Vargas: O Que \u00c9 um Nome?"}, {"desc": "Nesta s\u00e9rie pretende-se revelar os bastidores das ind\u00fastrias alimentares na Regi\u00e3o Aut\u00f3noma da Madeira, mostrando os processo de produ\u00e7\u00e3o, tecnologia, pessoas e hist\u00f3rias que d\u00e3o vida aos produtos que todos os dias chegam \u00e0 nossa mesa.", "start_date": "2026-09-01T02:15:00+00:00", "title": "Como Se Faz - Ind\u00fastrias da Madeira"}, {"desc": "\"Terra Europa\" \u00e9 a nova s\u00e9rie de atualidade europeia, com emiss\u00e3o semanal nos canais de televis\u00e3o e r\u00e1dio da RTP. Em contagem decrescente para as elei\u00e7\u00f5es europeias, o \"Terra Europa\" traz reportagens exclusivas sobre os temas que preocupam os cidad\u00e3os: cria\u00e7\u00e3o de emprego, altera\u00e7\u00f5es clim\u00e1ticas, inova.", "start_date": "2026-09-01T02:45:00+00:00", "title": "Terra Europa"}, {"desc": null, "start_date": "2026-09-01T03:00:00+00:00", "title": "Joker"}, {"desc": "O Sociedade Civil \u00e9 um programa com Hist\u00f3ria que quer fazer cada vez mais parte do dia-a-dia de todos os portugueses. S\u00e3o quest\u00f5es p\u00fablicas debatidas por gente distinta, temas particulares apresentados de forma clara.", "start_date": "2026-09-01T04:00:00+00:00", "title": "Sociedade Civil"}, {"desc": "En Direct.", "start_date": "2026-09-01T05:00:00+00:00", "title": "Bom Dia Portugal"}, {"desc": "En Direct. Jorge Gabriel e S\u00f3nia Ara\u00fajo d\u00e3o-lhe as boas vindas \u00e0 Pra\u00e7a da Alegria! Porque sabemos que gosta da nossa companhia, oferecemos boa disposi\u00e7\u00e3o at\u00e9 \u00e0 hora de almo\u00e7o! De segunda a sexta-feira, a Pra\u00e7a da Alegria leva at\u00e9 si a melhor m\u00fasica, as \u00faltimas tend\u00eancias da moda e conselhos \u00fateis.", "start_date": "2026-09-01T09:00:00+00:00", "title": "Pra\u00e7a da Alegria"}, {"desc": "En Direct.", "start_date": "2026-09-01T11:58:00+00:00", "title": "Jornal da Tarde"}, {"desc": null, "start_date": "2026-09-01T13:00:00+00:00", "title": "Hora da Sorte - Lotaria Cl\u00e1ssica"}, {"desc": null, "start_date": "2026-09-01T13:22:00+00:00", "title": "Sinais de Vida"}, {"desc": "En Direct. A RTP vai acompanhar uma das tradi\u00e7\u00f5es portuguesas celebradas em todo o Pa\u00eds: as Festas das Vindimas.", "start_date": "2026-09-01T14:00:00+00:00", "title": "Festa das Vindimas"}, {"desc": null, "start_date": "2026-09-01T15:30:00+00:00", "title": "Agarra-me Se Puderes"}, {"desc": "En Direct.", "start_date": "2026-09-01T16:30:00+00:00", "title": "Portugal em Rede"}, {"desc": null, "start_date": "2026-09-01T18:07:00+00:00", "title": "O Pre\u00e7o Certo"}, {"desc": "En Direct.", "start_date": "2026-09-01T18:58:00+00:00", "title": "Telejornal"}, {"desc": "S\u00e9rie documental que oferece um olhar sem filtros sobre os bastidores da linha 112. Longe das sirenes e das luzes azuis, o protagonismo deste formato pertence exclusivamente \u00e0 voz dos operadores do Centro Operacional 112 e do INEM.", "start_date": "2026-09-01T20:01:00+00:00", "title": "Chamada de Emerg\u00eancia"}, {"desc": null, "start_date": "2026-09-01T20:30:00+00:00", "title": "Joker"}, {"desc": "Num pa\u00eds onde os bonecos de peluche vivem como cidad\u00e3os de segunda, uma comunidade farta de ser deixada na prateleira decide organizar-se. Entre caf\u00e9s de bairro, lavandarias suspeitas e milit\u00e2ncia com enchimento, nasce o FELP (Frente Espetacular pela Liberdade Peluda).", "start_date": "2026-09-01T21:30:00+00:00", "title": "Felp"}, {"desc": "S\u00e9rie documental que narra a hist\u00f3ria global do trabalho em Portugal e as suas interliga\u00e7\u00f5es no mundo, para celebrar o 50\u00ba anivers\u00e1rio da revolu\u00e7\u00e3o dos cravos. A s\u00e9rie salienta a mundializa\u00e7\u00e3o, as contradi\u00e7\u00f5es da modernidade e as interliga\u00e7\u00f5es entre economia e cultura, pol\u00edtica e modos de vida.", "start_date": "2026-09-01T22:00:00+00:00", "title": "De P\u00e9 Sobre a Hist\u00f3ria: O Mundo do Trabalho"}, {"desc": "Hora de Agir \u00e9 um programa que impacta pela qualidade das interven\u00e7\u00f5es, pela import\u00e2ncia dos temas, e pelos bons exemplos que procuram inspirar e acelerar todas as mudan\u00e7as.", "start_date": "2026-09-01T22:45:00+00:00", "title": "Hora de Agir"}, {"desc": "En Direct.", "start_date": "2026-09-01T23:00:00+00:00", "title": "24 Horas"}, {"desc": null, "start_date": "2026-09-02T00:00:00+00:00", "title": "Not\u00edcias do Atl\u00e2ntico"}], "offset": "+00:00", "timezone": "UTC", "error_code": -1, "start_date": "2026-08-31", "icon": ""}