{"end_date": "2026-09-01", "name": "Das Erste", "info_url": "https://epg.pw/channels/459232/20260831.html", "country": "France", "description": null, "error_message": "", "provider": "", "source_url": "https://epg.pw/api/epg.json?channel_id=459232&date=20260831&timezone=None", "epg_list": [{"desc": null, "start_date": "2026-08-31T00:38:00+00:00", "title": "Tagesschau"}, {"desc": "Erstsendung 30.08.2026 Talkshow Erstsendung 30.08.2026.", "start_date": "2026-08-31T00:40:00+00:00", "title": "Caren Miosga"}, {"desc": "\"ttt\" ist ein traditionsreiches Kulturmagazin des Hessischen Rundfunks. In seiner Extraausgabe wird \u00fcber aktuelle Highlights aus dem Kulturleben berichtet.", "start_date": "2026-08-31T01:40:00+00:00", "title": "ttt - titel thesen temperamente"}, {"desc": "Bereits seit 1994 berichtet das Boulevardmagazin von Montag bis Samstag am sp\u00e4ten Nachmittag in einem unterhaltsamen Mix \u00fcber nationale und internationale aktuelle Geschehnisse, \u00fcber Klatsch und K\u00f6nigsh\u00e4user, \u00fcber Prominente und solche, die es gerne sein m\u00f6chten. Au\u00dferdem werden Tipps und Trends pr\u00e4sentiert, Home-Storys und Berichte von Premieren, Veranstaltungen und Charity-Events.", "start_date": "2026-08-31T02:10:00+00:00", "title": "Brisant"}, {"desc": null, "start_date": "2026-08-31T02:43:00+00:00", "title": "Tagesschau"}, {"desc": "New York - eine Stadt wie keine. Reich und glitzernd, zu Hause f\u00fcr Stars und Superreiche, aber auch bunt und vielf\u00e4ltig, Trendsetter und Sehnsuchtsort f\u00fcr Menschen, die vom gro\u00dfen Aufstieg tr\u00e4umen. Nur der Traum scheint irgendwie gebrochen: Die Stadt ist so teuer geworden, dass viele sie sich nicht mehr leisten k\u00f6nnen. Auch Normalverdiener hadern mittlerweile mit hohen Lebenshaltungskosten. Kitage", "start_date": "2026-08-31T02:45:00+00:00", "title": "Wem geh\u00f6rt New York?"}, {"desc": "En Direct. So startet man gut in den Tag. Mit dem \"ZDF-Morgenmagazin\" kann man sich gleich zum Fr\u00fchst\u00fcck \u00fcber die neuesten Nachrichten aus den Bereichen Politik, Wirtschaft, Gesellschaft, Kultur und Sport informieren. Zu den wichtigsten News gibt es interessante und kritische Hintergrundberichte. Au\u00dferdem werden Politiker, Kulturschaffende, Comedians und Sportler interviewt.", "start_date": "2026-08-31T03:30:00+00:00", "title": "ZDF-Morgenmagazin"}, {"desc": null, "start_date": "2026-08-31T07:00:00+00:00", "title": "Tagesschau"}, {"desc": "Neues Revier, neues Gl\u00fcck: Nach dem Umzug hat das Team sch\u00f6nere B\u00fcror\u00e4ume und Riedl endlich seinen eigenen Arbeitsplatz. Aber ansonsten ist es nicht weit her mit der Idylle: Das schr\u00e4ge Ermittlerduo Franz Hubert und Reimund Girwidz hat alle H\u00e4nde voll zu tun mit dem meist eher unorganisierten Verbrechen in Wolfratshausen. Beherzt und dabei unfreiwillig komisch greifen sie ihre neuen F\u00e4lle an. Nat\u00fc", "start_date": "2026-08-31T07:05:00+00:00", "title": "Hubert ohne Staller"}, {"desc": "Suite \u00e0 l'incendie de sa ferme organique \u00e0 Brandenburg, les r\u00eaves de vie paisible \u00e0 la campagne du commissaire Finn Kieswetter se sont envol\u00e9s en fum\u00e9e et le voil\u00e0 de retour \u00e0 L\u00fcbeck pour reprendre du service. Il y retrouve son amour de jeunesse, Elke Rasmussen, devenue procureur g\u00e9n\u00e9rale, et l'ex-mari de celle-ci, Lars Englen, son sup\u00e9rieur direct. La reprise dans ce contexte ne sera pas facile.", "start_date": "2026-08-31T07:55:00+00:00", "title": "Morden im Norden"}, {"desc": null, "start_date": "2026-08-31T08:40:00+00:00", "title": "Tagesschau"}, {"desc": null, "start_date": "2026-08-31T08:45:00+00:00", "title": "Meister des Alltags"}, {"desc": null, "start_date": "2026-08-31T09:15:00+00:00", "title": "Gefragt - Gejagt"}, {"desc": "Nachrichten aus aller Welt, Neues aus Politik, Wirtschaft, B\u00f6rse, Sport, Kultur und Service.", "start_date": "2026-08-31T10:00:00+00:00", "title": "ARD-Mittagsmagazin"}, {"desc": null, "start_date": "2026-08-31T12:00:00+00:00", "title": "Tagesschau"}, {"desc": "Ce n'est pas parce qu'on atteint un \u00e2ge m\u00fbre que la vie devient n\u00e9cessairement monotone. Les femmes de Luneburg l'ont bien compris, ces quadrag\u00e9naires au temp\u00e9rament flamboyant vivent les moments les plus anim\u00e9s de leur vie, entre histoires d'amour passionn\u00e9es et carri\u00e8re, la vie leur r\u00e9serve encore bien des surprises.", "start_date": "2026-08-31T12:10:00+00:00", "title": "Rote Rosen"}, {"desc": null, "start_date": "2026-08-31T13:00:00+00:00", "title": "Tagesschau"}, {"desc": "F\u00fcrstenhof, h\u00f4tel cinq \u00e9toile au c\u0153ur de Vagen en Bavi\u00e8re, est l'\u00e9picentre des histoires qui lient de nombreux habitants de la r\u00e9gion. Qu'il s'agisse de ses propri\u00e9taires, son petit personnel ou d'autres personnalit\u00e9s influentes, les intrigues m\u00ealant amour, argent, famille et trahison qui gravitent autour de l'\u00e9tablissement sont nombreuses.", "start_date": "2026-08-31T13:10:00+00:00", "title": "Sturm der Liebe"}, {"desc": null, "start_date": "2026-08-31T14:00:00+00:00", "title": "Tagesschau"}, {"desc": "Amurleoparden Liebe auf den ersten Blick: Tierpfleger Lasse Nieberding arbeitet erst seit ein paar Wochen in seinem neuen Revier bei den Amurleoparden - und schon hat es zwischen ihm und den Tieren gefunkt! Besonders Leopardendame Vatne hat es Lasse angetan; in jeder freien Minute schaut er nach der Raubkatze, die ihr neues, gro\u00dfes Zuhause sichtlich genie\u00dft. Weil ihr K\u00e4fig hinter den Kulissen aber", "start_date": "2026-08-31T14:10:00+00:00", "title": "Elefant, Tiger & Co."}, {"desc": null, "start_date": "2026-08-31T15:00:00+00:00", "title": "Tagesschau"}, {"desc": "Bereits seit 1994 berichtet das Boulevardmagazin von Montag bis Samstag am sp\u00e4ten Nachmittag in einem unterhaltsamen Mix \u00fcber nationale und internationale aktuelle Geschehnisse, \u00fcber Klatsch und K\u00f6nigsh\u00e4user, \u00fcber Prominente und solche, die es gerne sein m\u00f6chten. Au\u00dferdem werden Tipps und Trends pr\u00e4sentiert, Home-Storys und Berichte von Premieren, Veranstaltungen und Charity-Events.", "start_date": "2026-08-31T15:15:00+00:00", "title": "Brisant"}, {"desc": null, "start_date": "2026-08-31T16:00:00+00:00", "title": "Gefragt - Gejagt"}, {"desc": "Cette s\u00e9rie polici\u00e8re raconte les affaires criminelles que les inspecteurs du poste de police 14, dans le quartier de Kiez \u00e0 Hambourg, tentent de r\u00e9soudre. Les enqu\u00eates sont dirig\u00e9es par Dirk Matthies, un policier de conviction et \u00e9galement un vrai gars de Hambourg. Il conna\u00eet personnellement beaucoup de prostitu\u00e9es et de petites frappes, qui sont ses informateurs.", "start_date": "2026-08-31T16:50:00+00:00", "title": "Gro\u00dfstadtrevier"}, {"desc": "Geplantes Thema: Gl\u00fchlampe als Mikrofon!: Der Spion von heute hat unglaubliche Techniken an der Hand, um sein Gegen\u00fcber abzuh\u00f6ren. Welche Verfahren es gibt, wie sie funktionieren und wie man sich dagegen sch\u00fctzen kann, erkl\u00e4ren Anja Reschke und Adrian Pflug in \"Wissen vor acht - Zukunft\". Diese Sendung ist nach der Ausstrahlung zw\u00f6lf Monate lang in der ARD Mediathek verf\u00fcgbar.", "start_date": "2026-08-31T17:45:00+00:00", "title": "Wissen vor acht - Zukunft"}, {"desc": null, "start_date": "2026-08-31T17:50:00+00:00", "title": "Wetter vor acht"}, {"desc": null, "start_date": "2026-08-31T17:55:00+00:00", "title": "Wirtschaft vor acht"}, {"desc": null, "start_date": "2026-08-31T18:00:00+00:00", "title": "Tagesschau"}, {"desc": "Vor den Landtagswahlen in Sachsen-Anhalt, Mecklenburg-Vorpommern und Berlin ist das Land unter Druck, die Bev\u00f6lkerung verunsichert, die Stimmung vielerorts mies. Wo entsteht der Frust? Was muss sich \u00e4ndern? K\u00f6nnen die Landtagswahlen zu einem Wendepunkt f\u00fcr die Demokratie werden? Mit einem mobilen Studio sind Jan. N. Lorenzen, Emma Mack und David Holland durch den Osten Deutschlands gezogen und hab", "start_date": "2026-08-31T18:15:00+00:00", "title": "Land unter Druck - 50 Stimmen aus dem Volk"}, {"desc": "En Direct. Erstsendung 31.08.2026 Moderation: Louis Klamroth Talkshow Erstsendung 31.08.2026.", "start_date": "2026-08-31T19:00:00+00:00", "title": "Hart aber fair"}, {"desc": null, "start_date": "2026-08-31T20:15:00+00:00", "title": "Tagesthemen"}, {"desc": "Drohnen sorgen zunehmend f\u00fcr St\u00f6rungen an Flugh\u00e4fen und \u00fcber sensiblen Anlagen. Nach einem Vorfall in M\u00fcnchen geht der Journalist Manuel Stark der Frage nach, wie Deutschland unerlaubte Drohnen erkennen und abwehren kann. Er besucht Forschungseinrichtungen, Testzentren und die Bundeswehr, beleuchtet moderne Abwehrtechnologien und zeigt zugleich die Chancen von Drohnen in Rettung, Katastrophenschut", "start_date": "2026-08-31T20:50:00+00:00", "title": "Game of Drones"}, {"desc": "Die BR-Dokuserie f\u00fcr ARD Crime Time \"SUDO \u2013 vom Sch\u00fcler zum Darknet-Boss\" wird aus unterschiedlichen Perspektiven erz\u00e4hlt: vor allem aus der des Gejagten, Louis, und der seines J\u00e4gers vom BKA.", "start_date": "2026-08-31T21:35:00+00:00", "title": "SUDO. Auf der dunklen Seite der Macht"}, {"desc": null, "start_date": "2026-08-31T22:05:00+00:00", "title": "Tagesschau"}, {"desc": "S\u00e9rie pionni\u00e8re du genre policier allemand, chaque \u00e9pisode traite d'un crime commit quelque part en Allemagne o\u00f9 la police locale doit enqu\u00eater, mettant donc en sc\u00e8ne diff\u00e9rents commissaires et quelques personnages r\u00e9guliers. Les enqu\u00eates soul\u00e8vent r\u00e9guli\u00e8rement des questions sociales en lien direct avec les lieux du crimes, c'est le d\u00e9fi que doivent relever les forces de police locales.", "start_date": "2026-08-31T22:15:00+00:00", "title": "Tatort"}, {"desc": null, "start_date": "2026-08-31T23:48:00+00:00", "title": "Tagesschau"}, {"desc": "Vor den Landtagswahlen in Sachsen-Anhalt, Mecklenburg-Vorpommern und Berlin ist das Land unter Druck, die Bev\u00f6lkerung verunsichert, die Stimmung vielerorts mies. Wo entsteht der Frust? Was muss sich \u00e4ndern? K\u00f6nnen die Landtagswahlen zu einem Wendepunkt f\u00fcr die Demokratie werden? Mit einem mobilen Studio sind Jan. N. Lorenzen, Emma Mack und David Holland durch den Osten Deutschlands gezogen und hab", "start_date": "2026-08-31T23:50:00+00:00", "title": "Land unter Druck"}, {"desc": "Erstsendung 31.08.2026 Moderation: Louis Klamroth Talkshow Erstsendung 31.08.2026.", "start_date": "2026-09-01T00:35:00+00:00", "title": "Hart aber fair"}, {"desc": "Drohnen sorgen zunehmend f\u00fcr St\u00f6rungen an Flugh\u00e4fen und \u00fcber sensiblen Anlagen. Nach einem Vorfall in M\u00fcnchen geht der Journalist Manuel Stark der Frage nach, wie Deutschland unerlaubte Drohnen erkennen und abwehren kann. Er besucht Forschungseinrichtungen, Testzentren und die Bundeswehr, beleuchtet moderne Abwehrtechnologien und zeigt zugleich die Chancen von Drohnen in Rettung, Katastrophenschut", "start_date": "2026-09-01T01:50:00+00:00", "title": "Game of Drones"}, {"desc": "Bereits seit 1994 berichtet das Boulevardmagazin von Montag bis Samstag am sp\u00e4ten Nachmittag in einem unterhaltsamen Mix \u00fcber nationale und internationale aktuelle Geschehnisse, \u00fcber Klatsch und K\u00f6nigsh\u00e4user, \u00fcber Prominente und solche, die es gerne sein m\u00f6chten. Au\u00dferdem werden Tipps und Trends pr\u00e4sentiert, Home-Storys und Berichte von Premieren, Veranstaltungen und Charity-Events.", "start_date": "2026-09-01T02:35:00+00:00", "title": "Brisant"}, {"desc": null, "start_date": "2026-09-01T02:58:00+00:00", "title": "Tagesschau"}, {"desc": "Die BR-Dokuserie f\u00fcr ARD Crime Time \"SUDO \u2013 vom Sch\u00fcler zum Darknet-Boss\" wird aus unterschiedlichen Perspektiven erz\u00e4hlt: vor allem aus der des Gejagten, Louis, und der seines J\u00e4gers vom BKA.", "start_date": "2026-09-01T03:00:00+00:00", "title": "SUDO. Auf der dunklen Seite der Macht"}, {"desc": "En Direct. So startet man gut in den Tag. Mit dem \"ZDF-Morgenmagazin\" kann man sich gleich zum Fr\u00fchst\u00fcck \u00fcber die neuesten Nachrichten aus den Bereichen Politik, Wirtschaft, Gesellschaft, Kultur und Sport informieren. Zu den wichtigsten News gibt es interessante und kritische Hintergrundberichte. Au\u00dferdem werden Politiker, Kulturschaffende, Comedians und Sportler interviewt.", "start_date": "2026-09-01T03:30:00+00:00", "title": "ZDF-Morgenmagazin"}, {"desc": null, "start_date": "2026-09-01T07:00:00+00:00", "title": "Tagesschau"}, {"desc": "Neues Revier, neues Gl\u00fcck: Nach dem Umzug hat das Team sch\u00f6nere B\u00fcror\u00e4ume und Riedl endlich seinen eigenen Arbeitsplatz. Aber ansonsten ist es nicht weit her mit der Idylle: Das schr\u00e4ge Ermittlerduo Franz Hubert und Reimund Girwidz hat alle H\u00e4nde voll zu tun mit dem meist eher unorganisierten Verbrechen in Wolfratshausen. Beherzt und dabei unfreiwillig komisch greifen sie ihre neuen F\u00e4lle an. Nat\u00fc", "start_date": "2026-09-01T07:05:00+00:00", "title": "Hubert ohne Staller"}, {"desc": "Suite \u00e0 l'incendie de sa ferme organique \u00e0 Brandenburg, les r\u00eaves de vie paisible \u00e0 la campagne du commissaire Finn Kieswetter se sont envol\u00e9s en fum\u00e9e et le voil\u00e0 de retour \u00e0 L\u00fcbeck pour reprendre du service. Il y retrouve son amour de jeunesse, Elke Rasmussen, devenue procureur g\u00e9n\u00e9rale, et l'ex-mari de celle-ci, Lars Englen, son sup\u00e9rieur direct. La reprise dans ce contexte ne sera pas facile.", "start_date": "2026-09-01T07:55:00+00:00", "title": "Morden im Norden"}, {"desc": null, "start_date": "2026-09-01T08:40:00+00:00", "title": "Tagesschau"}, {"desc": null, "start_date": "2026-09-01T08:45:00+00:00", "title": "Meister des Alltags"}, {"desc": null, "start_date": "2026-09-01T09:15:00+00:00", "title": "Gefragt - Gejagt"}, {"desc": "Nachrichten aus aller Welt, Neues aus Politik, Wirtschaft, B\u00f6rse, Sport, Kultur und Service.", "start_date": "2026-09-01T10:00:00+00:00", "title": "ARD-Mittagsmagazin"}, {"desc": null, "start_date": "2026-09-01T12:00:00+00:00", "title": "Tagesschau"}, {"desc": "Ce n'est pas parce qu'on atteint un \u00e2ge m\u00fbre que la vie devient n\u00e9cessairement monotone. Les femmes de Luneburg l'ont bien compris, ces quadrag\u00e9naires au temp\u00e9rament flamboyant vivent les moments les plus anim\u00e9s de leur vie, entre histoires d'amour passionn\u00e9es et carri\u00e8re, la vie leur r\u00e9serve encore bien des surprises.", "start_date": "2026-09-01T12:10:00+00:00", "title": "Rote Rosen"}, {"desc": null, "start_date": "2026-09-01T13:00:00+00:00", "title": "Tagesschau"}, {"desc": "F\u00fcrstenhof, h\u00f4tel cinq \u00e9toile au c\u0153ur de Vagen en Bavi\u00e8re, est l'\u00e9picentre des histoires qui lient de nombreux habitants de la r\u00e9gion. Qu'il s'agisse de ses propri\u00e9taires, son petit personnel ou d'autres personnalit\u00e9s influentes, les intrigues m\u00ealant amour, argent, famille et trahison qui gravitent autour de l'\u00e9tablissement sont nombreuses.", "start_date": "2026-09-01T13:10:00+00:00", "title": "Sturm der Liebe"}, {"desc": null, "start_date": "2026-09-01T14:00:00+00:00", "title": "Tagesschau"}, {"desc": "Von Frau zu Frau Bei den Gorillas gab es wieder Nachwuchs. Kumili hat hinter den Kulissen des Pongolandes ihr erstes Baby geboren. Frank Schellhardt m\u00f6chte nun die Gorillafamilie zusammenf\u00fchren - doch da gibt es ein Problem. Unter den Gorillaweibchen gab es in der Vergangenheit Spannungen und die junge Mutter Kumili hatte es schwer - wurde von den anderen beiden Weibchen gemobbt und ausgegrenzt. R", "start_date": "2026-09-01T14:10:00+00:00", "title": "Elefant, Tiger & Co."}, {"desc": null, "start_date": "2026-09-01T15:00:00+00:00", "title": "Tagesschau"}, {"desc": "Bereits seit 1994 berichtet das Boulevardmagazin von Montag bis Samstag am sp\u00e4ten Nachmittag in einem unterhaltsamen Mix \u00fcber nationale und internationale aktuelle Geschehnisse, \u00fcber Klatsch und K\u00f6nigsh\u00e4user, \u00fcber Prominente und solche, die es gerne sein m\u00f6chten. Au\u00dferdem werden Tipps und Trends pr\u00e4sentiert, Home-Storys und Berichte von Premieren, Veranstaltungen und Charity-Events.", "start_date": "2026-09-01T15:15:00+00:00", "title": "Brisant"}, {"desc": null, "start_date": "2026-09-01T16:00:00+00:00", "title": "Gefragt - Gejagt"}, {"desc": "Das Team um Hauptkommissarin Maike Junghans und Sami Fares sowie die Kommissar:innen Jana Macourek und Moritz Kr\u00e4tschmer l\u00f6sen gemeinsam die schwierigsten Kriminalf\u00e4lle an Land und auf dem Wasser. Ihr Einsatzgebiet: Die Elbe zwischen Dresden und der deutsch-tschechischen Grenze. Ihr Auftrag: Die Bek\u00e4mpfung der Kriminalit\u00e4t auf einer der sch\u00f6nsten Wasserstra\u00dfen Deutschlands. (ARD-Serie) Einige Sequ", "start_date": "2026-09-01T16:50:00+00:00", "title": "WaPo Elbe"}, {"desc": null, "start_date": "2026-09-01T17:45:00+00:00", "title": "Wissen vor acht - Natur"}, {"desc": null, "start_date": "2026-09-01T17:50:00+00:00", "title": "Wetter vor acht"}, {"desc": null, "start_date": "2026-09-01T17:55:00+00:00", "title": "Wirtschaft vor acht"}, {"desc": null, "start_date": "2026-09-01T18:00:00+00:00", "title": "Tagesschau"}, {"desc": null, "start_date": "2026-09-01T18:15:00+00:00", "title": "Die Kanzlei"}, {"desc": "S\u00e9rie hospitali\u00e8re allemande sur les vies personnelles et professionnelles du personnel soignant de la clinique Sachsenklinik \u00e0 Leipzig. L'intrigue est bas\u00e9e sur l'amiti\u00e9 entre les docteurs Roland Heilmann, Achim Kreutzer et Maia Dietz mais s'\u00e9tend \u00e0 plusieurs personnages r\u00e9currents et suit plusieurs histoires qui se croisent au fil des \u00e9pisodes.", "start_date": "2026-09-01T19:00:00+00:00", "title": "In aller Freundschaft"}, {"desc": null, "start_date": "2026-09-01T19:45:00+00:00", "title": "FAKT: Schwarz, Rot, Blau"}, {"desc": null, "start_date": "2026-09-01T20:15:00+00:00", "title": "Tagesthemen"}, {"desc": "In dem Talkformat wird informativ, unterhaltsam und bisweilen kontrovers \u00fcber aktuell bedeutsame Themen diskutiert. Daf\u00fcr hat Sandra Maischberger stets hochkar\u00e4tige G\u00e4ste im Studio. In Sachen Themenvielfalt sind kaum Grenzen gesetzt. Wichtig ist alles, was die Leute gerade bewegt, von Politik und Gesellschaft \u00fcber Boulevard-News bis hin zu bedeutsamen Sportveranstaltungen.", "start_date": "2026-09-01T20:50:00+00:00", "title": "Maischberger"}, {"desc": null, "start_date": "2026-09-01T22:05:00+00:00", "title": "Tagesschau"}, {"desc": null, "start_date": "2026-09-01T22:15:00+00:00", "title": "Die Kanzlei"}, {"desc": "S\u00e9rie hospitali\u00e8re allemande sur les vies personnelles et professionnelles du personnel soignant de la clinique Sachsenklinik \u00e0 Leipzig. L'intrigue est bas\u00e9e sur l'amiti\u00e9 entre les docteurs Roland Heilmann, Achim Kreutzer et Maia Dietz mais s'\u00e9tend \u00e0 plusieurs personnages r\u00e9currents et suit plusieurs histoires qui se croisent au fil des \u00e9pisodes.", "start_date": "2026-09-01T23:00:00+00:00", "title": "In aller Freundschaft"}, {"desc": null, "start_date": "2026-09-01T23:48:00+00:00", "title": "Tagesschau"}, {"desc": "In dem Talkformat wird informativ, unterhaltsam und bisweilen kontrovers \u00fcber aktuell bedeutsame Themen diskutiert. Daf\u00fcr hat Sandra Maischberger stets hochkar\u00e4tige G\u00e4ste im Studio. In Sachen Themenvielfalt sind kaum Grenzen gesetzt. Wichtig ist alles, was die Leute gerade bewegt, von Politik und Gesellschaft \u00fcber Boulevard-News bis hin zu bedeutsamen Sportveranstaltungen.", "start_date": "2026-09-01T23:50:00+00:00", "title": "Maischberger"}], "offset": "+00:00", "timezone": "UTC", "error_code": -1, "start_date": "2026-08-31", "icon": ""}