{"end_date": "2026-09-03", "name": "Histoire", "info_url": "https://epg.pw/channels/459200/20260902.html", "country": "France", "description": null, "error_message": "", "provider": "", "source_url": "https://epg.pw/api/epg.json?channel_id=459200&date=20260902&timezone=None", "epg_list": [{"desc": "Communiste, r\u00e9sistante, d\u00e9port\u00e9e, Marie-Claude Vaillant-Couturier est l'une des grandes h\u00e9ro\u00efnes du XXe si\u00e8cle. Fille d'un patron de presse et d'une chroniqueuse de mode, celle qu'on surnommait Ma\u00efco devient reporter photographe et embrasse la lutte des classes en m\u00eame temps qu'elle s'\u00e9prend d'une des figures du Front populaire, Paul Vaillant-Couturier. Pendant la Seconde Guerre mondiale, elle s'e", "start_date": "2026-09-02T00:10:00+00:00", "title": "Ma\u00efco : Marie-Claude Vaillant-Couturier, la r\u00e9volt\u00e9e"}, {"desc": "En mai 1944, pr\u00e8s de 424 Juifs hongrois sont d\u00e9port\u00e9s et extermin\u00e9s \u00e0 Auschwitz-Birkenau. Des images subsistent de ce crime : les clich\u00e9s pris par Bernhard Walter, un soldat de la SS charg\u00e9 de photographier les d\u00e9port\u00e9s \u00e0 leur arriv\u00e9e dans le camp, et que les nazis n'ont pas eu le temps de d\u00e9truire. Ils sont conserv\u00e9s dans un album d\u00e9pos\u00e9 \u00e0 l'Institut international pour la m\u00e9moire de la Shoah, \u00e0 J", "start_date": "2026-09-02T01:15:00+00:00", "title": "Un jour \u00e0 Auschwitz"}, {"desc": "N\u00e9e dans une famille de la bourgeoisie juive dans la Vienne de la fin du XIXe si\u00e8cle, Alice Urbach doit subvenir seule aux besoins de ses enfants apr\u00e8s le d\u00e9c\u00e8s de son \u00e9poux. Passionn\u00e9e de gastronomie, elle ouvre une \u00e9cole de cuisine. En 1935, elle publie un livre intitul\u00e9 \"C'est comme \u00e7a qu'on cuisine \u00e0 Vienne\" qui conna\u00eet un \u00e9norme succ\u00e8s. Mais, en mars 1938, Hitler annexe l'Autriche, et Alice U", "start_date": "2026-09-02T02:45:00+00:00", "title": "Comment les nazis ont spoli\u00e9 ma grand-m\u00e8re : l'histoire du livre de cuisine d'Alice"}, {"desc": "Retour sur la fin \u00e9nigmatique de Cl\u00e9op\u00e2tre, reine \u00e9gyptienne l\u00e9gendaire. Franck Ferrand d\u00e9peint la trag\u00e9die de Cl\u00e9op\u00e2tre \u00e0 travers les r\u00e9cits historiques, mettant en lumi\u00e8re les intrigues politiques, les relations tumultueuses et le destin singulier de la derni\u00e8re pharaonne d'\u00c9gypte.", "start_date": "2026-09-02T04:00:00+00:00", "title": "Les derni\u00e8res heures..."}, {"desc": "Dans cet \u00e9pisode, le th\u00e9\u00e2tre de la Tour Eiffel devient le cadre introspectif des derni\u00e8res heures d'une personnalit\u00e9 historique marquante : Indira Gandhi, premi\u00e8re femme Premier ministre de l'Inde. A travers une narration riche en d\u00e9tails, Franck Ferrand transporte les t\u00e9l\u00e9spectateurs dans le pass\u00e9 pour explorer les circonstances entourant son tragique assassinat.", "start_date": "2026-09-02T04:25:00+00:00", "title": "Les derni\u00e8res heures..."}, {"desc": "Dans cette collection de documentaires, seul, sur la sc\u00e8ne du th\u00e9\u00e2tre de la Tour Eiffel, Franck Ferrand nous embarque dans des histoires incroyables en nous contant, dans chaque \u00e9pisode, les derni\u00e8res heures d'un personnage historique ou d'un \u00e9v\u00e9nement embl\u00e9matique.", "start_date": "2026-09-02T05:00:00+00:00", "title": "Les derni\u00e8res heures..."}, {"desc": "Dans cette collection de documentaires, seul, sur la sc\u00e8ne du th\u00e9\u00e2tre de la Tour Eiffel, Franck Ferrand nous embarque dans des histoires incroyables en nous contant, dans chaque \u00e9pisode, les derni\u00e8res heures d'un personnage historique ou d'un \u00e9v\u00e9nement embl\u00e9matique.", "start_date": "2026-09-02T05:30:00+00:00", "title": "Les derni\u00e8res heures..."}, {"desc": "Dans cette collection de documentaires, seul, sur la sc\u00e8ne du th\u00e9\u00e2tre de la Tour Eiffel, Franck Ferrand nous embarque dans des histoires incroyables en nous contant, dans chaque \u00e9pisode, les derni\u00e8res heures d'un personnage historique ou d'un \u00e9v\u00e9nement embl\u00e9matique.", "start_date": "2026-09-02T06:05:00+00:00", "title": "Les derni\u00e8res heures..."}, {"desc": "Dans cette collection de documentaires, seul, sur la sc\u00e8ne du th\u00e9\u00e2tre de la Tour Eiffel, Franck Ferrand nous embarque dans des histoires incroyables en nous contant, dans chaque \u00e9pisode, les derni\u00e8res heures d'un personnage historique ou d'un \u00e9v\u00e9nement embl\u00e9matique.", "start_date": "2026-09-02T06:35:00+00:00", "title": "Les derni\u00e8res heures..."}, {"desc": "L'histoire sombre et m\u00e9connue des foyers et cit\u00e9s d'h\u00e9bergement mis en place par l'Etat fran\u00e7ais pour loger, isoler, et surveiller les immigr\u00e9s pendant les Trente Glorieuses.", "start_date": "2026-09-02T07:10:00+00:00", "title": "Une vie en transit ou l'illusion du provisoire"}, {"desc": "La derni\u00e8re g\u00e9n\u00e9ration de Pieds-Noirs est en train de dispara\u00eetre. Leurs enfants, n\u00e9s apr\u00e8s l'ind\u00e9pendance, se retrouvent d\u00e9positaires d'une histoire qu'ils n'ont pas v\u00e9cue, d'un r\u00e9cit partiel ou confus, d'un h\u00e9ritage parfois lourd \u00e0 porter. C'est le cas de Muriel, Nicolas, Mathilde, Rapha\u00ebl, Emilie et Guillaume. La terre de leurs origines n'existe plus, elle s'est dissoute dans le tragique de l'H", "start_date": "2026-09-02T08:10:00+00:00", "title": "Enfants de Pieds-Noirs, enfants du divorce"}, {"desc": "Les enfants de Pieds-Noirs, n\u00e9s apr\u00e8s l'Ind\u00e9pendance, se retrouvent d\u00e9positaires d'une histoire qu'ils n'ont pas v\u00e9cue, d'un r\u00e9cit partiel et d'un h\u00e9ritage parfois lourd \u00e0 porter.", "start_date": "2026-09-02T09:00:00+00:00", "title": "Enfants de Pieds-Noirs, enfants du divorce"}, {"desc": "Au cours de la Seconde Guerre mondiale, les Allemands ont bombard\u00e9 la Grande-Bretagne pour tenter de paralyser l'effort de guerre des Alli\u00e9s. Le pays s'est ressaisi et est rest\u00e9 fort pendant que les bombes pleuvaient.", "start_date": "2026-09-02T09:55:00+00:00", "title": "Les batailles mythiques de la Seconde Guerre mondiale"}, {"desc": "De Dunkerque au Jour J, le r\u00e9cit des batailles les plus cruciales de la Seconde Guerre mondiale, avec des t\u00e9moignages et des images d'archives.", "start_date": "2026-09-02T10:40:00+00:00", "title": "Les batailles mythiques de la Seconde Guerre mondiale"}, {"desc": "Alors que la police enqu\u00eatait sur la disparition de la riche veuve Olive Durand Deacon, elle n'aurait pas pu imaginer les aveux de l'homme qu'elle interrogeait.", "start_date": "2026-09-02T11:35:00+00:00", "title": "Itin\u00e9raire d'un crime"}, {"desc": "Au cours de l'\u00e9t\u00e9 1953, le monde a assist\u00e9 au couronnement de la reine Elizabeth II or, la veille de la c\u00e9r\u00e9monie, le corps d'une adolescente a \u00e9t\u00e9 retrouv\u00e9 flottant dans la Tamise.", "start_date": "2026-09-02T12:20:00+00:00", "title": "Itin\u00e9raire d'un crime"}, {"desc": "Cette s\u00e9rie d\u00e9voile des reconstitutions extraordinaires appuy\u00e9es par des sources d'archives qui prouvent comment les policiers britanniques ont traduit en justice les plus d\u00e9testables meurtriers.", "start_date": "2026-09-02T13:05:00+00:00", "title": "Itin\u00e9raire d'un crime"}, {"desc": "Dans la Rome baroque du XVIIe si\u00e8cle, Le Bernin et Borromini se livrent une rivalit\u00e9 artistique sans merci. L'un adul\u00e9 et combl\u00e9 de faveurs papales, l'autre tourment\u00e9 par ses d\u00e9mons int\u00e9rieurs, ils m\u00e9tamorphosent la ville par leurs cr\u00e9ations r\u00e9volutionnaires. Cette comp\u00e9tition, marqu\u00e9e par la trahison et l'ambition, s'ach\u00e8ve tragiquement lorsque Borromini, rong\u00e9 par ses tourments, met fin \u00e0 ses jo", "start_date": "2026-09-02T13:50:00+00:00", "title": "Borromini et Le Bernin, duel baroque \u00e0 Rome"}, {"desc": "En Norv\u00e8ge, des arch\u00e9ologues, des experts m\u00e9di\u00e9vaux et des constructeurs locaux de bateaux se sont r\u00e9unis pour explorer les secrets que cachent les restes de navires vikings, vieux de plusieurs si\u00e8cles, et les textes des anciennes sagas nordiques. Leur objectif ? Concevoir et construire le plus grand navire de plaisance viking jamais imagin\u00e9.", "start_date": "2026-09-02T15:35:00+00:00", "title": "Vikings : l'aventure am\u00e9ricaine"}, {"desc": "En Norv\u00e8ge, des arch\u00e9ologues, des experts m\u00e9di\u00e9vaux et des constructeurs locaux de bateaux se sont r\u00e9unis pour explorer les secrets que cachent les restes de navires vikings, vieux de plusieurs si\u00e8cles, et les textes des anciennes sagas nordiques. Leur objectif ? Concevoir et construire le plus grand navire de plaisance viking jamais imagin\u00e9.", "start_date": "2026-09-02T16:20:00+00:00", "title": "Vikings : l'aventure am\u00e9ricaine"}, {"desc": "En Norv\u00e8ge, des arch\u00e9ologues, des experts m\u00e9di\u00e9vaux et des constructeurs locaux de bateaux se sont r\u00e9unis pour explorer les secrets que cachent les restes de navires vikings, vieux de plusieurs si\u00e8cles, et les textes des anciennes sagas nordiques. Leur objectif ? Concevoir et construire le plus grand navire de plaisance viking jamais imagin\u00e9.", "start_date": "2026-09-02T17:05:00+00:00", "title": "Vikings : l'aventure am\u00e9ricaine"}, {"desc": "En 1519, l'explorateur portugais Fernand de Magellan et ses hommes entreprennent une exp\u00e9dition capitale. Comme Christophe Colomb avant lui, il part \u00e0 la recherche d'une route maritime par l'ouest vers le l\u00e9gendaire archipel des Moluques, en Asie. Magellan va conduire son \u00e9quipage vers des terres jamais foul\u00e9es auparavant.", "start_date": "2026-09-02T17:50:00+00:00", "title": "Magellan sur la route des \u00e9pices"}, {"desc": "12 octobre 2000. Lors de son ravitaillement en carburant dans le port d'Aden, au Y\u00e9men, le destroyer am\u00e9ricain USS Cole est attaqu\u00e9 par deux terroristes islamistes \u00e0 bord d'une embarcation pi\u00e9g\u00e9e. L'op\u00e9ration est command\u00e9e par Oussama Ben Laden. Cet attentat-suicide entra\u00eene la mort de 17 marins, dont deux femmes, et des blessures graves chez 39 autres. C'est la premi\u00e8re fois qu'Al-Qa\u00efda cible dir", "start_date": "2026-09-02T18:50:00+00:00", "title": "USS Cole, les pr\u00e9mices du 11 septembre"}, {"desc": "12 octobre 2000. Lors de son ravitaillement en carburant dans le port d'Aden, au Y\u00e9men, le destroyer am\u00e9ricain USS Cole est attaqu\u00e9 par deux terroristes islamistes \u00e0 bord d'une embarcation pi\u00e9g\u00e9e. L'op\u00e9ration est command\u00e9e par Oussama Ben Laden. Cet attentat-suicide entra\u00eene la mort de 17 marins, dont deux femmes, et des blessures graves chez 39 autres. C'est la premi\u00e8re fois qu'Al-Qa\u00efda cible dir", "start_date": "2026-09-02T19:40:00+00:00", "title": "USS Cole, les pr\u00e9mices du 11 septembre"}, {"desc": "12 octobre 2000. Lors de son ravitaillement en carburant dans le port d'Aden, au Y\u00e9men, le destroyer am\u00e9ricain USS Cole est attaqu\u00e9 par deux terroristes islamistes \u00e0 bord d'une embarcation pi\u00e9g\u00e9e. L'op\u00e9ration est command\u00e9e par Oussama Ben Laden. Cet attentat-suicide entra\u00eene la mort de 17 marins, dont deux femmes, et des blessures graves chez 39 autres. C'est la premi\u00e8re fois qu'Al-Qa\u00efda cible dir", "start_date": "2026-09-02T20:30:00+00:00", "title": "USS Cole, les pr\u00e9mices du 11 septembre"}, {"desc": "A l'aube du premier conflit mondial, l'aviation n'en est qu'\u00e0 ses d\u00e9buts. Rapidement l'aviation de reconnaissance se m\u00eale aux combats, dans des batailles de plus en plus \u00e2pres.", "start_date": "2026-09-02T21:20:00+00:00", "title": "L\u00e9gendes du ciel"}, {"desc": "Voler, peu de r\u00eaves humains ont suscit\u00e9 autant d'efforts et de t\u00e9nacit\u00e9 ! Con\u00e7ue comme une fresque \u00e9pique, L\u00c9GENDES DU CIEL retrace une incroyable \u00e9pop\u00e9e de l'aviation. En 1916, les batailles de Verdun et de la Somme dans lesquelles s'affrontent les trois plus grandes puissances mondiales marquent un grand tournant dans l'histoire de l'aviation militaire. Les premi\u00e8res tactiques militaires a\u00e9rienn", "start_date": "2026-09-02T22:15:00+00:00", "title": "L\u00e9gendes du ciel"}, {"desc": "La Stasi a tiss\u00e9 un vaste r\u00e9seau d'espionnage au Royaume-Uni pendant la guerre froide. La journaliste britannique Julie Etchingham examine les archives d\u00e9classifi\u00e9es pour r\u00e9v\u00e9ler les activit\u00e9s de la police secr\u00e8te est-allemande sur le territoire britannique. Tandis que Berlin a ouvert ses dossiers il y a trente ans, l'identit\u00e9 des informateurs locaux reste encore secr\u00e8te, posant la question des ra", "start_date": "2026-09-02T23:10:00+00:00", "title": "Stasi, espionnage \u00e0 l'anglaise"}, {"desc": "Marcus Klingberg, mort \u00e0 Paris en 2015 apr\u00e8s 20 ans de prison en Isra\u00ebl, \u00e9tait l'espion le plus dangereux de son pays. Juif polonais engag\u00e9 dans l'Arm\u00e9e rouge pour fuir la Shoah et v\u00e9t\u00e9ran de l'ind\u00e9pendance d'Isra\u00ebl, le professeur Klingberg a \u00e9t\u00e9 pendant trente ans \u00e0 la t\u00eate du programme secret d'armes bact\u00e9riologiques isra\u00e9lien. Nul ne se doutait alors qu'il \u00e9tait la taupe num\u00e9ro un du KGB. Les m", "start_date": "2026-09-02T23:55:00+00:00", "title": "Marcus Klingberg, un pur espion"}, {"desc": "Madeleine dite Milou, Denise et Simone Jacob, la future Simone Veil, ont v\u00e9cu une enfance heureuse \u00e0 Nice avant que la Seconde Guerre mondiale ne brise leur bonheur. A partir de correspondances in\u00e9dites et de journaux familiaux, ce film, port\u00e9 par un casting de voix d'acteurs exceptionnels, raconte le destin tragique des soeurs Jacob, l'exp\u00e9rience intime de l'enfer des camps et la vie apr\u00e8s. Leur ", "start_date": "2026-09-03T01:10:00+00:00", "title": "Simone Veil et ses soeurs n\u00e9es Jacob"}, {"desc": "Tout au long de son existence, Pierre Mend\u00e8s France a \u00e9crit sur sa vie, son histoire et celle de sa famille. Il a collect\u00e9 et tri\u00e9 quantit\u00e9 d'images, de notes, des documents in\u00e9dits. Quarante ans apr\u00e8s sa mort, Yves Jeuland et Alix Maurin donnent \u00e0 d\u00e9couvrir un autre Mend\u00e8s France. Le r\u00e9cit d'un destin, au fil des pages de ses cahiers priv\u00e9s. Une vie romanesque et rocambolesque, celle de PMF, homm", "start_date": "2026-09-03T02:40:00+00:00", "title": "Mend\u00e8s la France"}, {"desc": "Alors que la police enqu\u00eatait sur la disparition de la riche veuve Olive Durand Deacon, elle n'aurait pas pu imaginer les aveux de l'homme qu'elle interrogeait.", "start_date": "2026-09-03T04:00:00+00:00", "title": "Itin\u00e9raire d'un crime"}, {"desc": "Au cours de l'\u00e9t\u00e9 1953, le monde a assist\u00e9 au couronnement de la reine Elizabeth II or, la veille de la c\u00e9r\u00e9monie, le corps d'une adolescente a \u00e9t\u00e9 retrouv\u00e9 flottant dans la Tamise.", "start_date": "2026-09-03T04:40:00+00:00", "title": "Itin\u00e9raire d'un crime"}, {"desc": "Cette s\u00e9rie d\u00e9voile des reconstitutions extraordinaires appuy\u00e9es par des sources d'archives qui prouvent comment les policiers britanniques ont traduit en justice les plus d\u00e9testables meurtriers.", "start_date": "2026-09-03T05:30:00+00:00", "title": "Itin\u00e9raire d'un crime"}, {"desc": "En \u00e9tudiant les fake news \u00e0 travers l'Histoire, Ian Hislop revient sur leurs origines, ce qui les motive pouvoir, profit, parano\u00efa, propagande et ce qui peut \u00eatre fait pour lutter contre.", "start_date": "2026-09-03T06:15:00+00:00", "title": "L'histoire vraie des fake news"}, {"desc": "12 octobre 2000. Lors de son ravitaillement en carburant dans le port d'Aden, au Y\u00e9men, le destroyer am\u00e9ricain USS Cole est attaqu\u00e9 par deux terroristes islamistes \u00e0 bord d'une embarcation pi\u00e9g\u00e9e. L'op\u00e9ration est command\u00e9e par Oussama Ben Laden. Cet attentat-suicide entra\u00eene la mort de 17 marins, dont deux femmes, et des blessures graves chez 39 autres. C'est la premi\u00e8re fois qu'Al-Qa\u00efda cible dir", "start_date": "2026-09-03T07:20:00+00:00", "title": "USS Cole, les pr\u00e9mices du 11 septembre"}, {"desc": "12 octobre 2000. Lors de son ravitaillement en carburant dans le port d'Aden, au Y\u00e9men, le destroyer am\u00e9ricain USS Cole est attaqu\u00e9 par deux terroristes islamistes \u00e0 bord d'une embarcation pi\u00e9g\u00e9e. L'op\u00e9ration est command\u00e9e par Oussama Ben Laden. Cet attentat-suicide entra\u00eene la mort de 17 marins, dont deux femmes, et des blessures graves chez 39 autres. C'est la premi\u00e8re fois qu'Al-Qa\u00efda cible dir", "start_date": "2026-09-03T08:05:00+00:00", "title": "USS Cole, les pr\u00e9mices du 11 septembre"}, {"desc": "12 octobre 2000. Lors de son ravitaillement en carburant dans le port d'Aden, au Y\u00e9men, le destroyer am\u00e9ricain USS Cole est attaqu\u00e9 par deux terroristes islamistes \u00e0 bord d'une embarcation pi\u00e9g\u00e9e. L'op\u00e9ration est command\u00e9e par Oussama Ben Laden. Cet attentat-suicide entra\u00eene la mort de 17 marins, dont deux femmes, et des blessures graves chez 39 autres. C'est la premi\u00e8re fois qu'Al-Qa\u00efda cible dir", "start_date": "2026-09-03T09:00:00+00:00", "title": "USS Cole, les pr\u00e9mices du 11 septembre"}, {"desc": null, "start_date": "2026-09-03T09:45:00+00:00", "title": "La science secr\u00e8te des nazis"}, {"desc": null, "start_date": "2026-09-03T10:35:00+00:00", "title": "La science secr\u00e8te des nazis"}, {"desc": "Jimmy Alcott avait rejoint l'arm\u00e9e apr\u00e8s avoir quitt\u00e9 l'\u00e9cole, mais son s\u00e9jour en Allemagne s'\u00e9tait termin\u00e9 dans la honte lorsqu'il fut traduit en cour martiale pour le meurtre violent d'un civil.", "start_date": "2026-09-03T11:35:00+00:00", "title": "Les trains du crime"}, {"desc": "Un soir de mai 1957, une vieille comtesse polonaise rentrait chez elle lorsqu'elle a \u00e9t\u00e9 agress\u00e9e dans une station de m\u00e9tro. Poignard\u00e9e, elle est d\u00e9c\u00e9d\u00e9e \u00e0 l'h\u00f4pital dans la nuit.", "start_date": "2026-09-03T12:20:00+00:00", "title": "Les trains du crime"}, {"desc": "En 1910, la ville de Newcastle est boulevers\u00e9e par un proc\u00e8s pour meurtre. Un homme avait \u00e9t\u00e9 tu\u00e9 dans un train et son salaire fut vol\u00e9.", "start_date": "2026-09-03T13:05:00+00:00", "title": "Les trains du crime"}, {"desc": "En 1519, l'explorateur portugais Fernand de Magellan et ses hommes entreprennent une exp\u00e9dition capitale. Comme Christophe Colomb avant lui, il part \u00e0 la recherche d'une route maritime par l'ouest vers le l\u00e9gendaire archipel des Moluques, en Asie. Magellan va conduire son \u00e9quipage vers des terres jamais foul\u00e9es auparavant.", "start_date": "2026-09-03T13:55:00+00:00", "title": "Magellan sur la route des \u00e9pices"}, {"desc": "Dan Snow enqu\u00eate sur les myst\u00e8res de Stonehenge, monument pr\u00e9historique embl\u00e9matique du sud de l'Angleterre. En suivant les traces des arch\u00e9ologues, il explore l'histoire de ce cercle de pierres n\u00e9olithiques par des fouilles et analyses approfondies. Les d\u00e9couvertes scientifiques r\u00e9centes lui permettent d'\u00e9clairer l'origine, la construction et la signification de ce site sacr\u00e9.", "start_date": "2026-09-03T14:50:00+00:00", "title": "Les grandes d\u00e9couvertes avec Dan Snow"}, {"desc": "Dan Snow parcourt les sentiers escarp\u00e9s du Machu Picchu, citadelle inca nich\u00e9e dans les Andes p\u00e9ruviennes. Son exploration retrace l'histoire de ce site myst\u00e9rieux, de sa construction \u00e0 son abandon. L'h\u00e9ritage architectural des Incas t\u00e9moigne de leur ma\u00eetrise de la pierre et de l'agriculture en terrasses, tandis que l'orientation du site refl\u00e8te l'importance des rituels solaires.", "start_date": "2026-09-03T15:35:00+00:00", "title": "Les grandes d\u00e9couvertes avec Dan Snow"}, {"desc": "En 1974, des paysans d\u00e9couvrent pr\u00e8s de Xi'an une arm\u00e9e de 8000 guerriers de terre cuite vieille de 2000 ans. Ces statues grandeur nature, chacune au visage unique et remarquablement conserv\u00e9e, sont enterr\u00e9es dans le mausol\u00e9e du premier empereur de Chine Qin Shi Huang. Cette d\u00e9couverte arch\u00e9ologique majeure t\u00e9moigne de la puissance de la dynastie Qin et de ses croyances en une protection dans l'au", "start_date": "2026-09-03T16:20:00+00:00", "title": "Les grandes d\u00e9couvertes avec Dan Snow"}, {"desc": "Lieu de p\u00e8lerinage important dans l'Antiquit\u00e9, l'\u00eele de Philae fascine les voyageurs depuis des si\u00e8cles. Sur ce rocher surgi du Nil, surnomm\u00e9 la \"perle de l'\u00c9gypte\", de puissants souverains ont fait b\u00e2tir des sanctuaires monumentaux depuis l'\u00e9poque des derniers pharaons jusqu'aux Romains. Par la suite, les temples ont \u00e9t\u00e9 pill\u00e9s, vandalis\u00e9s ou transform\u00e9s, avant que les constructions successives d", "start_date": "2026-09-03T17:10:00+00:00", "title": "Philae, le sanctuaire englouti"}, {"desc": null, "start_date": "2026-09-03T18:50:00+00:00", "title": "La science secr\u00e8te des nazis"}, {"desc": null, "start_date": "2026-09-03T19:40:00+00:00", "title": "La science secr\u00e8te des nazis"}, {"desc": null, "start_date": "2026-09-03T20:25:00+00:00", "title": "La science secr\u00e8te des nazis"}, {"desc": null, "start_date": "2026-09-03T21:10:00+00:00", "title": "La science secr\u00e8te des nazis"}, {"desc": "Au d\u00e9but de la Seconde Guerre mondiale, scientifiques, politiques et services secrets s'engagent dans une bataille afin de r\u00e9cup\u00e9rer l'eau lourde, \u00e9l\u00e9ment essentiel \u00e0 la fabrication de la premi\u00e8re bombe atomique de l'histoire. C'est un des \u00e9pisodes les plus secrets du conflit. Mais le IIIe Reich n'aura pas la bombe car r\u00e9sistants norv\u00e9giens, savants fran\u00e7ais et chercheurs am\u00e9ricains se mobiliseron", "start_date": "2026-09-03T21:55:00+00:00", "title": "Le IIIe Reich n'aura pas la bombe"}, {"desc": "Le 14 mai 1941, 3747 juifs \u00e9trangers sont arr\u00eat\u00e9s par la police parisienne lors de la rafle dite du \"billet vert\", la premi\u00e8re en France. Plus de huit d\u00e9cennies apr\u00e8s ce drame, un reportage photo sans \u00e9quivalent vient d'\u00eatre miraculeusement retrouv\u00e9. Cette centaine de clich\u00e9s pris par les services de propagande allemands documentent cette matin\u00e9e au cours de laquelle ces hommes ont \u00e9t\u00e9 arr\u00eat\u00e9s et ", "start_date": "2026-09-03T22:50:00+00:00", "title": "1941, les secrets de la rafle du billet vert"}, {"desc": "D\u00e9but 1998, l'Asie est frapp\u00e9e par une violente crise \u00e9conomique : en Indon\u00e9sie, des manifestations poussent le pr\u00e9sident Suharto \u00e0 la d\u00e9mission.", "start_date": "2026-09-03T23:55:00+00:00", "title": "Le si\u00e8cle de l'Asie"}], "offset": "+00:00", "timezone": "UTC", "error_code": -1, "start_date": "2026-09-02", "icon": ""}