{"end_date": "2026-09-02", "name": "Histoire", "info_url": "https://epg.pw/channels/459200/20260901.html", "country": "France", "description": null, "error_message": "", "provider": "", "source_url": "https://epg.pw/api/epg.json?channel_id=459200&date=20260901&timezone=None", "epg_list": [{"desc": "Suite \u00e0 son \u00e9lection en 1960, Kennedy confie l'organisation de son gala d'investiture \u00e0 Frank Sinatra. Les relations entre les deux hommes se d\u00e9t\u00e9riorent quand le pr\u00e9sident doit rompre avec le milieu mafieux, notamment Sam Giancana, qui avait soutenu sa campagne. Cette rupture, sur r\u00e9v\u00e9lations du FBI d'une liaison commune, met fin \u00e0 leur amiti\u00e9. L'assassinat de Kennedy laissera Sinatra inconsolabl", "start_date": "2026-09-01T00:00:00+00:00", "title": "Kennedy et Sinatra, la mafia en h\u00e9ritage"}, {"desc": "A l'occasion du 75e anniversaire de la Capitulation, le documentariste Michael Wadding retrace les \u00e9v\u00e9nements du 8 mai 1945 tels qu'ils se sont d\u00e9roul\u00e9s \u00e0 travers le monde. Des moments cl\u00e9s, comme la reddition de toutes les forces allemandes, aux histoires intimes de soldats quittant les camps de prisonniers de guerre pour entrer dans une \u00e8re de paix, ce document propose le r\u00e9cit d'une journ\u00e9e pas", "start_date": "2026-09-01T00:45:00+00:00", "title": "Le 8 mai 45, heure par heure"}, {"desc": "Le 11 novembre 1942, les troupes allemandes franchissent la ligne de d\u00e9marcation en r\u00e9action au d\u00e9barquement des Alli\u00e9s en Afrique du Nord. Les Fran\u00e7ais de la zone non occup\u00e9e vont vivre \u00e0 leur tour au rythme des uniformes allemands et des tourments de l'occupation. C'est dans cette zone dite \"libre\" qu'est diffus\u00e9, d'octobre 1940 \u00e0 ao\u00fbt 1942 le journal France Actualit\u00e9s Path\u00e9-Gaumont, les soci\u00e9t\u00e9", "start_date": "2026-09-01T01:30:00+00:00", "title": "Au royaume du Mar\u00e9chal"}, {"desc": "Tout le monde conna\u00eet James Bond et ses gadgets. Au-del\u00e0 de la fiction, cette s\u00e9rie documentaire explore les progr\u00e8s de la panoplie technologique de l'espion-type au fil des d\u00e9cennies. Codes secrets, instruments de surveillance, poisons mortels : tous les aspects du m\u00e9tier sont abord\u00e9s dans les huit \u00e9pisodes de cette saison.", "start_date": "2026-09-01T03:05:00+00:00", "title": "L'art de l'espionnage"}, {"desc": "En 1770, \u00e0 14 ans \u00e0 peine, l'archiduchesse d'Autriche, Maria Antonia Anna Josepha Joana de Habsbourg-Lorraine, devient Dauphine de France, apr\u00e8s son mariage par procuration avec Louis XVI. Le 16 octobre 1793, le tribunal r\u00e9volutionnaire reconna\u00eet Marie-Antoinette coupable de coop\u00e9ration avec les puissances \u00e9trang\u00e8res : elle est condamn\u00e9e \u00e0 la peine de mort.", "start_date": "2026-09-01T04:00:00+00:00", "title": "L'ombre d'un doute"}, {"desc": "Louis XVII, le fils du roi Louis XVI et de Marie-Antoinette est mort le 8 juin 1795 \u00e0 la prison du Temple, \u00e0 Paris, Une analyse ADN r\u00e9alis\u00e9e en 2000 atteste son parcours.", "start_date": "2026-09-01T04:55:00+00:00", "title": "L'ombre d'un doute"}, {"desc": "En 1985, \u00e0 bord du Rainbow Warrior, Bunny McDiarmid et Peter Willcox m\u00e8nent une campagne contre les essais nucl\u00e9aires dans le Pacifique Sud. Leur mission de protection des \u00eeles oc\u00e9aniennes s'interrompt brutalement dans le port d'Auckland quand deux charges explosives d\u00e9truisent le bateau de Greenpeace. L'attentat co\u00fbte la vie \u00e0 un photographe et r\u00e9v\u00e8le l'ampleur des tensions environnementales.", "start_date": "2026-09-01T06:45:00+00:00", "title": "Rainbow Warrior : meurtre dans le Pacifique"}, {"desc": "Le Rainbow Warrior, navire de Greenpeace, est d\u00e9truit par une explosion dans le port d'Auckland en juillet 1985, causant la mort d'un photographe. Face \u00e0 cet acte terroriste sans pr\u00e9c\u00e9dent, la police n\u00e9o-z\u00e9landaise lance sa plus grande enqu\u00eate. Les enqu\u00eateurs d\u00e9couvrent rapidement des indices r\u00e9v\u00e9lant une op\u00e9ration minutieusement planifi\u00e9e, depuis la surveillance du navire jusqu'\u00e0 son sabotage.", "start_date": "2026-09-01T07:25:00+00:00", "title": "Rainbow Warrior : meurtre dans le Pacifique"}, {"desc": "L'attentat contre le Rainbow Warrior dans le port d'Auckland le 10 juillet 1985 co\u00fbte la vie \u00e0 un photographe. L'enqu\u00eate polici\u00e8re n\u00e9o-z\u00e9landaise pi\u00e9tine jusqu'\u00e0 ce que des investigations journalistiques fran\u00e7aises d\u00e9voilent l'implication des services secrets de l'Hexagone dans le sabordage du navire de Greenpeace. Les r\u00e9percussions diplomatiques \u00e9branlent les plus hautes sph\u00e8res du pouvoir fran\u00e7a", "start_date": "2026-09-01T08:10:00+00:00", "title": "Rainbow Warrior : meurtre dans le Pacifique"}, {"desc": "La victoire de la Luftwaffe dans la bataille d'Angleterre aurait expos\u00e9 la Grande-Bretagne \u00e0 une invasion allemande mais le combat a \u00e9t\u00e9 remport\u00e9 par la RAF.", "start_date": "2026-09-01T09:00:00+00:00", "title": "Les batailles mythiques de la Seconde Guerre mondiale"}, {"desc": "L'attaque surprise men\u00e9e par le Japon sur la base navale am\u00e9ricaine de Pearl Harbor, le 7 d\u00e9cembre 1941, a pr\u00e9cipit\u00e9 l'entr\u00e9e en guerre des Etats-Unis.", "start_date": "2026-09-01T09:45:00+00:00", "title": "Les batailles mythiques de la Seconde Guerre mondiale"}, {"desc": "Le 6 juin 1944, une op\u00e9ration amphibie d'une ampleur in\u00e9dite permet aux Alli\u00e9s de d\u00e9barquer en Normandie, d\u00e9butant ainsi la lib\u00e9ration de la France.", "start_date": "2026-09-01T10:30:00+00:00", "title": "Les batailles mythiques de la Seconde Guerre mondiale"}, {"desc": "Dans cet \u00e9pisode, le th\u00e9\u00e2tre de la Tour Eiffel devient le cadre introspectif des derni\u00e8res heures d'une personnalit\u00e9 historique marquante : Indira Gandhi, premi\u00e8re femme Premier ministre de l'Inde. A travers une narration riche en d\u00e9tails, Franck Ferrand transporte les t\u00e9l\u00e9spectateurs dans le pass\u00e9 pour explorer les circonstances entourant son tragique assassinat.", "start_date": "2026-09-01T11:35:00+00:00", "title": "Les derni\u00e8res heures..."}, {"desc": "Dans cette collection de documentaires, seul, sur la sc\u00e8ne du th\u00e9\u00e2tre de la Tour Eiffel, Franck Ferrand nous embarque dans des histoires incroyables en nous contant, dans chaque \u00e9pisode, les derni\u00e8res heures d'un personnage historique ou d'un \u00e9v\u00e9nement embl\u00e9matique.", "start_date": "2026-09-01T12:05:00+00:00", "title": "Les derni\u00e8res heures..."}, {"desc": "Dans cette collection de documentaires, seul, sur la sc\u00e8ne du th\u00e9\u00e2tre de la Tour Eiffel, Franck Ferrand nous embarque dans des histoires incroyables en nous contant, dans chaque \u00e9pisode, les derni\u00e8res heures d'un personnage historique ou d'un \u00e9v\u00e9nement embl\u00e9matique.", "start_date": "2026-09-01T12:35:00+00:00", "title": "Les derni\u00e8res heures..."}, {"desc": "Retour sur la fin \u00e9nigmatique de Cl\u00e9op\u00e2tre, reine \u00e9gyptienne l\u00e9gendaire. Franck Ferrand d\u00e9peint la trag\u00e9die de Cl\u00e9op\u00e2tre \u00e0 travers les r\u00e9cits historiques, mettant en lumi\u00e8re les intrigues politiques, les relations tumultueuses et le destin singulier de la derni\u00e8re pharaonne d'\u00c9gypte.", "start_date": "2026-09-01T13:05:00+00:00", "title": "Les derni\u00e8res heures..."}, {"desc": "Dans cette collection de documentaires, seul, sur la sc\u00e8ne du th\u00e9\u00e2tre de la Tour Eiffel, Franck Ferrand nous embarque dans des histoires incroyables en nous contant, dans chaque \u00e9pisode, les derni\u00e8res heures d'un personnage historique ou d'un \u00e9v\u00e9nement embl\u00e9matique.", "start_date": "2026-09-01T13:35:00+00:00", "title": "Les derni\u00e8res heures..."}, {"desc": "Des autopsies reconstitu\u00e9es r\u00e9v\u00e8lent les secrets entourant la mort de plusieurs souverains britanniques. Ces cas sont examin\u00e9s par la professeure Alice Roberts, anatomiste, ost\u00e9o-arch\u00e9ologue et anthropologue. Epaul\u00e9e par des historiens et sp\u00e9cialistes en m\u00e9decine l\u00e9gale, elle d\u00e9voile les v\u00e9ritables circonstances du d\u00e9c\u00e8s de ces monarques dont la fin demeurait jusqu'alors myst\u00e9rieuse.", "start_date": "2026-09-01T14:10:00+00:00", "title": "Autopsie royale"}, {"desc": null, "start_date": "2026-09-01T14:55:00+00:00", "title": "Gr\u00e8ce antique, les chroniques de l'ombre"}, {"desc": null, "start_date": "2026-09-01T15:50:00+00:00", "title": "Gr\u00e8ce antique, les chroniques de l'ombre"}, {"desc": null, "start_date": "2026-09-01T16:45:00+00:00", "title": "Gr\u00e8ce antique, les chroniques de l'ombre"}, {"desc": "Elles \u00e9taient m\u00e8res, jeunes filles, r\u00e9sistantes et communistes pour la plupart. Leur \"crime\" : avoir dit non \u00e0 la barbarie nazie. En janvier 1943, elles ont \u00e9t\u00e9 d\u00e9port\u00e9es dans le seul train de Fran\u00e7aises non-juives \u00e0 destination du camp de concentration et d'extermination d'Auschwitz-Birkenau. En tout, 231 femmes sont parties, et seulement 49 sont revenues. Elles sont les survivantes d'un groupe q", "start_date": "2026-09-01T17:40:00+00:00", "title": "Matricule 31000, le courage des ombres"}, {"desc": "Au d\u00e9but de la Seconde Guerre mondiale, scientifiques, politiques et services secrets s'engagent dans une bataille afin de r\u00e9cup\u00e9rer l'eau lourde, \u00e9l\u00e9ment essentiel \u00e0 la fabrication de la premi\u00e8re bombe atomique de l'histoire. C'est un des \u00e9pisodes les plus secrets du conflit. Mais le IIIe Reich n'aura pas la bombe car r\u00e9sistants norv\u00e9giens, savants fran\u00e7ais et chercheurs am\u00e9ricains se mobiliseron", "start_date": "2026-09-01T18:50:00+00:00", "title": "Le IIIe Reich n'aura pas la bombe"}, {"desc": "Le 14 mai 1941, 3747 juifs \u00e9trangers sont arr\u00eat\u00e9s par la police parisienne lors de la rafle dite du \"billet vert\", la premi\u00e8re en France. Plus de huit d\u00e9cennies apr\u00e8s ce drame, un reportage photo sans \u00e9quivalent vient d'\u00eatre miraculeusement retrouv\u00e9. Cette centaine de clich\u00e9s pris par les services de propagande allemands documentent cette matin\u00e9e au cours de laquelle ces hommes ont \u00e9t\u00e9 arr\u00eat\u00e9s et ", "start_date": "2026-09-01T19:45:00+00:00", "title": "1941, les secrets de la rafle du billet vert"}, {"desc": "Pers\u00e9cut\u00e9s, d\u00e9port\u00e9s et frapp\u00e9s d'un triangle rose quand les juifs portaient une \u00e9toile jaune, des hommes et des femmes ont \u00e9t\u00e9 cibl\u00e9s par le IIIe Reich uniquement en raison de leur orientation sexuelle. Bas\u00e9 sur des archives r\u00e9cemment d\u00e9couvertes et les derni\u00e8res recherches historiques, ce film d\u00e9taille les m\u00e9canismes de r\u00e9pression mis en place par le r\u00e9gime nazi contre les lesbiennes et les homo", "start_date": "2026-09-01T20:45:00+00:00", "title": "Homosexuels et lesbiennes face au nazisme"}, {"desc": "Mars 1944, une fillette rentre de l'\u00e9cole, trouve des scell\u00e9s sur la porte close de la maison familiale. La voix d'une enfant de 12 ans raconte l'histoire de la famille Cahn.", "start_date": "2026-09-01T21:45:00+00:00", "title": "Le cahier de Dani\u00e8le Kahn"}, {"desc": "Au d\u00e9but de la Seconde Guerre mondiale, le Corps exp\u00e9ditionnaire britannique et d'autres troupes alli\u00e9es ont \u00e9t\u00e9 sauv\u00e9s du port maritime fran\u00e7ais de Dunkerque et emmen\u00e9s de l'autre c\u00f4t\u00e9 de la Manche, en Angleterre. Nick Mavroidakis d\u00e9voile les secrets de cette \u00e9vacuation, l'encerclement des troupes fran\u00e7aises par les Allemands, ainsi que l'histoire des 38 000 hommes qui ont \u00e9t\u00e9 abandonn\u00e9s. Par ail", "start_date": "2026-09-01T22:40:00+00:00", "title": "Les batailles mythiques de la Seconde Guerre mondiale"}, {"desc": "Le 6 juin 1944, une op\u00e9ration amphibie d'une ampleur in\u00e9dite permet aux Alli\u00e9s de d\u00e9barquer en Normandie, d\u00e9butant ainsi la lib\u00e9ration de la France.", "start_date": "2026-09-01T23:25:00+00:00", "title": "Les batailles mythiques de la Seconde Guerre mondiale"}, {"desc": "Communiste, r\u00e9sistante, d\u00e9port\u00e9e, Marie-Claude Vaillant-Couturier est l'une des grandes h\u00e9ro\u00efnes du XXe si\u00e8cle. Fille d'un patron de presse et d'une chroniqueuse de mode, celle qu'on surnommait Ma\u00efco devient reporter photographe et embrasse la lutte des classes en m\u00eame temps qu'elle s'\u00e9prend d'une des figures du Front populaire, Paul Vaillant-Couturier. Pendant la Seconde Guerre mondiale, elle s'e", "start_date": "2026-09-02T00:10:00+00:00", "title": "Ma\u00efco : Marie-Claude Vaillant-Couturier, la r\u00e9volt\u00e9e"}, {"desc": "En mai 1944, pr\u00e8s de 424 Juifs hongrois sont d\u00e9port\u00e9s et extermin\u00e9s \u00e0 Auschwitz-Birkenau. Des images subsistent de ce crime : les clich\u00e9s pris par Bernhard Walter, un soldat de la SS charg\u00e9 de photographier les d\u00e9port\u00e9s \u00e0 leur arriv\u00e9e dans le camp, et que les nazis n'ont pas eu le temps de d\u00e9truire. Ils sont conserv\u00e9s dans un album d\u00e9pos\u00e9 \u00e0 l'Institut international pour la m\u00e9moire de la Shoah, \u00e0 J", "start_date": "2026-09-02T01:15:00+00:00", "title": "Un jour \u00e0 Auschwitz"}, {"desc": "N\u00e9e dans une famille de la bourgeoisie juive dans la Vienne de la fin du XIXe si\u00e8cle, Alice Urbach doit subvenir seule aux besoins de ses enfants apr\u00e8s le d\u00e9c\u00e8s de son \u00e9poux. Passionn\u00e9e de gastronomie, elle ouvre une \u00e9cole de cuisine. En 1935, elle publie un livre intitul\u00e9 \"C'est comme \u00e7a qu'on cuisine \u00e0 Vienne\" qui conna\u00eet un \u00e9norme succ\u00e8s. Mais, en mars 1938, Hitler annexe l'Autriche, et Alice U", "start_date": "2026-09-02T02:45:00+00:00", "title": "Comment les nazis ont spoli\u00e9 ma grand-m\u00e8re : l'histoire du livre de cuisine d'Alice"}, {"desc": "Retour sur la fin \u00e9nigmatique de Cl\u00e9op\u00e2tre, reine \u00e9gyptienne l\u00e9gendaire. Franck Ferrand d\u00e9peint la trag\u00e9die de Cl\u00e9op\u00e2tre \u00e0 travers les r\u00e9cits historiques, mettant en lumi\u00e8re les intrigues politiques, les relations tumultueuses et le destin singulier de la derni\u00e8re pharaonne d'\u00c9gypte.", "start_date": "2026-09-02T04:00:00+00:00", "title": "Les derni\u00e8res heures..."}, {"desc": "Dans cet \u00e9pisode, le th\u00e9\u00e2tre de la Tour Eiffel devient le cadre introspectif des derni\u00e8res heures d'une personnalit\u00e9 historique marquante : Indira Gandhi, premi\u00e8re femme Premier ministre de l'Inde. A travers une narration riche en d\u00e9tails, Franck Ferrand transporte les t\u00e9l\u00e9spectateurs dans le pass\u00e9 pour explorer les circonstances entourant son tragique assassinat.", "start_date": "2026-09-02T04:25:00+00:00", "title": "Les derni\u00e8res heures..."}, {"desc": "Dans cette collection de documentaires, seul, sur la sc\u00e8ne du th\u00e9\u00e2tre de la Tour Eiffel, Franck Ferrand nous embarque dans des histoires incroyables en nous contant, dans chaque \u00e9pisode, les derni\u00e8res heures d'un personnage historique ou d'un \u00e9v\u00e9nement embl\u00e9matique.", "start_date": "2026-09-02T05:00:00+00:00", "title": "Les derni\u00e8res heures..."}, {"desc": "Dans cette collection de documentaires, seul, sur la sc\u00e8ne du th\u00e9\u00e2tre de la Tour Eiffel, Franck Ferrand nous embarque dans des histoires incroyables en nous contant, dans chaque \u00e9pisode, les derni\u00e8res heures d'un personnage historique ou d'un \u00e9v\u00e9nement embl\u00e9matique.", "start_date": "2026-09-02T05:30:00+00:00", "title": "Les derni\u00e8res heures..."}, {"desc": "Dans cette collection de documentaires, seul, sur la sc\u00e8ne du th\u00e9\u00e2tre de la Tour Eiffel, Franck Ferrand nous embarque dans des histoires incroyables en nous contant, dans chaque \u00e9pisode, les derni\u00e8res heures d'un personnage historique ou d'un \u00e9v\u00e9nement embl\u00e9matique.", "start_date": "2026-09-02T06:05:00+00:00", "title": "Les derni\u00e8res heures..."}, {"desc": "Dans cette collection de documentaires, seul, sur la sc\u00e8ne du th\u00e9\u00e2tre de la Tour Eiffel, Franck Ferrand nous embarque dans des histoires incroyables en nous contant, dans chaque \u00e9pisode, les derni\u00e8res heures d'un personnage historique ou d'un \u00e9v\u00e9nement embl\u00e9matique.", "start_date": "2026-09-02T06:35:00+00:00", "title": "Les derni\u00e8res heures..."}, {"desc": "L'histoire sombre et m\u00e9connue des foyers et cit\u00e9s d'h\u00e9bergement mis en place par l'Etat fran\u00e7ais pour loger, isoler, et surveiller les immigr\u00e9s pendant les Trente Glorieuses.", "start_date": "2026-09-02T07:10:00+00:00", "title": "Une vie en transit ou l'illusion du provisoire"}, {"desc": "La derni\u00e8re g\u00e9n\u00e9ration de Pieds-Noirs est en train de dispara\u00eetre. Leurs enfants, n\u00e9s apr\u00e8s l'ind\u00e9pendance, se retrouvent d\u00e9positaires d'une histoire qu'ils n'ont pas v\u00e9cue, d'un r\u00e9cit partiel ou confus, d'un h\u00e9ritage parfois lourd \u00e0 porter. C'est le cas de Muriel, Nicolas, Mathilde, Rapha\u00ebl, Emilie et Guillaume. La terre de leurs origines n'existe plus, elle s'est dissoute dans le tragique de l'H", "start_date": "2026-09-02T08:10:00+00:00", "title": "Enfants de Pieds-Noirs, enfants du divorce"}, {"desc": "Les enfants de Pieds-Noirs, n\u00e9s apr\u00e8s l'Ind\u00e9pendance, se retrouvent d\u00e9positaires d'une histoire qu'ils n'ont pas v\u00e9cue, d'un r\u00e9cit partiel et d'un h\u00e9ritage parfois lourd \u00e0 porter.", "start_date": "2026-09-02T09:00:00+00:00", "title": "Enfants de Pieds-Noirs, enfants du divorce"}, {"desc": "Au cours de la Seconde Guerre mondiale, les Allemands ont bombard\u00e9 la Grande-Bretagne pour tenter de paralyser l'effort de guerre des Alli\u00e9s. Le pays s'est ressaisi et est rest\u00e9 fort pendant que les bombes pleuvaient.", "start_date": "2026-09-02T09:55:00+00:00", "title": "Les batailles mythiques de la Seconde Guerre mondiale"}, {"desc": "De Dunkerque au Jour J, le r\u00e9cit des batailles les plus cruciales de la Seconde Guerre mondiale, avec des t\u00e9moignages et des images d'archives.", "start_date": "2026-09-02T10:40:00+00:00", "title": "Les batailles mythiques de la Seconde Guerre mondiale"}, {"desc": "Alors que la police enqu\u00eatait sur la disparition de la riche veuve Olive Durand Deacon, elle n'aurait pas pu imaginer les aveux de l'homme qu'elle interrogeait.", "start_date": "2026-09-02T11:35:00+00:00", "title": "Itin\u00e9raire d'un crime"}, {"desc": "Au cours de l'\u00e9t\u00e9 1953, le monde a assist\u00e9 au couronnement de la reine Elizabeth II or, la veille de la c\u00e9r\u00e9monie, le corps d'une adolescente a \u00e9t\u00e9 retrouv\u00e9 flottant dans la Tamise.", "start_date": "2026-09-02T12:20:00+00:00", "title": "Itin\u00e9raire d'un crime"}, {"desc": "Cette s\u00e9rie d\u00e9voile des reconstitutions extraordinaires appuy\u00e9es par des sources d'archives qui prouvent comment les policiers britanniques ont traduit en justice les plus d\u00e9testables meurtriers.", "start_date": "2026-09-02T13:05:00+00:00", "title": "Itin\u00e9raire d'un crime"}, {"desc": "Dans la Rome baroque du XVIIe si\u00e8cle, Le Bernin et Borromini se livrent une rivalit\u00e9 artistique sans merci. L'un adul\u00e9 et combl\u00e9 de faveurs papales, l'autre tourment\u00e9 par ses d\u00e9mons int\u00e9rieurs, ils m\u00e9tamorphosent la ville par leurs cr\u00e9ations r\u00e9volutionnaires. Cette comp\u00e9tition, marqu\u00e9e par la trahison et l'ambition, s'ach\u00e8ve tragiquement lorsque Borromini, rong\u00e9 par ses tourments, met fin \u00e0 ses jo", "start_date": "2026-09-02T13:50:00+00:00", "title": "Borromini et Le Bernin, duel baroque \u00e0 Rome"}, {"desc": "En Norv\u00e8ge, des arch\u00e9ologues, des experts m\u00e9di\u00e9vaux et des constructeurs locaux de bateaux se sont r\u00e9unis pour explorer les secrets que cachent les restes de navires vikings, vieux de plusieurs si\u00e8cles, et les textes des anciennes sagas nordiques. Leur objectif ? Concevoir et construire le plus grand navire de plaisance viking jamais imagin\u00e9.", "start_date": "2026-09-02T15:35:00+00:00", "title": "Vikings : l'aventure am\u00e9ricaine"}, {"desc": "En Norv\u00e8ge, des arch\u00e9ologues, des experts m\u00e9di\u00e9vaux et des constructeurs locaux de bateaux se sont r\u00e9unis pour explorer les secrets que cachent les restes de navires vikings, vieux de plusieurs si\u00e8cles, et les textes des anciennes sagas nordiques. Leur objectif ? Concevoir et construire le plus grand navire de plaisance viking jamais imagin\u00e9.", "start_date": "2026-09-02T16:20:00+00:00", "title": "Vikings : l'aventure am\u00e9ricaine"}, {"desc": "En Norv\u00e8ge, des arch\u00e9ologues, des experts m\u00e9di\u00e9vaux et des constructeurs locaux de bateaux se sont r\u00e9unis pour explorer les secrets que cachent les restes de navires vikings, vieux de plusieurs si\u00e8cles, et les textes des anciennes sagas nordiques. Leur objectif ? Concevoir et construire le plus grand navire de plaisance viking jamais imagin\u00e9.", "start_date": "2026-09-02T17:05:00+00:00", "title": "Vikings : l'aventure am\u00e9ricaine"}, {"desc": "En 1519, l'explorateur portugais Fernand de Magellan et ses hommes entreprennent une exp\u00e9dition capitale. Comme Christophe Colomb avant lui, il part \u00e0 la recherche d'une route maritime par l'ouest vers le l\u00e9gendaire archipel des Moluques, en Asie. Magellan va conduire son \u00e9quipage vers des terres jamais foul\u00e9es auparavant.", "start_date": "2026-09-02T17:50:00+00:00", "title": "Magellan sur la route des \u00e9pices"}, {"desc": "12 octobre 2000. Lors de son ravitaillement en carburant dans le port d'Aden, au Y\u00e9men, le destroyer am\u00e9ricain USS Cole est attaqu\u00e9 par deux terroristes islamistes \u00e0 bord d'une embarcation pi\u00e9g\u00e9e. L'op\u00e9ration est command\u00e9e par Oussama Ben Laden. Cet attentat-suicide entra\u00eene la mort de 17 marins, dont deux femmes, et des blessures graves chez 39 autres. C'est la premi\u00e8re fois qu'Al-Qa\u00efda cible dir", "start_date": "2026-09-02T18:50:00+00:00", "title": "USS Cole, les pr\u00e9mices du 11 septembre"}, {"desc": "12 octobre 2000. Lors de son ravitaillement en carburant dans le port d'Aden, au Y\u00e9men, le destroyer am\u00e9ricain USS Cole est attaqu\u00e9 par deux terroristes islamistes \u00e0 bord d'une embarcation pi\u00e9g\u00e9e. L'op\u00e9ration est command\u00e9e par Oussama Ben Laden. Cet attentat-suicide entra\u00eene la mort de 17 marins, dont deux femmes, et des blessures graves chez 39 autres. C'est la premi\u00e8re fois qu'Al-Qa\u00efda cible dir", "start_date": "2026-09-02T19:40:00+00:00", "title": "USS Cole, les pr\u00e9mices du 11 septembre"}, {"desc": "12 octobre 2000. Lors de son ravitaillement en carburant dans le port d'Aden, au Y\u00e9men, le destroyer am\u00e9ricain USS Cole est attaqu\u00e9 par deux terroristes islamistes \u00e0 bord d'une embarcation pi\u00e9g\u00e9e. L'op\u00e9ration est command\u00e9e par Oussama Ben Laden. Cet attentat-suicide entra\u00eene la mort de 17 marins, dont deux femmes, et des blessures graves chez 39 autres. C'est la premi\u00e8re fois qu'Al-Qa\u00efda cible dir", "start_date": "2026-09-02T20:30:00+00:00", "title": "USS Cole, les pr\u00e9mices du 11 septembre"}, {"desc": "A l'aube du premier conflit mondial, l'aviation n'en est qu'\u00e0 ses d\u00e9buts. Rapidement l'aviation de reconnaissance se m\u00eale aux combats, dans des batailles de plus en plus \u00e2pres.", "start_date": "2026-09-02T21:20:00+00:00", "title": "L\u00e9gendes du ciel"}, {"desc": "Voler, peu de r\u00eaves humains ont suscit\u00e9 autant d'efforts et de t\u00e9nacit\u00e9 ! Con\u00e7ue comme une fresque \u00e9pique, L\u00c9GENDES DU CIEL retrace une incroyable \u00e9pop\u00e9e de l'aviation. En 1916, les batailles de Verdun et de la Somme dans lesquelles s'affrontent les trois plus grandes puissances mondiales marquent un grand tournant dans l'histoire de l'aviation militaire. Les premi\u00e8res tactiques militaires a\u00e9rienn", "start_date": "2026-09-02T22:15:00+00:00", "title": "L\u00e9gendes du ciel"}, {"desc": "La Stasi a tiss\u00e9 un vaste r\u00e9seau d'espionnage au Royaume-Uni pendant la guerre froide. La journaliste britannique Julie Etchingham examine les archives d\u00e9classifi\u00e9es pour r\u00e9v\u00e9ler les activit\u00e9s de la police secr\u00e8te est-allemande sur le territoire britannique. Tandis que Berlin a ouvert ses dossiers il y a trente ans, l'identit\u00e9 des informateurs locaux reste encore secr\u00e8te, posant la question des ra", "start_date": "2026-09-02T23:10:00+00:00", "title": "Stasi, espionnage \u00e0 l'anglaise"}, {"desc": "Marcus Klingberg, mort \u00e0 Paris en 2015 apr\u00e8s 20 ans de prison en Isra\u00ebl, \u00e9tait l'espion le plus dangereux de son pays. Juif polonais engag\u00e9 dans l'Arm\u00e9e rouge pour fuir la Shoah et v\u00e9t\u00e9ran de l'ind\u00e9pendance d'Isra\u00ebl, le professeur Klingberg a \u00e9t\u00e9 pendant trente ans \u00e0 la t\u00eate du programme secret d'armes bact\u00e9riologiques isra\u00e9lien. Nul ne se doutait alors qu'il \u00e9tait la taupe num\u00e9ro un du KGB. Les m", "start_date": "2026-09-02T23:55:00+00:00", "title": "Marcus Klingberg, un pur espion"}], "offset": "+00:00", "timezone": "UTC", "error_code": -1, "start_date": "2026-09-01", "icon": ""}