{"end_date": "2026-09-02", "name": "RAI 1", "info_url": "https://epg.pw/channels/459199/20260901.html", "country": "France", "description": null, "error_message": "", "provider": "", "source_url": "https://epg.pw/api/epg.json?channel_id=459199&date=20260901&timezone=None", "epg_list": [{"desc": null, "start_date": "2026-09-01T00:05:00+00:00", "title": "Provaci ancora prof!"}, {"desc": "Rex met en sc\u00e8ne une unit\u00e9 de police criminelle \u00e0 Vienne puis Rome et notamment le duo infaillible d'un inspecteur et de son berger allemand, Rex. Les sc\u00e9naristes ont trait\u00e9 plusieurs aspects de la criminalit\u00e9: crimes passionnels, de psychopathes, par accident, crapuleux, mafieux, etc...; et divers probl\u00e8mes de soci\u00e9t\u00e9 occupent \u00e9galement le devant de la sc\u00e8ne dans l'un ou l'autre \u00e9pisode: alcoolis", "start_date": "2026-09-01T01:45:00+00:00", "title": "Il commissario Rex"}, {"desc": null, "start_date": "2026-09-01T02:30:00+00:00", "title": "RAInews24"}, {"desc": null, "start_date": "2026-09-01T04:00:00+00:00", "title": "1mattina News"}, {"desc": "Lo spazio dedicato a chi si mette in viaggio. Informazioni su viabilit\u00e0, condizioni meteorologiche, interruzioni stradali e percorsi alternativi con aggiornamenti in tempo reale.", "start_date": "2026-09-01T04:25:00+00:00", "title": "Previsioni sulla viabilit\u00e0"}, {"desc": null, "start_date": "2026-09-01T04:30:00+00:00", "title": "TG1"}, {"desc": null, "start_date": "2026-09-01T04:35:00+00:00", "title": "1mattina News"}, {"desc": null, "start_date": "2026-09-01T04:55:00+00:00", "title": "Che tempo fa"}, {"desc": null, "start_date": "2026-09-01T05:00:00+00:00", "title": "TG1"}, {"desc": null, "start_date": "2026-09-01T05:10:00+00:00", "title": "1mattina News"}, {"desc": null, "start_date": "2026-09-01T06:00:00+00:00", "title": "TG1"}, {"desc": null, "start_date": "2026-09-01T06:30:00+00:00", "title": "Che tempo fa"}, {"desc": "Il programma della mattina di Rai1 che racconta l'attualit\u00e0 italiana ed estera. Cronaca, politica, cultura, spettacolo, medicina, economia, senza tralasciare l'approfondimento degli argomenti dell'agenda sociale, reportage e speciali.", "start_date": "2026-09-01T06:35:00+00:00", "title": "Unomattina"}, {"desc": "Il telegiornale di Rai 1 con interpretazione in Lingua dei Segni Italiana (LIS), che offre aggiornamenti su politica, cronaca, economia, esteri e cultura, rendendo le notizie accessibili a tutti.", "start_date": "2026-09-01T07:00:00+00:00", "title": "TG1 L.I.S."}, {"desc": "Il programma della mattina di Rai1 che racconta l'attualit\u00e0 italiana ed estera. Cronaca, politica, cultura, spettacolo, medicina, economia, senza tralasciare l'approfondimento degli argomenti dell'agenda sociale, reportage e speciali.", "start_date": "2026-09-01T07:05:00+00:00", "title": "Unomattina"}, {"desc": "Vittorio Brumotti esplora l'Italia in camper e in bicicletta insieme al fedele Patricio, alla scoperta di storie e luoghi autentici del nostro Paese. Con la partecipazione di Monica Caradonna.", "start_date": "2026-09-01T09:20:00+00:00", "title": "Italia A/R"}, {"desc": "RUBRICA - Camper Osteria Italia porta gli italiani in un viaggio nel cuore pulsante delle tradizioni gastronomiche italiane: le osterie. Tra sapori autentici, sfide culinarie e collegamenti dai territori, racconta la ricchez - za della nostra cucina e dei borghi d'Italia con allegria e convivialit\u00e0. - Conduce Peppone Da un'idea di Angelo Mellone Un programma di Andrea Caterini Produttore Esecutivo", "start_date": "2026-09-01T09:50:00+00:00", "title": "Camper Osteria Italia"}, {"desc": null, "start_date": "2026-09-01T11:30:00+00:00", "title": "Telegiornale"}, {"desc": "Emma \u00e8 una donna costretta a rimettersi in gioco per far fronte agli avvenimenti che travolgono senza preavviso la sua vita e che le impongono una scelta coraggiosa: abbandonare gli agi e le comodit\u00e0 della vita borghese per trasferirsi da Milano, insieme alle tre figlie, sull'Isola di Ponza, un luogo inizialmente ostile, sconosciuto, nel quale per\u00f2 lentamente riuscir\u00e0 a ritrovare se stessa.", "start_date": "2026-09-01T12:05:00+00:00", "title": "Un'altra vita"}, {"desc": null, "start_date": "2026-09-01T14:00:00+00:00", "title": "TG1"}, {"desc": null, "start_date": "2026-09-01T14:05:00+00:00", "title": "Che tempo fa"}, {"desc": "Alberto Matano conduce la storica trasmissione pomeridiana di Rai1 che racconta la realt\u00e0 quotidiana tra fatti di cronaca e storie di attualit\u00e0.", "start_date": "2026-09-01T14:10:00+00:00", "title": "La vita in diretta"}, {"desc": null, "start_date": "2026-09-01T16:40:00+00:00", "title": "Reazione a catena"}, {"desc": null, "start_date": "2026-09-01T18:00:00+00:00", "title": "Telegiornale"}, {"desc": null, "start_date": "2026-09-01T18:30:00+00:00", "title": "L'Eredit\u00e0"}, {"desc": null, "start_date": "2026-09-01T19:30:00+00:00", "title": "La legge di Lidia Po\u00ebt"}, {"desc": "Une femme donne voix au texte \"Les Ann\u00e9es\" d'Annie Ernaux, quelques fragments recueillis sur les rivages d'une Sardaigne intemporelle. Ni les mots ni les images ne pr\u00e9tendent en raconter toute l'histoire : les lieux du pass\u00e9 \u00e9mergent comme les r\u00e9verb\u00e9rations d'une m\u00e9moire fragmentaire et mouvante, baign\u00e9e d'une lumi\u00e8re nouvelle. Pr\u00e9sent\u00e9 \u00e0 la Mostra de Venise en 2018.", "start_date": "2026-09-01T21:20:00+00:00", "title": "Gli Anni"}, {"desc": null, "start_date": "2026-09-01T21:55:00+00:00", "title": "TG1 Sera"}, {"desc": null, "start_date": "2026-09-01T23:20:00+00:00", "title": "Che tempo fa"}, {"desc": null, "start_date": "2026-09-01T23:25:00+00:00", "title": "Reazione a catena"}, {"desc": "Le avventure della professoressa Camilla Baudino, alle prese con mille novit\u00e0 da gestire...", "start_date": "2026-09-02T00:40:00+00:00", "title": "Provaci ancora prof!"}, {"desc": null, "start_date": "2026-09-02T02:20:00+00:00", "title": "RAInews24"}, {"desc": null, "start_date": "2026-09-02T04:00:00+00:00", "title": "1mattina News"}, {"desc": "Lo spazio dedicato a chi si mette in viaggio. Informazioni su viabilit\u00e0, condizioni meteorologiche, interruzioni stradali e percorsi alternativi con aggiornamenti in tempo reale.", "start_date": "2026-09-02T04:25:00+00:00", "title": "Previsioni sulla viabilit\u00e0"}, {"desc": null, "start_date": "2026-09-02T04:30:00+00:00", "title": "TG1"}, {"desc": null, "start_date": "2026-09-02T04:35:00+00:00", "title": "1mattina News"}, {"desc": null, "start_date": "2026-09-02T04:55:00+00:00", "title": "Che tempo fa"}, {"desc": null, "start_date": "2026-09-02T05:00:00+00:00", "title": "TG1"}, {"desc": null, "start_date": "2026-09-02T05:10:00+00:00", "title": "1mattina News"}, {"desc": null, "start_date": "2026-09-02T06:00:00+00:00", "title": "TG1"}, {"desc": null, "start_date": "2026-09-02T06:30:00+00:00", "title": "Che tempo fa"}, {"desc": "Il programma della mattina di Rai1 che racconta l'attualit\u00e0 italiana ed estera. Cronaca, politica, cultura, spettacolo, medicina, economia, senza tralasciare l'approfondimento degli argomenti dell'agenda sociale, reportage e speciali.", "start_date": "2026-09-02T06:35:00+00:00", "title": "Unomattina"}, {"desc": "Il telegiornale di Rai 1 con interpretazione in Lingua dei Segni Italiana (LIS), che offre aggiornamenti su politica, cronaca, economia, esteri e cultura, rendendo le notizie accessibili a tutti.", "start_date": "2026-09-02T07:00:00+00:00", "title": "TG1 L.I.S."}, {"desc": "Il programma della mattina di Rai1 che racconta l'attualit\u00e0 italiana ed estera. Cronaca, politica, cultura, spettacolo, medicina, economia, senza tralasciare l'approfondimento degli argomenti dell'agenda sociale, reportage e speciali.", "start_date": "2026-09-02T07:05:00+00:00", "title": "Unomattina"}, {"desc": null, "start_date": "2026-09-02T08:15:00+00:00", "title": "Linea verde: Meteo verde"}, {"desc": "Il programma della mattina di Rai1 che racconta l'attualit\u00e0 italiana ed estera. Cronaca, politica, cultura, spettacolo, medicina, economia, senza tralasciare l'approfondimento degli argomenti dell'agenda sociale, reportage e speciali.", "start_date": "2026-09-02T08:20:00+00:00", "title": "Unomattina"}, {"desc": "Vittorio Brumotti esplora l'Italia in camper e in bicicletta insieme al fedele Patricio, alla scoperta di storie e luoghi autentici del nostro Paese. Con la partecipazione di Monica Caradonna.", "start_date": "2026-09-02T09:20:00+00:00", "title": "Italia A/R"}, {"desc": "RUBRICA - Camper Osteria Italia porta gli italiani in un viaggio nel cuore pulsante delle tradizioni gastronomiche italiane: le osterie. Tra sapori autentici, sfide culinarie e collegamenti dai territori, racconta la ricchez - za della nostra cucina e dei borghi d'Italia con allegria e convivialit\u00e0. - Conduce Peppone Da un'idea di Angelo Mellone Un programma di Andrea Caterini Produttore Esecutivo", "start_date": "2026-09-02T09:50:00+00:00", "title": "Camper Osteria Italia"}, {"desc": null, "start_date": "2026-09-02T11:30:00+00:00", "title": "Telegiornale"}, {"desc": "Emma \u00e8 una donna costretta a rimettersi in gioco per far fronte agli avvenimenti che travolgono senza preavviso la sua vita e che le impongono una scelta coraggiosa: abbandonare gli agi e le comodit\u00e0 della vita borghese per trasferirsi da Milano, insieme alle tre figlie, sull'Isola di Ponza, un luogo inizialmente ostile, sconosciuto, nel quale per\u00f2 lentamente riuscir\u00e0 a ritrovare se stessa.", "start_date": "2026-09-02T12:05:00+00:00", "title": "Un'altra vita"}, {"desc": null, "start_date": "2026-09-02T14:00:00+00:00", "title": "TG1"}, {"desc": null, "start_date": "2026-09-02T14:05:00+00:00", "title": "Che tempo fa"}, {"desc": "Alberto Matano conduce la storica trasmissione pomeridiana di Rai1 che racconta la realt\u00e0 quotidiana tra fatti di cronaca e storie di attualit\u00e0.", "start_date": "2026-09-02T14:10:00+00:00", "title": "La vita in diretta"}, {"desc": null, "start_date": "2026-09-02T16:40:00+00:00", "title": "Reazione a catena"}, {"desc": null, "start_date": "2026-09-02T18:00:00+00:00", "title": "Telegiornale"}, {"desc": null, "start_date": "2026-09-02T18:30:00+00:00", "title": "L'Eredit\u00e0"}, {"desc": "En 1860, Garibaldi d\u00e9barque en Sicile pour renverser les Bourbons. Tancr\u00e8de, neveu du prince Salina et jeune homme ambitieux, se bat aux c\u00f4t\u00e9s des r\u00e9publicains, d\u00e9cid\u00e9s \u00e0 frayer un chemin au r\u00e9gime constitutionnel de Victor-Emmanuel, le roi de Pi\u00e9mont-Sardaigne. Salina, comprenant que les \u00e9v\u00e9nements r\u00e9volutionnaires sonnent le glas de la monarchie, soutient Tancr\u00e8de. Au d\u00e9but de l'\u00e9t\u00e9, le prince q", "start_date": "2026-09-02T19:30:00+00:00", "title": "Il gattopardo"}, {"desc": null, "start_date": "2026-09-02T21:55:00+00:00", "title": "TG1 Sera"}, {"desc": "En 1860, Garibaldi d\u00e9barque en Sicile pour renverser les Bourbons. Tancr\u00e8de, neveu du prince Salina et jeune homme ambitieux, se bat aux c\u00f4t\u00e9s des r\u00e9publicains, d\u00e9cid\u00e9s \u00e0 frayer un chemin au r\u00e9gime constitutionnel de Victor-Emmanuel, le roi de Pi\u00e9mont-Sardaigne. Salina, comprenant que les \u00e9v\u00e9nements r\u00e9volutionnaires sonnent le glas de la monarchie, soutient Tancr\u00e8de. Au d\u00e9but de l'\u00e9t\u00e9, le prince q", "start_date": "2026-09-02T22:00:00+00:00", "title": "Il gattopardo"}, {"desc": null, "start_date": "2026-09-02T22:55:00+00:00", "title": "Che tempo fa"}, {"desc": null, "start_date": "2026-09-02T23:00:00+00:00", "title": "Reazione a catena"}], "offset": "+00:00", "timezone": "UTC", "error_code": -1, "start_date": "2026-09-01", "icon": ""}