{"end_date": "2026-09-03", "name": "Canal+ Cin\u00e9ma(s)", "info_url": "https://epg.pw/channels/459192/20260902.html", "country": "France", "description": null, "error_message": "", "provider": "", "source_url": "https://epg.pw/api/epg.json?channel_id=459192&date=20260902&timezone=None", "epg_list": [{"desc": "En couple depuis des ann\u00e9es et enferm\u00e9s dans une routine ennuyeuse, Tim et Millie prennent la d\u00e9cision de changer de vie et de tout abandonner pour partir s'installer \u00e0 la campagne. Alors que les tensions entre eux sont vives \u00e0 la suite d'un d\u00e9m\u00e9nagement pour le moins \u00e9prouvant, des \u00e9v\u00e9nements troublants se produisent peu apr\u00e8s leur arriv\u00e9e dans leur nouvelle demeure. Une \u00e9trange et inqui\u00e9tante pr", "start_date": "2026-09-02T00:22:00+00:00", "title": "Together"}, {"desc": "Alors qu'il cherche d\u00e9sesp\u00e9r\u00e9ment une place de parking, Owen prend en stop un passager \u00e9trange qui lui propose son aide et lui donne \u00e9galement des conseils non sollicit\u00e9s.", "start_date": "2026-09-02T02:01:00+00:00", "title": "Crowded Out"}, {"desc": null, "start_date": "2026-09-02T02:09:00+00:00", "title": "Fin des programmes"}, {"desc": "+ de courts est un magazine bimensuel consacr\u00e9 au cin\u00e9ma court, les deuxi\u00e8me et quatri\u00e8me dimanches de chaque mois. Il donne la parole \u00e0 ceux qui font l'actualit\u00e9.", "start_date": "2026-09-02T04:52:00+00:00", "title": "+ de courts"}, {"desc": "+ de courts est un magazine bimensuel consacr\u00e9 au cin\u00e9ma court, les deuxi\u00e8me et quatri\u00e8me dimanches de chaque mois. Il donne la parole \u00e0 ceux qui font l'actualit\u00e9.", "start_date": "2026-09-02T05:27:00+00:00", "title": "+ de courts"}, {"desc": "Marseille, en plein \u00e9t\u00e9. A 20 ans, Omar et sa bande sont moniteurs dans un centre a\u00e9r\u00e9 des quartiers nord. Seule fille du groupe, Yasmine est consid\u00e9r\u00e9e comme une fille bien, de celles qu'on \u00e9pouse. Le retour de Carmen, amie d'enfance et ex-prostitu\u00e9e, bouleverse et questionne l'\u00e9quilibre de la bande. Chacun s'interroge alors sur sa place dans le groupe, ainsi que sur son rapport au sexe et \u00e0 l'am", "start_date": "2026-09-02T06:28:00+00:00", "title": "Les Filles d\u00e9sir"}, {"desc": "Amin revient \u00e0 S\u00e8te aupr\u00e8s de sa famille apr\u00e8s ses \u00e9tudes \u00e0 Paris, r\u00eavant toujours de cin\u00e9ma. Croisant par chance la route d'un producteur am\u00e9ricain en vacances, il en profite pour lui pr\u00e9senter son projet, intitul\u00e9 \"Les principes essentiels de l'existence universelle\". Le producteur est tr\u00e8s int\u00e9ress\u00e9 par le film et veut que sa femme, Jess, en soit l'h\u00e9ro\u00efne. Mais le destin, capricieux, impose bi", "start_date": "2026-09-02T07:58:00+00:00", "title": "Mektoub my Love : Canto Due"}, {"desc": "Fin des ann\u00e9es 1960, dans la r\u00e9gion de Kobe, au Japon. Am\u00e9lie est une petite fille n\u00e9e au pays du Soleil-Levant de parents belges. Gr\u00e2ce \u00e0 sa nounou Nishio-san, devenue sa plus fid\u00e8le amie, le monde n'est qu'aventures et d\u00e9couvertes. Mais le jour de ses trois ans, un \u00e9v\u00e9nement vient changer le cours de sa vie : Am\u00e9lie quitte la petite enfance pour entrer dans l'enfance. Mutique et placide jusqu'ic", "start_date": "2026-09-02T10:21:00+00:00", "title": "Am\u00e9lie et la M\u00e9taphysique des tubes"}, {"desc": "Mehdi a pr\u00e9vu de passer un \u00e9t\u00e9 tranquille dans la somptueuse demeure de ses beaux-parents Philippe et Laurence. Mais d\u00e8s son arriv\u00e9e, un conflit \u00e9clate entre la famille de sa fianc\u00e9e et Nadine et Tony, le couple de gardiens de la villa. En effet, bien qu'ils soient log\u00e9s chez leurs patrons depuis des ann\u00e9es, Nadine et Tony sont pay\u00e9s une mis\u00e8re et ont enfin d\u00e9cid\u00e9 de se r\u00e9volter. Comme Mehdi est i", "start_date": "2026-09-02T11:37:00+00:00", "title": "Classe moyenne"}, {"desc": "A 35 ans, Etienne n'a toujours pas pardonn\u00e9 \u00e0 son \"copain\" Jean-Pat, qui lui a men\u00e9 la vie dure pendant toute son enfance. En pleine crise existentielle et alors qu'il h\u00e9site \u00e0 s'engager avec Alice, sa petite amie, il d\u00e9cide de reprendre contact avec Jean-Pat afin de retrouver la trace de son amour d'enfance. C'est alors qu'il apprend la mort soudaine de son ancien harceleur dans un accident de la", "start_date": "2026-09-02T13:09:00+00:00", "title": "Adieu Jean-Pat"}, {"desc": "Lorsqu'il apprend qu'il est atteint d'une maladie grave et que ses jours sont compt\u00e9s, Kristofer, un Islandais \u00e2g\u00e9 de 73 ans, se met en t\u00eate de retrouver la trace de Miko, son amour de jeunesse dont il a perdu la trace cinq d\u00e9cennies plus t\u00f4t. Il s'envole alors pour Londres, \u00e0 la recherche de ce petit restaurant japonais o\u00f9 il \u00e9tait employ\u00e9. Alors qu'il r\u00eavait de devenir un grand cuisinier, c'est ", "start_date": "2026-09-02T14:40:00+00:00", "title": "Touch - Nos \u00e9treintes pass\u00e9es"}, {"desc": "Un homme sensible d\u00e9voile ses tourments int\u00e9rieurs alors qu'il lutte contre ses d\u00e9mons tout en poursuivant un objectif en apparence banal, r\u00e9v\u00e9lant l'\u00e2pre difficult\u00e9 de la vie.", "start_date": "2026-09-02T16:39:00+00:00", "title": "O"}, {"desc": "En Direct.", "start_date": "2026-09-02T17:01:00+00:00", "title": "C\u00e9r\u00e9monie d'ouverture de la Mostra de Venise 2026"}, {"desc": "La Mostra de Venise, plus ancien festival de cin\u00e9ma du monde, c\u00e9l\u00e8bre en 2023 sa 80e \u00e9dition. Depuis sa naissance en 1932, la Mostra d'Art Cin\u00e9matographique est riche de chefs d'oeuvres et de stars mondiales qui ont fa\u00e7onn\u00e9 sa l\u00e9gende, de cin\u00e9astes consacr\u00e9s et de nouveaux talents r\u00e9v\u00e9l\u00e9s. A travers d'archives (RAI, INA, Gaumont-Path\u00e9) et d'interviews exclusives de personnalit\u00e9s qui ont marqu\u00e9 le ", "start_date": "2026-09-02T17:49:00+00:00", "title": "La part du Lion : Une histoire de la Mostra"}, {"desc": "Ian, un acteur en difficult\u00e9, accepte le r\u00f4le peu conventionnel de pleureur professionnel. Alors qu'il parcourt la campagne irlandaise, il est confront\u00e9 au syst\u00e8me fun\u00e9raire local. Au fur et \u00e0 mesure de ses repr\u00e9sentations, le masque que Ian s'est forg\u00e9 se fissure et son propre chagrin explose.", "start_date": "2026-09-02T18:49:00+00:00", "title": "Three Keenings"}, {"desc": "Russie, dans les ann\u00e9es 1990. L'URSS s'effondre. Dans le tumulte d'un pays en reconstruction, Vadim Baranov, un jeune homme \u00e0 l'intelligence redoutable, trace sa voie. D'abord artiste puis producteur de t\u00e9l\u00e9r\u00e9alit\u00e9, il devient le conseiller officieux d'un ancien agent du KGB promis \u00e0 un pouvoir absolu, le futur \"Tsar\" Vladimir Poutine. Plong\u00e9 au coeur du syst\u00e8me, Baranov devient un rouage central ", "start_date": "2026-09-02T19:00:00+00:00", "title": "Le Mage du Kremlin"}, {"desc": "Anna Politkovska\u00efa, une journaliste d'investigation russe et grande d\u00e9fenseuse des droits de l'homme, n'a plus qu'un seul but dans la vie : d\u00e9noncer la corruption de l'Etat sous Vladimir Poutine. Mais elle le sait : son travail, qui d\u00e9pla\u00eet jusque dans les plus hautes sph\u00e8res de la politique, n'est pas sans risque. Pourtant, elle refuse de jeter l'\u00e9ponge. Au p\u00e9ril de sa vie...", "start_date": "2026-09-02T21:21:00+00:00", "title": "Words of War"}, {"desc": "A S\u00e9oul, Jae-wan, un avocat mat\u00e9rialiste, et son fr\u00e8re Jae-gyu, un chirurgien id\u00e9aliste, ont une vision de la vie bien diff\u00e9rente. Comme tous les mois, ils se retrouvent avec leurs \u00e9pouses pour d\u00eener dans un restaurant chic de la ville. Et, comme \u00e0 chaque fois, ces agapes donnent lieu \u00e0 un affrontement entre Jae-wan et Jae-gyu. Le lendemain, les deux hommes d\u00e9couvrent avec effroi dans les m\u00e9dias l", "start_date": "2026-09-02T23:15:00+00:00", "title": "A Normal Family"}, {"desc": "Voyageur solitaire et ethnomusicologue de profession, Ange m\u00e8ne une vie sans attaches, fuyant les responsabilit\u00e9s et les racines. Lorsqu'une vieille dette l'oblige \u00e0 mettre le cap vers le littoral m\u00e9diterran\u00e9en, il prend la route \u00e0 bord de son vieux van. Ses projets sont boulevers\u00e9s par un \u00e9v\u00e9nement inattendu. En effet, il retrouve, cach\u00e9e dans le coffre, Solea, une adolescente de 17 ans, sa fille", "start_date": "2026-09-03T01:01:00+00:00", "title": "Ange"}, {"desc": null, "start_date": "2026-09-03T02:36:00+00:00", "title": "Fin des programmes"}, {"desc": null, "start_date": "2026-09-03T05:23:00+00:00", "title": "C\u00e9r\u00e9monie d'ouverture de la Mostra de Venise 2026"}, {"desc": "Au coeur des montagnes du sud du Maroc, Luis, accompagn\u00e9 de son fils Est\u00e9ban, 12 ans, recherche Mar, sa fille a\u00een\u00e9e qui a disparu sans laisser de traces lors d'une rave party il y a plusieurs mois. Ils rallient un groupe de f\u00eatards, mais aucun d'entre eux ne se souvient de la jeune femme. Alors que la police intervient pour mettre fin \u00e0 la f\u00eate et ordonner \u00e0 tous les \u00e9trangers de quitter le territ", "start_date": "2026-09-03T06:11:00+00:00", "title": "Sir\u0101t"}, {"desc": "Depuis 45 ans, le Rallye Dakar teste les limites de la r\u00e9silience et de l'habilet\u00e9 humaines, s'imposant comme la course la plus difficile du sport automobile. S'\u00e9tendant sur plus de 9 000 kilom\u00e8tres et 14 jours d'efforts acharn\u00e9s, plus de 1 000 concurrents venus de plus de 60 pays s'\u00e9lancent \u00e0 travers des d\u00e9serts inexplor\u00e9s, se battant pour une place dans l'h\u00e9ritage l\u00e9gendaire du Dakar. Gr\u00e2ce \u00e0 un", "start_date": "2026-09-03T08:03:00+00:00", "title": "Dakar Chronicles"}, {"desc": "Dans une usine d'empaquetage, Olivier, chef d'\u00e9quipe syndiqu\u00e9, lutte contre le management sauvage de sa direction. Un ouvrier s'est d'ailleurs suicid\u00e9. Quand il rentre chez lui, tard, il a juste le temps d'embrasser ses enfants, d\u00e9j\u00e0 presque endormis. Stress\u00e9 par son travail, il ne voit pas que Laura, son \u00e9pouse, est malheureuse. Celle-ci quitte le domicile conjugal, lui laissant les enfants. D\u00e9pa", "start_date": "2026-09-03T09:30:00+00:00", "title": "Nos batailles"}, {"desc": "Claire et Yves, physiciens de formation, sont ing\u00e9nieurs dans le nucl\u00e9aire civil. Lors d'une visite \u00e0 la National Gallery de Londres avec leur fille, Claire va \u00eatre boulevers\u00e9e par trois toiles de Rembrandt. Cette rencontre avec ces oeuvres magistrales, qui agit comme une r\u00e9v\u00e9lation, change Claire \u00e0 jamais. Cette derni\u00e8re remet toute sa vie et ses choix en question et s'engage comme lanceuse d'ale", "start_date": "2026-09-03T11:06:00+00:00", "title": "Rembrandt"}, {"desc": "La veille de l'Epiphanie, la temp\u00eate de neige Mikaela balaie l'Espagne. Au milieu du chaos provoqu\u00e9 par un embouteillage massif sur une autoroute, un groupe de braqueurs en profite pour attaquer un fourgon blind\u00e9 \u00e0 l'arr\u00eat au milieu du trafic bloqu\u00e9. Alert\u00e9, Leo, un policier lui-m\u00eame pris dans le bouchon, tente d'emp\u00eacher la bande de malfaiteurs de s'enfuir...", "start_date": "2026-09-03T12:50:00+00:00", "title": "Mikaela"}, {"desc": "Marseille, en plein \u00e9t\u00e9. A 20 ans, Omar et sa bande sont moniteurs dans un centre a\u00e9r\u00e9 des quartiers nord. Seule fille du groupe, Yasmine est consid\u00e9r\u00e9e comme une fille bien, de celles qu'on \u00e9pouse. Le retour de Carmen, amie d'enfance et ex-prostitu\u00e9e, bouleverse et questionne l'\u00e9quilibre de la bande. Chacun s'interroge alors sur sa place dans le groupe, ainsi que sur son rapport au sexe et \u00e0 l'am", "start_date": "2026-09-03T14:18:00+00:00", "title": "Les Filles d\u00e9sir"}, {"desc": "Hugo a 19 ans. Comme chaque \u00e9t\u00e9, il passe ses vacances dans la petite maison familiale situ\u00e9e sur l'\u00eele de Noirmoutier, o\u00f9 il retrouve un groupe d'amis qu'il connait depuis l'enfance. Mais cette ann\u00e9e est diff\u00e9rente, Hugo s'est transform\u00e9 physiquement et arrive accompagn\u00e9 de sa nouvelle petite amie, Queen, une esth\u00e9ticienne dont la verve et les longs ongles strass\u00e9s d\u00e9tonnent avec la sobri\u00e9t\u00e9 et l", "start_date": "2026-09-03T15:48:00+00:00", "title": "L'\u00e9preuve du feu"}, {"desc": "Jahia, une adolescente burkinab\u00e9e, vit avec sa m\u00e8re dans un centre pour demandeurs d'asile en Belgique. Tendue et d\u00e9termin\u00e9e, l'adolescente g\u00e8re leur quotidien avec le s\u00e9rieux d'un adulte. De son c\u00f4t\u00e9, Mila a quitt\u00e9 la Bi\u00e9lorussie avec sa famille. Curieuse, insatiable, elle vit chaque jour comme une \u00e9chapp\u00e9e belle. Cet \u00e9t\u00e9-l\u00e0, par-del\u00e0 les diff\u00e9rences, leurs solitudes se croisent. Entre elles na\u00eet", "start_date": "2026-09-03T17:31:00+00:00", "title": "L'\u00e9t\u00e9 de Jahia"}, {"desc": "29 janvier 2024. Les b\u00e9n\u00e9voles du Croissant-Rouge palestinien re\u00e7oivent un appel d'urgence. Une fillette \u00e2g\u00e9e de 6 ans est pi\u00e9g\u00e9e dans une voiture prise sous les tirs isra\u00e9liens \u00e0 Gaza et implore qu'on vienne la secourir. Tout en essayant de la garder en ligne, ils font tout leur possible pour lui envoyer des secours dans les plus brefs d\u00e9lais. Des ambulanciers se mettent imm\u00e9diatement en route, m", "start_date": "2026-09-03T19:00:00+00:00", "title": "La Voix de Hind Rajab"}, {"desc": "Mostra est une \u00e9mission quotidienne pr\u00e9sent\u00e9e par Antoine de Caunes, qui interviewe chaque jour une vedette pr\u00e9sente \u00e0 Venise. L'\u00e9mission traite de l'actualit\u00e9 et des images marquantes du festival, et Didier Allouch fait vivre les grands moments du tapis rouge.", "start_date": "2026-09-03T20:27:00+00:00", "title": "Mostra"}, {"desc": "Russie, dans les ann\u00e9es 1990. L'URSS s'effondre. Dans le tumulte d'un pays en reconstruction, Vadim Baranov, un jeune homme \u00e0 l'intelligence redoutable, trace sa voie. D'abord artiste puis producteur de t\u00e9l\u00e9r\u00e9alit\u00e9, il devient le conseiller officieux d'un ancien agent du KGB promis \u00e0 un pouvoir absolu, le futur \"Tsar\" Vladimir Poutine. Plong\u00e9 au coeur du syst\u00e8me, Baranov devient un rouage central ", "start_date": "2026-09-03T20:44:00+00:00", "title": "Le Mage du Kremlin"}, {"desc": "Ilich Ram\u00edrez S\u00e1nchez, militant d'origine v\u00e9n\u00e9zu\u00e9lienne qui a combattu aupr\u00e8s des Palestiniens en Jordanie, commet une s\u00e9rie d'attentats \u00e0 Londres. Il s'installe \u00e0 Paris, o\u00f9 le FPLP (Front populaire de lib\u00e9ration de la Palestine) lui assigne la responsabilit\u00e9 de sa branche europ\u00e9enne, sous les ordres d'un militant libanais, Michel Moukharbal, \"Andr\u00e9\". Ilich coordonne plusieurs op\u00e9rations, en parti", "start_date": "2026-09-03T23:05:00+00:00", "title": "Carlos"}], "offset": "+00:00", "timezone": "UTC", "error_code": -1, "start_date": "2026-09-02", "icon": ""}