{"end_date": "2026-09-02", "name": "Benfica TV", "info_url": "https://epg.pw/channels/450471/20260901.html", "country": "Russian Federation", "description": null, "error_message": "", "provider": "", "source_url": "https://epg.pw/api/epg.json?channel_id=450471&date=20260901&timezone=None", "epg_list": [{"desc": null, "start_date": "2026-09-01T01:00:00+00:00", "title": "- H\u00f3quei Feminino: Campeonato Nacional"}, {"desc": null, "start_date": "2026-09-01T02:21:00+00:00", "title": "SLB x Sporting CP \u2013 Final Jogo 5 \u2013 Camp. Nacional Futsal"}, {"desc": null, "start_date": "2026-09-01T04:04:00+00:00", "title": "Carlos Manuel"}, {"desc": null, "start_date": "2026-09-01T04:29:00+00:00", "title": "- H\u00f3quei Feminino: Campeonato Nacional"}, {"desc": null, "start_date": "2026-09-01T05:58:00+00:00", "title": "Benfica Escolas de Futebol"}, {"desc": null, "start_date": "2026-09-01T06:25:00+00:00", "title": "Visitas ao Est\u00e1dio da Luz"}, {"desc": null, "start_date": "2026-09-01T06:58:00+00:00", "title": "Liga Portugal Betclic"}, {"desc": null, "start_date": "2026-09-01T08:59:00+00:00", "title": "Benfica 10 Horas"}, {"desc": null, "start_date": "2026-09-01T10:07:00+00:00", "title": "SLB x Portimonense SC \u2013 Iniciados A \u2013 Camp. Nacional Sub15"}, {"desc": null, "start_date": "2026-09-01T11:49:00+00:00", "title": "Hist\u00f3ria Agora"}, {"desc": null, "start_date": "2026-09-01T11:58:00+00:00", "title": "Benfica no Feminino"}, {"desc": null, "start_date": "2026-09-01T12:29:00+00:00", "title": "Pelas Casas do Benfica"}, {"desc": null, "start_date": "2026-09-01T12:59:00+00:00", "title": "Benfica 14 Horas"}, {"desc": null, "start_date": "2026-09-01T13:31:00+00:00", "title": "Liga Portugal Betclic"}, {"desc": null, "start_date": "2026-09-01T15:31:00+00:00", "title": "Vermelho Claro"}, {"desc": null, "start_date": "2026-09-01T16:00:00+00:00", "title": "Not\u00edcias"}, {"desc": null, "start_date": "2026-09-01T16:01:00+00:00", "title": "Not\u00edcias"}, {"desc": null, "start_date": "2026-09-01T16:32:00+00:00", "title": "Benfiquistas no Mundo"}, {"desc": null, "start_date": "2026-09-01T16:34:00+00:00", "title": "Benfiquistas no Mundo"}, {"desc": null, "start_date": "2026-09-01T17:00:00+00:00", "title": "Segunda Bola"}, {"desc": null, "start_date": "2026-09-01T17:01:00+00:00", "title": "Segunda Bola"}, {"desc": null, "start_date": "2026-09-01T18:37:00+00:00", "title": "Relat\u00f3rio AR"}, {"desc": null, "start_date": "2026-09-01T19:02:00+00:00", "title": "Benfica Escolas de Futebol"}, {"desc": null, "start_date": "2026-09-01T19:04:00+00:00", "title": "Benfica Escolas de Futebol"}, {"desc": null, "start_date": "2026-09-01T19:31:00+00:00", "title": "Visitas ao Est\u00e1dio da Luz"}, {"desc": null, "start_date": "2026-09-01T19:59:00+00:00", "title": "Benfica 21 Horas"}, {"desc": null, "start_date": "2026-09-01T20:30:00+00:00", "title": "Tr\u00eas Quatro Tr\u00eas"}, {"desc": null, "start_date": "2026-09-01T21:28:00+00:00", "title": "Leonor Pinh\u00e3o"}, {"desc": null, "start_date": "2026-09-01T21:58:00+00:00", "title": "Segunda Bola"}, {"desc": null, "start_date": "2026-09-01T23:35:00+00:00", "title": "Benfica 24 Horas"}, {"desc": null, "start_date": "2026-09-02T00:00:00+00:00", "title": "Relat\u00f3rio AR"}, {"desc": null, "start_date": "2026-09-02T00:28:00+00:00", "title": "Benfica Escolas de Futebol"}, {"desc": null, "start_date": "2026-09-02T00:55:00+00:00", "title": "Tr\u00eas Quatro Tr\u00eas"}, {"desc": null, "start_date": "2026-09-02T01:53:00+00:00", "title": "- H\u00f3quei Feminino: Campeonato Nacional"}, {"desc": null, "start_date": "2026-09-02T03:23:00+00:00", "title": "Leonor Pinh\u00e3o"}, {"desc": null, "start_date": "2026-09-02T03:55:00+00:00", "title": "Segunda Bola"}, {"desc": null, "start_date": "2026-09-02T05:32:00+00:00", "title": "SLB x SCP \u2013 Final Jogo 3 \u2013 Camp. Nacional Futsal"}, {"desc": null, "start_date": "2026-09-02T08:04:00+00:00", "title": "Benfiquistas no Mundo"}, {"desc": null, "start_date": "2026-09-02T08:31:00+00:00", "title": "Benfica Escolas de Futebol"}, {"desc": null, "start_date": "2026-09-02T08:59:00+00:00", "title": "Benfica 10 Horas"}, {"desc": null, "start_date": "2026-09-02T09:31:00+00:00", "title": "Leonor Pinh\u00e3o"}, {"desc": null, "start_date": "2026-09-02T09:32:00+00:00", "title": "Leonor Pinh\u00e3o"}, {"desc": null, "start_date": "2026-09-02T10:01:00+00:00", "title": "Tr\u00eas Quatro Tr\u00eas"}, {"desc": null, "start_date": "2026-09-02T10:03:00+00:00", "title": "Tr\u00eas Quatro Tr\u00eas"}, {"desc": null, "start_date": "2026-09-02T10:58:00+00:00", "title": "Segunda Bola"}, {"desc": null, "start_date": "2026-09-02T11:01:00+00:00", "title": "Segunda Bola"}, {"desc": null, "start_date": "2026-09-02T12:32:00+00:00", "title": "Relat\u00f3rio AR"}, {"desc": null, "start_date": "2026-09-02T12:37:00+00:00", "title": "Relat\u00f3rio AR"}, {"desc": null, "start_date": "2026-09-02T12:59:00+00:00", "title": "Benfica 14 Horas"}, {"desc": null, "start_date": "2026-09-02T13:05:00+00:00", "title": "Benfica 14 Horas"}, {"desc": null, "start_date": "2026-09-02T13:35:00+00:00", "title": "- H\u00f3quei Feminino: Campeonato Nacional"}, {"desc": null, "start_date": "2026-09-02T13:36:00+00:00", "title": "- H\u00f3quei Feminino: Campeonato Nacional"}, {"desc": null, "start_date": "2026-09-02T14:56:00+00:00", "title": "Mais Vantagens"}, {"desc": null, "start_date": "2026-09-02T14:59:00+00:00", "title": "Mais Vantagens"}, {"desc": null, "start_date": "2026-09-02T15:26:00+00:00", "title": "Benfica no Feminino"}, {"desc": null, "start_date": "2026-09-02T15:29:00+00:00", "title": "Benfica no Feminino"}, {"desc": null, "start_date": "2026-09-02T15:55:00+00:00", "title": "SLB x Acad\u00e9mico de Viseu FC \u2013 Liga Next Gen \u2013 Sub 23"}, {"desc": null, "start_date": "2026-09-02T15:57:00+00:00", "title": "SLB x Acad\u00e9mico de Viseu FC \u2013 Liga Next Gen \u2013 Sub 23"}, {"desc": null, "start_date": "2026-09-02T17:52:00+00:00", "title": "5 Minutos @ Benfica"}, {"desc": null, "start_date": "2026-09-02T17:55:00+00:00", "title": "Protagonista"}, {"desc": null, "start_date": "2026-09-02T18:00:00+00:00", "title": "Not\u00edcias"}, {"desc": null, "start_date": "2026-09-02T18:24:00+00:00", "title": "Contas Feitas D\u00favidas Desfeitas"}, {"desc": null, "start_date": "2026-09-02T18:31:00+00:00", "title": "Protagonista"}, {"desc": null, "start_date": "2026-09-02T18:55:00+00:00", "title": "Leonor Pinh\u00e3o"}, {"desc": null, "start_date": "2026-09-02T19:00:00+00:00", "title": "Leonor Pinh\u00e3o"}, {"desc": null, "start_date": "2026-09-02T19:24:00+00:00", "title": "Pelas Casas do Benfica"}, {"desc": null, "start_date": "2026-09-02T19:30:00+00:00", "title": "Pelas Casas do Benfica"}, {"desc": null, "start_date": "2026-09-02T19:53:00+00:00", "title": "Benfica 21 Horas"}, {"desc": null, "start_date": "2026-09-02T19:59:00+00:00", "title": "Benfica 21 Horas"}, {"desc": null, "start_date": "2026-09-02T20:26:00+00:00", "title": "As Lan\u00e7as Apontadas"}, {"desc": null, "start_date": "2026-09-02T20:30:00+00:00", "title": "As Lan\u00e7as Apontadas"}, {"desc": null, "start_date": "2026-09-02T21:54:00+00:00", "title": "Protagonista"}, {"desc": null, "start_date": "2026-09-02T21:55:00+00:00", "title": "Protagonista"}, {"desc": null, "start_date": "2026-09-02T22:23:00+00:00", "title": "Benfica no Feminino"}, {"desc": null, "start_date": "2026-09-02T22:50:00+00:00", "title": "Funda\u00e7\u00e3o Benfica"}, {"desc": null, "start_date": "2026-09-02T22:51:00+00:00", "title": "Benfica 24 Horas"}, {"desc": null, "start_date": "2026-09-02T22:59:00+00:00", "title": "Benfica 24 Horas"}, {"desc": null, "start_date": "2026-09-02T23:18:00+00:00", "title": "Contas Feitas D\u00favidas Desfeitas"}, {"desc": null, "start_date": "2026-09-02T23:25:00+00:00", "title": "Mais Vantagens"}, {"desc": null, "start_date": "2026-09-02T23:49:00+00:00", "title": "Mais Vantagens"}, {"desc": null, "start_date": "2026-09-02T23:55:00+00:00", "title": "Leonor Pinh\u00e3o"}], "offset": "+00:00", "timezone": "UTC", "error_code": -1, "start_date": "2026-09-01", "icon": "https://epg.pw/media/images/epg/2025/08/12/20250812022035605534_98.png"}