{"end_date": "2026-09-01", "name": "France 3 - Via Stella", "info_url": "https://epg.pw/channels/448603/20260831.html", "country": "France", "description": null, "error_message": "", "provider": "", "source_url": "https://epg.pw/api/epg.json?channel_id=448603&date=20260831&timezone=None", "epg_list": [{"desc": "\" Tous les mots qui me viendront \" \u00e9crit et mis en sc\u00e8ne par Daniel Delorme.", "start_date": "2026-08-31T00:46:00+00:00", "title": "Arte Vivu"}, {"desc": null, "start_date": "2026-08-31T01:54:00+00:00", "title": "Ascolta"}, {"desc": "Laurent Vitali re\u00e7oit Don Mathieu Santini, enseignant, chanteur et personnalit\u00e9 engag\u00e9e pour partager avec lui des souvenirs t\u00e9l\u00e9visuels qui sont aussi les v\u00f4tres.", "start_date": "2026-08-31T02:28:00+00:00", "title": "Corsica Era"}, {"desc": "avec Christophe Di Caro.", "start_date": "2026-08-31T03:33:00+00:00", "title": "Totem"}, {"desc": null, "start_date": "2026-08-31T04:30:00+00:00", "title": "ICI Matin - RCFM"}, {"desc": "Un Flow pour d\u00e9buter en Vinyasa ou revoir les bases et alignements. Salutations au soleil, guerrier... Cette pratique s'adresse \u00e0 tous, du d\u00e9butant au plus aguerri des yogis. Bonne Pratique !", "start_date": "2026-08-31T06:12:00+00:00", "title": "Alors on bouge en r\u00e9gion"}, {"desc": null, "start_date": "2026-08-31T06:38:00+00:00", "title": "Ind'\u00e8 voi"}, {"desc": "Emission Portraits sport Diff janvier 2026 Enregistrement 1ere session de 12 num\u00e9ros, du 17 au 21.11.", "start_date": "2026-08-31T06:58:00+00:00", "title": "A domicile"}, {"desc": "Jeu 2\u00e9quipes de candidats se mesurent en 5 rounds. Chaque binome est constitu\u00e9 d'au moins 1 candidat qui parle le Corse et un autre qui le comprends.", "start_date": "2026-08-31T07:12:00+00:00", "title": "Parolle \u00e9 parolle"}, {"desc": null, "start_date": "2026-08-31T07:41:00+00:00", "title": "M\u00e9moire courte"}, {"desc": "Catherine se lance officiellement dans une nouvelle histoire d'amour. De son c\u00f4t\u00e9, Louis r\u00e9alise qu'il en est peut-\u00eatre au d\u00e9but d'une descente aux enfers.", "start_date": "2026-08-31T08:34:00+00:00", "title": "Un si grand soleil"}, {"desc": "Emission Portraits sport Diff janvier 2026 Enregistrement 1ere session de 12 num\u00e9ros, du 17 au 21.11.", "start_date": "2026-08-31T08:57:00+00:00", "title": "A domicile"}, {"desc": "Jeremie Leboeuf Colombani et son ami Antoine Acquaviva arpentent un chemin \u00e0 la pointe du cap corse, balay\u00e9 par le vent... Moulin \u00e0 bl\u00e9, anciennes bergeries o\u00f9 se retrouvaient notamment des bergers niolins sont au programme de cet \u00e9pisode pour le moins venteux ! Olivier Antoni, nous fait partager son histoire et sa complicit\u00e9 avec ses \u00e2nes, et Michel Delaugerre nous raconte comment il participe \u00e0 ", "start_date": "2026-08-31T09:12:00+00:00", "title": "Andemu"}, {"desc": "A Cervioni, Romuald Royer et ses invit\u00e9s proposent quelques utilisations originales de la noisette du cr\u00fb dans des d\u00e9clinaisons sucr\u00e9es et sal\u00e9es.", "start_date": "2026-08-31T09:40:00+00:00", "title": "Al Dente"}, {"desc": null, "start_date": "2026-08-31T10:06:00+00:00", "title": "Embarquez sur le mare \u00e0 mare"}, {"desc": null, "start_date": "2026-08-31T10:17:00+00:00", "title": "Les tr\u00e9sors du patrimoine corse"}, {"desc": null, "start_date": "2026-08-31T10:29:00+00:00", "title": "M\u00e9t\u00e9o - Corse"}, {"desc": null, "start_date": "2026-08-31T10:30:00+00:00", "title": "ICI 12/13 - Corsica Prima"}, {"desc": null, "start_date": "2026-08-31T10:40:00+00:00", "title": "Du soleil dans la cuisine"}, {"desc": null, "start_date": "2026-08-31T10:44:00+00:00", "title": "Du soleil dans la cuisine"}, {"desc": null, "start_date": "2026-08-31T10:52:00+00:00", "title": "A Berlina"}, {"desc": null, "start_date": "2026-08-31T11:19:00+00:00", "title": "Paese"}, {"desc": null, "start_date": "2026-08-31T11:53:00+00:00", "title": "M\u00e9t\u00e9o - Corse"}, {"desc": null, "start_date": "2026-08-31T11:54:00+00:00", "title": "ICI 12/13 - Corsica Prima"}, {"desc": "Au Domaine des Milelli, \u00e0 Ajaccio, Thomas, chef de chantier du CPIE, nous guide dans une v\u00e9ritable chasse aux intrus : fourmis, pucerons, chenilles Il partage ses techniques d'observation et de r\u00e9gulation pour limiter les d\u00e9g\u00e2ts sans d\u00e9s\u00e9quilibrer l'\u00e9cosyst\u00e8me du potager.", "start_date": "2026-08-31T12:04:00+00:00", "title": "L'ortu"}, {"desc": null, "start_date": "2026-08-31T12:07:00+00:00", "title": "D'Umani"}, {"desc": null, "start_date": "2026-08-31T12:13:00+00:00", "title": "Agenda"}, {"desc": null, "start_date": "2026-08-31T12:16:00+00:00", "title": "Les tr\u00e9sors du patrimoine corse"}, {"desc": null, "start_date": "2026-08-31T13:09:00+00:00", "title": "ICI 12/13 - Corsica Prima"}, {"desc": null, "start_date": "2026-08-31T13:19:00+00:00", "title": "Les tr\u00e9sors du patrimoine corse"}, {"desc": "Vanina Guarrasi, qui dirigeait l'antimafia avec son compagnon \u00e0 Palerme, vient d'\u00eatre mut\u00e9e \u00e0 Catane. D\u00e8s son arriv\u00e9e, la commissaire doit \u00e9lucider un meurtre.", "start_date": "2026-08-31T13:28:00+00:00", "title": "Vanina : Meurtres en Sicile"}, {"desc": null, "start_date": "2026-08-31T15:18:00+00:00", "title": "Les tr\u00e9sors du patrimoine corse"}, {"desc": null, "start_date": "2026-08-31T15:26:00+00:00", "title": "Embarquez sur le mare \u00e0 mare"}, {"desc": null, "start_date": "2026-08-31T15:41:00+00:00", "title": "Cosy, le mag d\u00e9co"}, {"desc": "Au coeur de l'actualit\u00e9, ils font les affaires de certains particuliers et la perte des h\u00f4teliers ; les meubl\u00e9s de tourisme fleurissent en Corse comme ailleurs via des plateformes en ligne bien connues. Quel impact sur le logement ? Les prix du foncier ? Et le mode de vie insulaire ? Apmlus et professionnels d\u00e9battent d'une r\u00e9gulation.", "start_date": "2026-08-31T16:08:00+00:00", "title": "A truva ci"}, {"desc": null, "start_date": "2026-08-31T17:00:00+00:00", "title": "ICI 19/20 - Corsica Sera"}, {"desc": null, "start_date": "2026-08-31T17:18:00+00:00", "title": "Paese"}, {"desc": null, "start_date": "2026-08-31T17:23:00+00:00", "title": "M\u00e9t\u00e9o des plages - Corse"}, {"desc": null, "start_date": "2026-08-31T17:25:00+00:00", "title": "Paese"}, {"desc": null, "start_date": "2026-08-31T17:32:00+00:00", "title": "Paese"}, {"desc": null, "start_date": "2026-08-31T17:39:00+00:00", "title": "M\u00e9t\u00e9o - Corse"}, {"desc": null, "start_date": "2026-08-31T17:41:00+00:00", "title": "En terre animale"}, {"desc": null, "start_date": "2026-08-31T17:48:00+00:00", "title": "Questions de g\u00e9n\u00e9ration"}, {"desc": null, "start_date": "2026-08-31T17:54:00+00:00", "title": "Le journal des talents"}, {"desc": null, "start_date": "2026-08-31T18:01:00+00:00", "title": "M\u00e9t\u00e9o de la m\u00e9diterran\u00e9e - Corse"}, {"desc": "Avec Jo\u00eblle et Sabrina, dans le jardin potager des enfants, on apprend en s'amusant ! Construction d'un tipi pour les haricots grimpants, fabrication d'un h\u00f4tel \u00e0 insectes... les petits jardiniers mettent la main \u00e0 la terre pour accueillir les pollinisateurs et favoriser la biodiversit\u00e9.", "start_date": "2026-08-31T18:07:00+00:00", "title": "L'ortu"}, {"desc": "Magazine avec archives Par le prisme des images d'archives de France 3 Corse et de Via Stella, un invit\u00e9 revient sur des \u00e9v\u00e8nements marquants de l'histoire contemporraine Corse. La t\u00e9l\u00e9vision comme reflet de notre soci\u00e9t\u00e9.", "start_date": "2026-08-31T18:11:00+00:00", "title": "Corsica Era"}, {"desc": null, "start_date": "2026-08-31T18:24:00+00:00", "title": "Du soleil dans la cuisine"}, {"desc": "Isabelle et Sebastien I sabidini - Biscuiterie Restaurant.", "start_date": "2026-08-31T18:29:00+00:00", "title": "Ind'\u00e8 voi"}, {"desc": null, "start_date": "2026-08-31T18:45:00+00:00", "title": "The Sleuth - In the shadows of Milan"}, {"desc": null, "start_date": "2026-08-31T19:36:00+00:00", "title": "The Sleuth - In the shadows of Milan"}, {"desc": null, "start_date": "2026-08-31T20:26:00+00:00", "title": "M\u00e9t\u00e9o de la m\u00e9diterran\u00e9e - Corse"}, {"desc": null, "start_date": "2026-08-31T20:28:00+00:00", "title": "ICI 19/20 - Corsica Sera"}, {"desc": "Magazine avec archives Par le prisme des images d'archives de France 3 Corse et de Via Stella, un invit\u00e9 revient sur des \u00e9v\u00e8nements marquants de l'histoire contemporraine Corse. La t\u00e9l\u00e9vision comme reflet de notre soci\u00e9t\u00e9.", "start_date": "2026-08-31T20:49:00+00:00", "title": "Corsica Era"}, {"desc": null, "start_date": "2026-08-31T21:02:00+00:00", "title": "M\u00e9t\u00e9o - Corse"}, {"desc": null, "start_date": "2026-08-31T21:04:00+00:00", "title": "Corsica Salvatica"}, {"desc": null, "start_date": "2026-08-31T21:56:00+00:00", "title": "Totem"}, {"desc": "Michel MARTI (producteur d'\u00e9v\u00e9nements).", "start_date": "2026-08-31T22:23:00+00:00", "title": "Avec ou sans filtre"}, {"desc": "Jeu 2\u00e9quipes de candidats se mesurent en 5 rounds. Chaque binome est constitu\u00e9 d'au moins 1 candidat qui parle le Corse et un autre qui le comprends.", "start_date": "2026-08-31T22:52:00+00:00", "title": "Parolle \u00e9 parolle"}, {"desc": "Dans un village isol\u00e9 de Castagniccia, la mort d'un mazzeru r\u00e9veille les peurs les plus anciennes. Karine, romanci\u00e8re passionn\u00e9e par les traditions corses, est appel\u00e9e par un signe troublant : avant de mourir, le vieux mazzeru a \u00e9crit son nom.", "start_date": "2026-08-31T23:22:00+00:00", "title": "Odissea"}, {"desc": "Via night Show Emission de divertissement / late show Coordination d'emission Colomba Casanova Pr\u00e9sentation : Florian Carri\u00e9 Un rendez-vous autour de l'humour et de la culture, dans lequel Florian re\u00e7oit des invit\u00e9s connus ou moins connus, issus de tous les milieux. Homme politique, artiste, sportif ou chef d'entreprise, ils sont pr\u00eats \u00e0 se livr...", "start_date": "2026-09-01T00:15:00+00:00", "title": "Via Night Show"}, {"desc": null, "start_date": "2026-09-01T00:43:00+00:00", "title": "Ascolta"}, {"desc": "Jeu 2\u00e9quipes de candidats se mesurent en 5 rounds. Chaque binome est constitu\u00e9 d'au moins 1 candidat qui parle le Corse et un autre qui le comprends.", "start_date": "2026-09-01T01:16:00+00:00", "title": "Parolle \u00e9 parolle"}, {"desc": "Isabelle et Sebastien I sabidini - Biscuiterie Restaurant.", "start_date": "2026-09-01T02:57:00+00:00", "title": "Ind'\u00e8 voi"}, {"desc": null, "start_date": "2026-09-01T04:30:00+00:00", "title": "ICI Matin - RCFM"}, {"desc": "Une s\u00e9ance de fitness accessible et efficace sans mat\u00e9riel, avec des exercices de bases pour reprendre le sport facilement.", "start_date": "2026-09-01T06:12:00+00:00", "title": "Alors on bouge en r\u00e9gion"}, {"desc": null, "start_date": "2026-09-01T06:38:00+00:00", "title": "Ind'\u00e8 voi"}, {"desc": "Jeu 2\u00e9quipes de candidats se mesurent en 5 rounds. Chaque binome est constitu\u00e9 d'au moins 1 candidat qui parle le Corse et un autre qui le comprends.", "start_date": "2026-09-01T06:58:00+00:00", "title": "Parolle \u00e9 parolle"}, {"desc": "Parfois r\u00e9duit \u00e0 une image d'artiste maudit, Amedeo Modigliani, admirateur des ma\u00eetres de la Renaissance italienne, a trac\u00e9 dans l'art moderne un sillon sans \u00e9gal.", "start_date": "2026-09-01T07:28:00+00:00", "title": "Modigliani et ses secrets"}, {"desc": "Chez L. Cosm\u00e9tiques, la tension monte entre Boris et Muriel. Pendant ce temps, Laurine tente de trouver une solution pour sortir Louis de la crise dans laquelle il est plong\u00e9.", "start_date": "2026-09-01T08:20:00+00:00", "title": "Un si grand soleil"}, {"desc": "H\u00e9rv\u00e9 Lucchini Villa Cardelini / + MAIRE ?", "start_date": "2026-09-01T08:43:00+00:00", "title": "Ind'\u00e8 voi"}, {"desc": "Une bouteille \u00e0 la mer est con\u00e7ue comme une qu\u00eate autour de th\u00e9matiques qui impactent la vie de chacun d'entre nous. Des actions port\u00e9es par des acteurs de la soci\u00e9t\u00e9 civile, la science, la philanthropie et d'organisations internationales qui d\u00e9ploient une ing\u00e9nierie forte. Nous allons nous y int\u00e9resser en fonction de leur potentiel \u00e0 acc\u00e9l\u00e9rer les progr\u00e8s pour un d\u00e9veloppement durable.", "start_date": "2026-09-01T09:03:00+00:00", "title": "Une bouteille \u00e0 la mer"}, {"desc": null, "start_date": "2026-09-01T09:30:00+00:00", "title": "Al Dente"}, {"desc": null, "start_date": "2026-09-01T10:01:00+00:00", "title": "Embarquez sur le mare \u00e0 mare"}, {"desc": null, "start_date": "2026-09-01T10:17:00+00:00", "title": "Les tr\u00e9sors du patrimoine corse"}, {"desc": null, "start_date": "2026-09-01T10:29:00+00:00", "title": "M\u00e9t\u00e9o - Corse"}, {"desc": null, "start_date": "2026-09-01T10:30:00+00:00", "title": "ICI 12/13 - Corsica Prima"}, {"desc": null, "start_date": "2026-09-01T10:40:00+00:00", "title": "Du soleil dans la cuisine"}, {"desc": null, "start_date": "2026-09-01T10:44:00+00:00", "title": "Du soleil dans la cuisine"}, {"desc": null, "start_date": "2026-09-01T10:52:00+00:00", "title": "Avec ou sans filtre"}, {"desc": null, "start_date": "2026-09-01T11:23:00+00:00", "title": "Paese"}, {"desc": null, "start_date": "2026-09-01T11:59:00+00:00", "title": "M\u00e9t\u00e9o - Corse"}, {"desc": null, "start_date": "2026-09-01T12:00:00+00:00", "title": "ICI 12/13 - Corsica Prima"}, {"desc": "Avec Jo\u00eblle et Sabrina, dans le jardin potager des enfants, on apprend en s'amusant ! Construction d'un tipi pour les haricots grimpants, fabrication d'un h\u00f4tel \u00e0 insectes... les petits jardiniers mettent la main \u00e0 la terre pour accueillir les pollinisateurs et favoriser la biodiversit\u00e9.", "start_date": "2026-09-01T12:10:00+00:00", "title": "L'ortu"}, {"desc": null, "start_date": "2026-09-01T12:13:00+00:00", "title": "D'Umani"}, {"desc": null, "start_date": "2026-09-01T12:20:00+00:00", "title": "Corsica Salvatica"}, {"desc": null, "start_date": "2026-09-01T13:13:00+00:00", "title": "M\u00e9t\u00e9o - Corse"}, {"desc": null, "start_date": "2026-09-01T13:14:00+00:00", "title": "ICI 12/13 - Corsica Prima"}, {"desc": "Dans la vall\u00e9e de la Casaluna, sur la commune de Cambia, un oc\u00e9an de verdure abrite d'\u00e9tranges traces du pass\u00e9. D'embl\u00e9e, le territoire d'A Petra Frisgiata, ne laisse pas indiff\u00e9rent, il faut savoir le traverser, se laisser porter par son \u00e9nergie et surtout ouvrir l'oeil et le bon. Avec Antonia Colonna, ma\u00eetre de conf\u00e9rences en arch\u00e9ologie et pr\u00e9histoire.", "start_date": "2026-09-01T13:24:00+00:00", "title": "Au commencement"}, {"desc": "\" Tous les mots qui me viendront \" \u00e9crit et mis en sc\u00e8ne par Daniel Delorme.", "start_date": "2026-09-01T13:33:00+00:00", "title": "Arte Vivu"}, {"desc": null, "start_date": "2026-09-01T14:42:00+00:00", "title": "Dolce notte"}, {"desc": null, "start_date": "2026-09-01T15:42:00+00:00", "title": "Embarquez sur le mare \u00e0 mare"}, {"desc": null, "start_date": "2026-09-01T15:56:00+00:00", "title": "Int\u00e9rieurs"}, {"desc": "Au coeur de l'actualit\u00e9, ils font les affaires de certains particuliers et la perte des h\u00f4teliers ; les meubl\u00e9s de tourisme fleurissent en Corse comme ailleurs via des plateformes en ligne bien connues. Quel impact sur le logement ? Les prix du foncier ? Et le mode de vie insulaire ? Apmlus et professionnels d\u00e9battent d'une r\u00e9gulation.", "start_date": "2026-09-01T16:23:00+00:00", "title": "A truva ci"}, {"desc": null, "start_date": "2026-09-01T17:00:00+00:00", "title": "ICI 19/20 - Corsica Sera"}, {"desc": null, "start_date": "2026-09-01T17:18:00+00:00", "title": "Paese"}, {"desc": null, "start_date": "2026-09-01T17:24:00+00:00", "title": "Paese"}, {"desc": null, "start_date": "2026-09-01T17:31:00+00:00", "title": "Paese"}, {"desc": null, "start_date": "2026-09-01T17:38:00+00:00", "title": "M\u00e9t\u00e9o - Corse"}, {"desc": null, "start_date": "2026-09-01T17:44:00+00:00", "title": "En terre animale"}, {"desc": null, "start_date": "2026-09-01T17:47:00+00:00", "title": "Questions de g\u00e9n\u00e9ration"}, {"desc": null, "start_date": "2026-09-01T17:54:00+00:00", "title": "Le journal des talents"}, {"desc": null, "start_date": "2026-09-01T18:01:00+00:00", "title": "M\u00e9t\u00e9o de la m\u00e9diterran\u00e9e - Corse"}, {"desc": "Daniele Mortato, docteur en sciences du langage \u00e0 l'Universit\u00e0 di Corsica, explore les croyances et savoirs populaires autour de l'influence de la lune sur le potager. Entre dictons, observations et anecdotes savoureuses, cet \u00e9pisode interroge avec humour la fronti\u00e8re entre tradition et science.", "start_date": "2026-09-01T18:07:00+00:00", "title": "L'ortu"}, {"desc": "Magazine avec archives Par le prisme des images d'archives de France 3 Corse et de Via Stella, un invit\u00e9 revient sur des \u00e9v\u00e8nements marquants de l'histoire contemporraine Corse. La t\u00e9l\u00e9vision comme reflet de notre soci\u00e9t\u00e9.", "start_date": "2026-09-01T18:10:00+00:00", "title": "Corsica Era"}, {"desc": null, "start_date": "2026-09-01T18:23:00+00:00", "title": "Du soleil dans la cuisine"}, {"desc": "Nous irons d\u00e9couvrir le b\u00e2timent K, un nouvel espace d'exposition d\u00e9di\u00e9 \u00e0 l'art, ouverte par la commune en compagnie de Fran\u00e7ois-Xavier Acquaviva. Puis nous irons \u00e0 l'int\u00e9rieur d\u00e9couvrir l'exposition en cours en compagnie du peintre Jos\u00e9 Castellani.", "start_date": "2026-09-01T18:28:00+00:00", "title": "Ind'\u00e8 voi"}, {"desc": "Les Jeux olympiques ont soulev\u00e9 un immense enthousiasme populaire et m\u00e9moriel. En Corse comme ailleurs, on a c\u00e9l\u00e9br\u00e9 les champions pass\u00e9s et pr\u00e9sents. Tous sauf un : Raoul Paoli. Il a portant particip\u00e9 \u00e0 cinq olympiades et a m\u00eame \u00e9t\u00e9 le porte-drapeau de la d\u00e9l\u00e9gation fran\u00e7aise au Jeux de Stockholm en 1912 ! Cet oubli nous am\u00e8ne \u00e0 r\u00e9fl\u00e9chir sur l'importance de la surexposition m\u00e9morielle de certain", "start_date": "2026-09-01T18:45:00+00:00", "title": "M\u00e9moire courte"}, {"desc": null, "start_date": "2026-09-01T19:35:00+00:00", "title": "Memoria"}, {"desc": "Comment, de la fin du XVIIe \u00e0 la fin du XVIII si\u00e8cle, quatre femmes pirates se sont lib\u00e9r\u00e9es du joug patriarcal pour mener une vie d'aventuri\u00e8res.", "start_date": "2026-09-01T19:38:00+00:00", "title": "L'\u00e9pop\u00e9e des femmes pirates : Les filles du vent"}, {"desc": null, "start_date": "2026-09-01T21:09:00+00:00", "title": "M\u00e9t\u00e9o de la m\u00e9diterran\u00e9e - Corse"}, {"desc": null, "start_date": "2026-09-01T21:11:00+00:00", "title": "ICI 19/20 - Corsica Sera"}, {"desc": null, "start_date": "2026-09-01T21:29:00+00:00", "title": "M\u00e9t\u00e9o - Corse"}, {"desc": null, "start_date": "2026-09-01T21:34:00+00:00", "title": "Les tr\u00e9sors du patrimoine corse"}, {"desc": null, "start_date": "2026-09-01T22:27:00+00:00", "title": "Totem"}, {"desc": null, "start_date": "2026-09-01T22:54:00+00:00", "title": "A Berlina"}, {"desc": "Jeu 2\u00e9quipes de candidats se mesurent en 5 rounds. Chaque binome est constitu\u00e9 d'au moins 1 candidat qui parle le Corse et un autre qui le comprends.", "start_date": "2026-09-01T23:20:00+00:00", "title": "Parolle \u00e9 parolle"}, {"desc": "A Barcelone, la Casa Batll\u00f3 r\u00e9sume \u00e0 elle seule le g\u00e9nie d'Antoni Gaud\u00ed. Visite guid\u00e9e de cette excentrique demeure color\u00e9e, achev\u00e9e en 1906.", "start_date": "2026-09-01T23:49:00+00:00", "title": "Gaud\u00ed, le g\u00e9nie visionnaire de Barcelone"}], "offset": "+00:00", "timezone": "UTC", "error_code": -1, "start_date": "2026-08-31", "icon": ""}