{"end_date": "2026-09-03", "name": "Le Figaro TV", "info_url": "https://epg.pw/channels/448596/20260902.html", "country": "France", "description": null, "error_message": "", "provider": "", "source_url": "https://epg.pw/api/epg.json?channel_id=448596&date=20260902&timezone=None", "epg_list": [{"desc": null, "start_date": "2026-09-02T00:00:00+00:00", "title": "Plan\u00e9tarium"}, {"desc": "metteur en sc\u00e8ne et Raphaele Volkoff, com\u00e9dienne de la pi\u00e8ce \"Le go\u00fbt de la framboise\".", "start_date": "2026-09-02T00:30:00+00:00", "title": "Bienvenue en Ile-de-France"}, {"desc": "Retrouvez tous vos programmes de nuit.", "start_date": "2026-09-02T01:30:00+00:00", "title": "Programmes de la nuit"}, {"desc": "Chaque jour, Vincent Roux, Anne-Emmanuelle Isaac et Timoth\u00e9 Dhellemes vous donnent rendez-vous en direct, avec trois invit\u00e9s, pour un \u00e9change dynamique sur les sujets br\u00fblants de l'actualit\u00e9 politique et culturelle.", "start_date": "2026-09-02T04:00:00+00:00", "title": "Points de vue"}, {"desc": "Plongez au c\u0153ur du patrimoine francilien avec les chroniques de Bienvenue en \u00cele-de-France. Chaque \u00e9pisode vous invite \u00e0 d\u00e9couvrir l'histoire riche et souvent m\u00e9connue de la r\u00e9gion : lieux embl\u00e9matiques, figures marquantes, expositions incontournables... L'\u00cele-de-France comme vous ne l'avez jamais vue, entre pass\u00e9 glorieux et initiatives contemporaines.", "start_date": "2026-09-02T04:55:00+00:00", "title": "Bienvenue en Ile-de-France"}, {"desc": "Tous les jours sur Le Figaro TV, d\u00e9couvrez la m\u00e9t\u00e9o de la r\u00e9gion \u00cele-de-France.", "start_date": "2026-09-02T04:58:00+00:00", "title": "La m\u00e9t\u00e9o"}, {"desc": "metteur en sc\u00e8ne et Raphaele Volkoff, com\u00e9dienne de la pi\u00e8ce \"Le go\u00fbt de la framboise\".", "start_date": "2026-09-02T05:00:00+00:00", "title": "Bienvenue en Ile-de-France"}, {"desc": "Ouverture de la Sagrada Familia : les coulisses d'une folie architecturale. Retrouvez Le Club Le Figaro Culture pr\u00e9sent\u00e9 par Jean-Christophe Buisson.", "start_date": "2026-09-02T06:00:00+00:00", "title": "Le Club Le Figaro Culture"}, {"desc": "Tous les jours sur Le Figaro TV, d\u00e9couvrez la m\u00e9t\u00e9o de la r\u00e9gion \u00cele-de-France.", "start_date": "2026-09-02T06:58:00+00:00", "title": "La m\u00e9t\u00e9o"}, {"desc": "Au programme : le d\u00e9tail chic c'est le bouton de manchette, portrait de la designeuse Olivia Putman, une balade pour cin\u00e9phile, et les ateliers de Dimitri Samal.", "start_date": "2026-09-02T07:00:00+00:00", "title": "Version fran\u00e7aise"}, {"desc": "Le petit \u00e9peautre, c\u00e9r\u00e9ale mill\u00e9naire longtemps d\u00e9laiss\u00e9e, est aujourd'hui produite par des passionn\u00e9s comme Thierry Baurain et sa famille dans le Pays de Forcalquier. Non loin de l\u00e0, la famille Yernaux s'emploie \u00e0 maintenir un autre produit typique : un fromage local entour\u00e9 de feuilles de ch\u00e2taigniers, le Banon.", "start_date": "2026-09-02T07:30:00+00:00", "title": "Epicerie fine"}, {"desc": "Laetitia, Issa, Sandra et Maxime partent explorer les territoires oubli\u00e9s du monde afin de fabriquer des voyages in\u00e9dits pour des touristes en qu\u00eate d'aventure.", "start_date": "2026-09-02T08:00:00+00:00", "title": "Chasseurs d'aventures"}, {"desc": "Vieille de 2 500 ans, Narbonne est une capitale oubli\u00e9e. Perch\u00e9e au bord du golfe du Lion, cette cit\u00e9 m\u00e9diterran\u00e9enne fut la premi\u00e8re colonie romaine fond\u00e9e hors d'Italie.", "start_date": "2026-09-02T09:00:00+00:00", "title": "Chroniques d'une cit\u00e9"}, {"desc": "Tous les jours sur Le Figaro TV, d\u00e9couvrez la m\u00e9t\u00e9o de la r\u00e9gion \u00cele-de-France.", "start_date": "2026-09-02T09:58:00+00:00", "title": "La m\u00e9t\u00e9o"}, {"desc": "Chaque jour, Vincent Roux, Anne-Emmanuelle Isaac et Timoth\u00e9 Dhellemes vous donnent rendez-vous en direct, avec trois invit\u00e9s, pour un \u00e9change dynamique sur les sujets br\u00fblants de l'actualit\u00e9 politique et culturelle.", "start_date": "2026-09-02T10:00:00+00:00", "title": "Points de vue"}, {"desc": "metteur en sc\u00e8ne et Raphaele Volkoff, com\u00e9dienne de la pi\u00e8ce \"Le go\u00fbt de la framboise\".", "start_date": "2026-09-02T11:00:00+00:00", "title": "Bienvenue en Ile-de-France"}, {"desc": "Tous les jours sur Le Figaro TV, d\u00e9couvrez la m\u00e9t\u00e9o de la r\u00e9gion \u00cele-de-France.", "start_date": "2026-09-02T11:58:00+00:00", "title": "La m\u00e9t\u00e9o"}, {"desc": "Une d\u00e9couverte de l'entreprise Ecailles et Compagnie et des secrets de fabrication de conserves, de l'\u00e9levage des poissons, au fumage des truites et \u00e0 la mise en conserve.", "start_date": "2026-09-02T12:00:00+00:00", "title": "Le panier Francilien"}, {"desc": "Une plong\u00e9e au c\u0153ur de la boulangerie Les Gaulois, pour d\u00e9couvrir les secrets de fabrication de pain, confectionn\u00e9 \u00e0 base de farine francilienne.", "start_date": "2026-09-02T12:15:00+00:00", "title": "Le panier Francilien"}, {"desc": "Situ\u00e9 tout pr\u00e8s de Fontainebleau, au Sud de Paris, le village de Moret-sur-Loing doit sa renomm\u00e9e \u00e0 Alfred Sisley, peintre impressionniste du XIXe si\u00e8cle.", "start_date": "2026-09-02T12:30:00+00:00", "title": "Mon beau village d'Ile-de-France"}, {"desc": "Construite par Bertin l'A\u00een\u00e9, directeur du Journal des \"D\u00e9bats\", la Maison Litt\u00e9raire de Victor Hugo attire, entre 1815 et 1841, les figures politiques et artistiques majeures.", "start_date": "2026-09-02T13:00:00+00:00", "title": "Une vie de ch\u00e2teau"}, {"desc": "Pens\u00e9 par l'architecte Fran\u00e7ois Mansart, le Ch\u00e2teau de Maison, chef-d'\u0153uvre architectural du XVIIe si\u00e8cle, allie les styles classiques et baroques.", "start_date": "2026-09-02T13:30:00+00:00", "title": "Une vie de ch\u00e2teau"}, {"desc": "Situ\u00e9 sur les bords de Seine, dans le V\u1d49 arrondissement, l'Institut du Monde Arabe, une fondation priv\u00e9e, est un v\u00e9ritable pont entre la France et le monde arabe.", "start_date": "2026-09-02T14:00:00+00:00", "title": "Un pas au Mus\u00e9e"}, {"desc": "L'univers des joailliers, o\u00f9 la beaut\u00e9 prend forme entre les mains de Thierry Vendome et Karl Mazlo. Ces artisans transforment pierres et m\u00e9taux pr\u00e9cieux en bijoux uniques.", "start_date": "2026-09-02T15:00:00+00:00", "title": "M\u00e9tiers d'art, les secrets de l'excellence"}, {"desc": "Laetitia, Issa, Sandra et Maxime partent explorer les territoires oubli\u00e9s du monde afin de fabriquer des voyages in\u00e9dits pour des touristes en qu\u00eate d'aventure.", "start_date": "2026-09-02T15:30:00+00:00", "title": "Chasseurs d'aventures"}, {"desc": "Chaque jour, Damien Canivez, Nicolas Vollaire et Sarah Lecoeuvre vous guident dans un tour d'horizon de l'actualit\u00e9 t\u00e9l\u00e9visuelle aux c\u00f4t\u00e9s d'une personnalit\u00e9. Ensemble, ils explorent les coulisses des programmes, d\u00e9cryptent les tendances et partagent des anecdotes in\u00e9dites, rendant l'univers de la t\u00e9l\u00e9 plus accessible et vivant que jamais !", "start_date": "2026-09-02T16:30:00+00:00", "title": "Le Buzz TV"}, {"desc": "Tous les jours sur Le Figaro TV, d\u00e9couvrez la m\u00e9t\u00e9o de la r\u00e9gion \u00cele-de-France.", "start_date": "2026-09-02T16:58:00+00:00", "title": "La m\u00e9t\u00e9o"}, {"desc": "Invit\u00e9es : Marion Bierry, metteuse en sc\u00e8ne et Pamela Ravassard, com\u00e9dienne de la pi\u00e8ce \"Quatrevingt-treize\".", "start_date": "2026-09-02T17:00:00+00:00", "title": "Bienvenue en Ile-de-France"}, {"desc": "Tous les jours sur Le Figaro TV, d\u00e9couvrez la m\u00e9t\u00e9o de la r\u00e9gion \u00cele-de-France.", "start_date": "2026-09-02T17:58:00+00:00", "title": "La m\u00e9t\u00e9o"}, {"desc": "Chaque jour, Vincent Roux, Anne-Emmanuelle Isaac et Timoth\u00e9 Dhellemes vous donnent rendez-vous en direct, avec trois invit\u00e9s, pour un \u00e9change dynamique sur les sujets br\u00fblants de l'actualit\u00e9 politique et culturelle.", "start_date": "2026-09-02T18:00:00+00:00", "title": "Points de vue"}, {"desc": "Tous les jours sur Le Figaro TV, d\u00e9couvrez la m\u00e9t\u00e9o de la r\u00e9gion \u00cele-de-France.", "start_date": "2026-09-02T18:58:00+00:00", "title": "La m\u00e9t\u00e9o"}, {"desc": "Henri de Toulouse-Lautrec est rest\u00e9 c\u00e9l\u00e8bre comme le peintre de Montmartre, celui qui a su croquer la Boh\u00e8me parisienne \u00e0 la fin du XIXe si\u00e8cle.", "start_date": "2026-09-02T19:00:00+00:00", "title": "Les grands ma\u00eetres de la peinture"}, {"desc": "Vieille de 2 500 ans, Narbonne est une capitale oubli\u00e9e. Perch\u00e9e au bord du golfe du Lion, cette cit\u00e9 m\u00e9diterran\u00e9enne fut la premi\u00e8re colonie romaine fond\u00e9e hors d'Italie.", "start_date": "2026-09-02T20:00:00+00:00", "title": "Chroniques d'une cit\u00e9"}, {"desc": "Le ha\u00eftien James No\u00ebl publie un nouveau recueil de po\u00e9sie dans lequel il red\u00e9verse tout son talent. Il en discute avec Fr\u00e9d\u00e9ric Beigbeder.", "start_date": "2026-09-02T21:00:00+00:00", "title": "Conversations chez Lap\u00e9rouse"}, {"desc": "Situ\u00e9 \u00e0 Chambourcy, le club priv\u00e9 de Joyenval, ouvert en 1992 au c\u0153ur de la for\u00eat de Marly, a \u00e9t\u00e9 imagin\u00e9 par l'architecte am\u00e9ricain Robert Trent Jones Sr. Joyenval compte deux parcours de 18 trous : Marly, parcours de championnat, et Retz, aux allures de links. Le domaine de 220 hectares s'inscrit sur un site historique li\u00e9 au D\u00e9sert de Retz, ancien domaine de chasse des rois de France.", "start_date": "2026-09-02T21:30:00+00:00", "title": "Echapp\u00e9es Golf"}, {"desc": "Tous les jours sur Le Figaro TV, d\u00e9couvrez la m\u00e9t\u00e9o de la r\u00e9gion \u00cele-de-France.", "start_date": "2026-09-02T21:58:00+00:00", "title": "La m\u00e9t\u00e9o"}, {"desc": "Chaque jour, Vincent Roux, Anne-Emmanuelle Isaac et Timoth\u00e9 Dhellemes vous donnent rendez-vous en direct, avec trois invit\u00e9s, pour un \u00e9change dynamique sur les sujets br\u00fblants de l'actualit\u00e9 politique et culturelle.", "start_date": "2026-09-02T22:00:00+00:00", "title": "Points de vue"}, {"desc": "Natacha Polony et Laetitia Strauch-Bonart abordent le sujet du jour, qui est \"La France manque-t-elle de souverainet\u00e9 ou de libert\u00e9 ?\".", "start_date": "2026-09-02T23:00:00+00:00", "title": "Le Club Le Figaro Id\u00e9es"}, {"desc": "Le ha\u00eftien James No\u00ebl publie un nouveau recueil de po\u00e9sie dans lequel il red\u00e9verse tout son talent. Il en discute avec Fr\u00e9d\u00e9ric Beigbeder.", "start_date": "2026-09-03T00:00:00+00:00", "title": "Conversations chez Lap\u00e9rouse"}, {"desc": "Invit\u00e9es : Marion Bierry, metteuse en sc\u00e8ne et Pamela Ravassard, com\u00e9dienne de la pi\u00e8ce \"Quatrevingt-treize\".", "start_date": "2026-09-03T00:30:00+00:00", "title": "Bienvenue en Ile-de-France"}, {"desc": "Retrouvez tous vos programmes de nuit.", "start_date": "2026-09-03T01:30:00+00:00", "title": "Programmes de la nuit"}, {"desc": "Chaque jour, Vincent Roux, Anne-Emmanuelle Isaac et Timoth\u00e9 Dhellemes vous donnent rendez-vous en direct, avec trois invit\u00e9s, pour un \u00e9change dynamique sur les sujets br\u00fblants de l'actualit\u00e9 politique et culturelle.", "start_date": "2026-09-03T04:00:00+00:00", "title": "Points de vue"}, {"desc": "Plongez au c\u0153ur du patrimoine francilien avec les chroniques de Bienvenue en \u00cele-de-France. Chaque \u00e9pisode vous invite \u00e0 d\u00e9couvrir l'histoire riche et souvent m\u00e9connue de la r\u00e9gion : lieux embl\u00e9matiques, figures marquantes, expositions incontournables... L'\u00cele-de-France comme vous ne l'avez jamais vue, entre pass\u00e9 glorieux et initiatives contemporaines.", "start_date": "2026-09-03T04:55:00+00:00", "title": "Bienvenue en Ile-de-France"}, {"desc": "Tous les jours sur Le Figaro TV, d\u00e9couvrez la m\u00e9t\u00e9o de la r\u00e9gion \u00cele-de-France.", "start_date": "2026-09-03T04:58:00+00:00", "title": "La m\u00e9t\u00e9o"}, {"desc": "Invit\u00e9es : Marion Bierry, metteuse en sc\u00e8ne et Pamela Ravassard, com\u00e9dienne de la pi\u00e8ce \"Quatrevingt-treize\".", "start_date": "2026-09-03T05:00:00+00:00", "title": "Bienvenue en Ile-de-France"}, {"desc": "Natacha Polony et Laetitia Strauch-Bonart abordent le sujet du jour, qui est \"La France manque-t-elle de souverainet\u00e9 ou de libert\u00e9 ?\".", "start_date": "2026-09-03T06:00:00+00:00", "title": "Le Club Le Figaro Id\u00e9es"}, {"desc": "Tous les jours sur Le Figaro TV, d\u00e9couvrez la m\u00e9t\u00e9o de la r\u00e9gion \u00cele-de-France.", "start_date": "2026-09-03T06:58:00+00:00", "title": "La m\u00e9t\u00e9o"}, {"desc": "Au programme : les cr\u00e9ations de la Petite Papeterie Fran\u00e7aise, la d\u00e9couverte de Fred Le Chevalier, les bonnes adresses de Boulogne et avis \u00e0 tous les becs sucr\u00e9s fan de caramel.", "start_date": "2026-09-03T07:00:00+00:00", "title": "Version fran\u00e7aise"}, {"desc": "Dans le Toulonnais, la terre sait offrir aux habitants des fruits savoureux. B\u00e9atrice Lambert r\u00e9colte la figue de Solli\u00e8s, Bernard Simondi s'affaire autour de tomates anciennes.", "start_date": "2026-09-03T07:30:00+00:00", "title": "Epicerie fine"}, {"desc": "En plein coeur du Cantal, le chef \u00e9toil\u00e9 Renaud Darmanin, \u00e0 la t\u00eate de l'Auberge de la Tour \u00e0 Marcol\u00e8s depuis 2010, s'offre un plongeon dans les coulisses de l'histoire en relevant un d\u00e9fi original. En effet, il se voit charg\u00e9 de revisiter la cuisine gauloise, en m\u00ealant tradition et modernit\u00e9 pour tenter de recr\u00e9er des saveurs ancestrales.", "start_date": "2026-09-03T08:00:00+00:00", "title": "La cuisine de nos anc\u00eatres"}, {"desc": "N\u00e9e il y a plus de mille ans, Salers est une cit\u00e9 de montagne au charme intact, qui plonge ses visiteurs dans une atmosph\u00e8re hors du temps.", "start_date": "2026-09-03T09:00:00+00:00", "title": "Chroniques d'une cit\u00e9"}, {"desc": "Tous les jours sur Le Figaro TV, d\u00e9couvrez la m\u00e9t\u00e9o de la r\u00e9gion \u00cele-de-France.", "start_date": "2026-09-03T09:58:00+00:00", "title": "La m\u00e9t\u00e9o"}, {"desc": "Chaque jour, Vincent Roux, Anne-Emmanuelle Isaac et Timoth\u00e9 Dhellemes vous donnent rendez-vous en direct, avec trois invit\u00e9s, pour un \u00e9change dynamique sur les sujets br\u00fblants de l'actualit\u00e9 politique et culturelle.", "start_date": "2026-09-03T10:00:00+00:00", "title": "Points de vue"}, {"desc": "Invit\u00e9es : Marion Bierry, metteuse en sc\u00e8ne et Pamela Ravassard, com\u00e9dienne de la pi\u00e8ce \"Quatrevingt-treize\".", "start_date": "2026-09-03T11:00:00+00:00", "title": "Bienvenue en Ile-de-France"}, {"desc": "Tous les jours sur Le Figaro TV, d\u00e9couvrez la m\u00e9t\u00e9o de la r\u00e9gion \u00cele-de-France.", "start_date": "2026-09-03T11:58:00+00:00", "title": "La m\u00e9t\u00e9o"}, {"desc": "Une plong\u00e9e au c\u0153ur de la ferme Moret, pour d\u00e9couvrir la transformation du lait de ch\u00e8vre pour en faire un fromage de ch\u00e8vre 100% francilien et biologique.", "start_date": "2026-09-03T12:00:00+00:00", "title": "Le panier Francilien"}, {"desc": "Gros plan sur une culture de champignons de Paris et une d\u00e9couverte des secrets de fabrication de tartinade de champignons en conserves.", "start_date": "2026-09-03T12:15:00+00:00", "title": "Le panier Francilien"}, {"desc": "\u00c0 la limite de la Normandie se situe La Roche-Guyon. Domin\u00e9 par un donjon lui-m\u00eame reli\u00e9 au ch\u00e2teau par des escaliers souterrains, le village regorge de r\u00e9cits historiques.", "start_date": "2026-09-03T12:30:00+00:00", "title": "Mon beau village d'Ile-de-France"}, {"desc": "\u00c0 35 km au sud de Paris, le Domaine d\u00e9partemental de Chamarande est le plus vaste jardin public de l'Essonne. Le lieu accueille un centre artistique.", "start_date": "2026-09-03T13:00:00+00:00", "title": "Une vie de ch\u00e2teau"}, {"desc": "Le Ch\u00e2teau de Farcheville, avec son architecture et ses jardins pittoresques, offre une exp\u00e9rience f\u00e9erique, des salles somptueusement d\u00e9cor\u00e9es et des meubles d'\u00e9poque, un cadre id\u00e9al pour des \u00e9v\u00e9nements sp\u00e9ciaux. Jean Chalopin, c\u00e9l\u00e8bre cr\u00e9ateur de dessins anim\u00e9s, y a entrepris d'importantes restaurations \u00e0 l'image de ses productions.", "start_date": "2026-09-03T13:30:00+00:00", "title": "Une vie de ch\u00e2teau"}, {"desc": "Sur le boulevard Haussmann, le mus\u00e9e Jacquemart-Andr\u00e9 est un ancien h\u00f4tel particulier des \u00e9poux Jacquemart-Andr\u00e9 qui abrite une remarquable collection priv\u00e9e d'oeuvres d'art.", "start_date": "2026-09-03T14:00:00+00:00", "title": "Un pas au Mus\u00e9e"}, {"desc": "Une d\u00e9couverte de l'orf\u00e8vrerie d'art, un m\u00e9tier qui exige une minutie extr\u00eame pour sublimer les m\u00e9taux pr\u00e9cieux comme l'or et l'argent. Visite des ateliers Richard Orf\u00e8vre et Camille Orf\u00e8vre, o\u00f9 objets et bijoux sont cr\u00e9\u00e9s et restaur\u00e9s chaque jour avec un savoir-faire exceptionnel.", "start_date": "2026-09-03T15:00:00+00:00", "title": "M\u00e9tiers d'art, les secrets de l'excellence"}, {"desc": "Henri de Toulouse-Lautrec est rest\u00e9 c\u00e9l\u00e8bre comme le peintre de Montmartre, celui qui a su croquer la Boh\u00e8me parisienne \u00e0 la fin du XIXe si\u00e8cle.", "start_date": "2026-09-03T15:30:00+00:00", "title": "Les grands ma\u00eetres de la peinture"}, {"desc": "Chaque jour, Damien Canivez, Nicolas Vollaire et Sarah Lecoeuvre vous guident dans un tour d'horizon de l'actualit\u00e9 t\u00e9l\u00e9visuelle aux c\u00f4t\u00e9s d'une personnalit\u00e9. Ensemble, ils explorent les coulisses des programmes, d\u00e9cryptent les tendances et partagent des anecdotes in\u00e9dites, rendant l'univers de la t\u00e9l\u00e9 plus accessible et vivant que jamais !", "start_date": "2026-09-03T16:30:00+00:00", "title": "Le Buzz TV"}, {"desc": "Tous les jours sur Le Figaro TV, d\u00e9couvrez la m\u00e9t\u00e9o de la r\u00e9gion \u00cele-de-France.", "start_date": "2026-09-03T16:58:00+00:00", "title": "La m\u00e9t\u00e9o"}, {"desc": "Chaque jour, Victoire Sikora, Damien Canivez et leurs invit\u00e9s vous emm\u00e8nent \u00e0 la d\u00e9couverte des multiples visages de l'\u00cele-de-France. Entre histoire, culture, innovation et travail, explorez cette r\u00e9gion dynamique \u00e0 travers des rencontres et des entretiens passionnants. Red\u00e9couvrez l'\u00cele-de-France sous un angle nouveau !", "start_date": "2026-09-03T17:00:00+00:00", "title": "Bienvenue en Ile-de-France"}, {"desc": "Tous les jours sur Le Figaro TV, d\u00e9couvrez la m\u00e9t\u00e9o de la r\u00e9gion \u00cele-de-France.", "start_date": "2026-09-03T17:58:00+00:00", "title": "La m\u00e9t\u00e9o"}, {"desc": "Chaque jour, Vincent Roux, Anne-Emmanuelle Isaac et Timoth\u00e9 Dhellemes vous donnent rendez-vous en direct, avec trois invit\u00e9s, pour un \u00e9change dynamique sur les sujets br\u00fblants de l'actualit\u00e9 politique et culturelle.", "start_date": "2026-09-03T18:00:00+00:00", "title": "Points de vue"}, {"desc": "Tous les jours sur Le Figaro TV, d\u00e9couvrez la m\u00e9t\u00e9o de la r\u00e9gion \u00cele-de-France.", "start_date": "2026-09-03T18:58:00+00:00", "title": "La m\u00e9t\u00e9o"}, {"desc": "Peintre fran\u00e7ais majeur de la fin du XIXe si\u00e8cle, Edouard Manet est consid\u00e9r\u00e9 comme l'initiateur de la peinture moderne qu'il lib\u00e8re de l'acad\u00e9misme.", "start_date": "2026-09-03T19:00:00+00:00", "title": "Les grands ma\u00eetres de la peinture"}, {"desc": "N\u00e9e il y a plus de mille ans, Salers est une cit\u00e9 de montagne au charme intact, qui plonge ses visiteurs dans une atmosph\u00e8re hors du temps.", "start_date": "2026-09-03T20:00:00+00:00", "title": "Chroniques d'une cit\u00e9"}, {"desc": "Situ\u00e9 \u00e0 Chambourcy, le club priv\u00e9 de Joyenval, ouvert en 1992 au c\u0153ur de la for\u00eat de Marly, a \u00e9t\u00e9 imagin\u00e9 par l'architecte am\u00e9ricain Robert Trent Jones Sr. Joyenval compte deux parcours de 18 trous : Marly, parcours de championnat, et Retz, aux allures de links. Le domaine de 220 hectares s'inscrit sur un site historique li\u00e9 au D\u00e9sert de Retz, ancien domaine de chasse des rois de France.", "start_date": "2026-09-03T21:00:00+00:00", "title": "Echapp\u00e9es Golf"}, {"desc": "Philippe fabrique un produit qui n\u00e9cessite des heures de transformation : le c\u00e9l\u00e8bre Pruneau d'Agen. Sabrina et Patrick produisent la noisette de Cancon.", "start_date": "2026-09-03T21:30:00+00:00", "title": "Epicerie fine"}, {"desc": "Tous les jours sur Le Figaro TV, d\u00e9couvrez la m\u00e9t\u00e9o de la r\u00e9gion \u00cele-de-France.", "start_date": "2026-09-03T21:58:00+00:00", "title": "La m\u00e9t\u00e9o"}, {"desc": "Chaque jour, Vincent Roux, Anne-Emmanuelle Isaac et Timoth\u00e9 Dhellemes vous donnent rendez-vous en direct, avec trois invit\u00e9s, pour un \u00e9change dynamique sur les sujets br\u00fblants de l'actualit\u00e9 politique et culturelle.", "start_date": "2026-09-03T22:00:00+00:00", "title": "Points de vue"}, {"desc": "Nawell Madani, co-r\u00e9alisatrice, co-sc\u00e9nariste et actrice principale de \"Jusqu'au bout\" sur Netflix et Lionnel Astier, acteur dans \"Les aventuri\u00e8res\", sont les invit\u00e9s de l'\u00e9mission.", "start_date": "2026-09-03T23:00:00+00:00", "title": "Le Club Le Figaro Culture"}], "offset": "+00:00", "timezone": "UTC", "error_code": -1, "start_date": "2026-09-02", "icon": ""}