{"end_date": "2026-09-03", "name": "France 3 - Limousin", "info_url": "https://epg.pw/channels/443231/20260902.html", "country": "France", "description": null, "error_message": "", "provider": "", "source_url": "https://epg.pw/api/epg.json?channel_id=443231&date=20260902&timezone=None", "epg_list": [{"desc": "Romans, essais, classiques ou encore bandes dessin\u00e9es, Fran\u00e7ois Busnel vous propose chaque jour de d\u00e9couvrir ou red\u00e9couvrir une \u0153uvre fran\u00e7aise ou \u00e9trang\u00e8re : du lundi au dimanche sur toutes les antennes du groupe France T\u00e9l\u00e9visions !", "start_date": "2026-09-02T01:25:00+00:00", "title": "La p'tite librairie"}, {"desc": "Carmen a pass\u00e9 sa vie \u00e0 faire le m\u00e9nage. D\u00e9sormais install\u00e9e en Galice, sa voix se m\u00eale \u00e0 celles de jeunes filles pour mettre en valeur des chants d'hier et d'aujourd'hui.", "start_date": "2026-09-02T01:30:00+00:00", "title": "De brisa y de sol"}, {"desc": null, "start_date": "2026-09-02T02:35:00+00:00", "title": "Les matinales"}, {"desc": null, "start_date": "2026-09-02T02:45:00+00:00", "title": "Duels en familles"}, {"desc": null, "start_date": "2026-09-02T03:20:00+00:00", "title": "Slam"}, {"desc": "Engager tous ses muscles avec des alt\u00e8res.", "start_date": "2026-09-02T04:01:00+00:00", "title": "Alors on bouge en r\u00e9gion"}, {"desc": null, "start_date": "2026-09-02T04:30:00+00:00", "title": "ICI Matin - Limousin"}, {"desc": "Cette s\u00e9ance est accessible \u00e0 tous, elle permettra d'am\u00e9liorer votre forme physique tout en pr\u00e9servant vos articulations.", "start_date": "2026-09-02T07:05:00+00:00", "title": "Alors on bouge en r\u00e9gion"}, {"desc": "Des films de Marcel Pagnol aux thrillers muscl\u00e9s de C\u00e9dric Jimenez, Marseille a d\u00e9sormais int\u00e9gr\u00e9 la cour des grands de la production audiovisuelle mondiale.", "start_date": "2026-09-02T07:32:00+00:00", "title": "Marseille, de Pagnol \u00e0 Netflix : le mythe du r\u00eave hollywoodien"}, {"desc": "Romans, essais, classiques ou encore bandes dessin\u00e9es, Fran\u00e7ois Busnel vous propose chaque jour de d\u00e9couvrir ou red\u00e9couvrir une \u0153uvre fran\u00e7aise ou \u00e9trang\u00e8re : du lundi au dimanche sur toutes les antennes du groupe France T\u00e9l\u00e9visions !", "start_date": "2026-09-02T08:25:00+00:00", "title": "La p'tite librairie"}, {"desc": "Ce magazine va nous faire d\u00e9couvrir les r\u00e9gions fran\u00e7aises en plongeant le t\u00e9l\u00e9spectateur au c\u0153ur d'une ville, d'un d\u00e9partement fran\u00e7ais, d'une r\u00e9gion, et lui fera d\u00e9couvrir son histoire, ses richesses patrimoniales, ses sp\u00e9cialit\u00e9s gastronomiques et ses lieux incontournables\u2026 Escales en France va \u00e0 la rencontre de ces fran\u00e7ais agriculteurs, marins p\u00eacheurs, artisans, restaurateurs, \u00e9leveurs, guid", "start_date": "2026-09-02T08:30:00+00:00", "title": "Escales en France"}, {"desc": "Romuald Royer fait escale en Balagne cette semaine pour faire connaissance avec Serena Sanna, une \u00e9leveuse de brebis productrice de brocciu, que le monde envie \u00e0 la Corse.", "start_date": "2026-09-02T09:00:00+00:00", "title": "Al Dente"}, {"desc": "Alain Bosc-Biern, producteur de menthe poivr\u00e9e \u00e0 Milly-la-For\u00eat, en Ile-de-France, cuisine un savoureux carr\u00e9 d'agneau \u00e0 la menthe accompagn\u00e9 d'un gratin dauphinois.", "start_date": "2026-09-02T09:30:00+00:00", "title": "C'est succulent !"}, {"desc": null, "start_date": "2026-09-02T10:00:00+00:00", "title": "M\u00e9t\u00e9o"}, {"desc": "Pr\u00e9par\u00e9 et propos\u00e9 par la R\u00e9daction du P\u00f4le Outre-mer Une production France T\u00e9l\u00e9visions Pr\u00e9sent\u00e9 en alternance par Kessi Weishaupt et Laurence Theatin Le journal d'information qui vous emm\u00e8ne au c\u0153ur des Outre-mer et de leur actualit\u00e9.", "start_date": "2026-09-02T10:05:00+00:00", "title": "Outremer.l'info"}, {"desc": "Aujourd'hui, on va parler d'ab\u00eemes, de Lucifer et de haute technologie !", "start_date": "2026-09-02T10:15:00+00:00", "title": "Histoire d'ICI"}, {"desc": null, "start_date": "2026-09-02T10:22:00+00:00", "title": "M\u00e9t\u00e9o - Nouvelle Aquitaine"}, {"desc": "Regarder la vid\u00e9o \u00c9mission du lundi 2 d\u00e9cembre 2024 sur france.tv.", "start_date": "2026-09-02T10:25:00+00:00", "title": "ICI 12/13 - Limousin"}, {"desc": null, "start_date": "2026-09-02T10:55:00+00:00", "title": "M\u00e9t\u00e9o \u00e0 la carte"}, {"desc": "Une \u00e9mission r\u00e9alis\u00e9e par Captain Productions Une production Enibas Productions, A Prime Group, avec la participation de France T\u00e9l\u00e9visions R\u00e9dacteurs en chef : St\u00e9phane Evanno et Laetitia Bouchon Pr\u00e9sent\u00e9e par Marine Vignes et Laurent Romejko En direct Ce nouveau format se veut encore plus interactif. Les t\u00e9l\u00e9spectateurs gardent une place importante dans l'\u00e9mission et sur les r\u00e9seaux. Les photos ", "start_date": "2026-09-02T11:55:00+00:00", "title": "M\u00e9t\u00e9o \u00e0 la carte (la suite)"}, {"desc": "A la suite d'un \u00e9trange incident survenu \u00e0 une patiente, la directrice d'un h\u00f4pital est retrouv\u00e9e morte. Le commissaire Marc Hoffmann ouvre une enqu\u00eate.", "start_date": "2026-09-02T12:40:00+00:00", "title": "Rex, chien flic"}, {"desc": "Le cadavre d'un serveur est d\u00e9couvert \u00e0 son domicile. La police suspecte d'abord sa petite amie. Mais l'ex-dulcin\u00e9e du d\u00e9funt a des choses \u00e0 r\u00e9v\u00e9ler.", "start_date": "2026-09-02T13:35:00+00:00", "title": "Rex, chien flic"}, {"desc": "Marc enqu\u00eate sur la mort de deux personnes, empoisonn\u00e9es par des cachets de vitamines. Il pense qu'un laboratoire concurrent veut faire interdire le produit.", "start_date": "2026-09-02T14:35:00+00:00", "title": "Rex, chien flic"}, {"desc": null, "start_date": "2026-09-02T15:25:00+00:00", "title": "Duels en familles"}, {"desc": null, "start_date": "2026-09-02T16:00:00+00:00", "title": "Slam"}, {"desc": "Programme Court Parrain\u00e9 avec FTP Annonceur GMF Production VML.", "start_date": "2026-09-02T16:34:00+00:00", "title": "R\u00e9flexe !"}, {"desc": null, "start_date": "2026-09-02T16:50:00+00:00", "title": "Journal M\u00e9t\u00e9o Climat"}, {"desc": null, "start_date": "2026-09-02T17:00:00+00:00", "title": "Histoire d'ICI"}, {"desc": null, "start_date": "2026-09-02T17:04:00+00:00", "title": "Qualit\u00e9 de l'air - Nouvelle Aquitaine"}, {"desc": null, "start_date": "2026-09-02T17:05:00+00:00", "title": "ICI 19/20 Limousin les titres"}, {"desc": null, "start_date": "2026-09-02T17:06:00+00:00", "title": "M\u00e9t\u00e9o - Nouvelle Aquitaine"}, {"desc": null, "start_date": "2026-09-02T17:07:00+00:00", "title": "ICI 19/20 - Pays de Corr\u00e8ze"}, {"desc": null, "start_date": "2026-09-02T17:14:00+00:00", "title": "ICI 19/20 - Limousin"}, {"desc": null, "start_date": "2026-09-02T17:50:00+00:00", "title": "On vous emm\u00e8ne ici"}, {"desc": "Le magazine qui va au-del\u00e0 du seul r\u00e9sultat sportif : histoires humaines, enjeux soci\u00e9taux, innovations, culture sport, inclusion, environnement\u2026 Un regard moderne et ouvert sur le sport d'aujourd'hui.", "start_date": "2026-09-02T18:00:00+00:00", "title": "Stade 2 la quotidienne"}, {"desc": "Page quotidienne in\u00e9dite enti\u00e8rement d\u00e9di\u00e9e \u00e0 la Ligue 1 de football, offrant une immersion totale au c\u0153ur du championnat de France : derni\u00e8res actualit\u00e9s, r\u00e9sultats, informations sur les clubs et joueurs du championnat de France de football.", "start_date": "2026-09-02T18:10:00+00:00", "title": "Stade 2 Ligue 1"}, {"desc": null, "start_date": "2026-09-02T18:20:00+00:00", "title": "M\u00e9t\u00e9o - Nouvelle Aquitaine"}, {"desc": "Sabine comprend qu'une fois de plus, Claudine l'a manipul\u00e9e pour obtenir ce qu'elle voulait. C\u00f4t\u00e9 enqu\u00eate, Manu se heurte \u00e0 un suspect mutique.", "start_date": "2026-09-02T18:25:00+00:00", "title": "Un si grand soleil"}, {"desc": "Florent d\u00e9couvre un autre visage de C\u00e9cile. Quant \u00e0 Sabine, elle appr\u00e9hende le retour de C\u00e9leste, sa belle-m\u00e8re.", "start_date": "2026-09-02T18:45:00+00:00", "title": "Un si grand soleil"}, {"desc": "Au sommaire : \"Belle-\u00cele-en-Mer : Le pari fou d'un festival gastronomique 100% local\". - \"Plouharnel : Les bunkers de l'Occupation deviennent l'atout touristique de demain\".", "start_date": "2026-09-02T19:10:00+00:00", "title": "La France des villages"}, {"desc": "Au sommaire : \"Rieux-Volvestre : Le tir au Papogaye, une tradition m\u00e9di\u00e9vale au coeur du village\". - \"Aguessac : une ma\u00eetre verrier au chevet des petites \u00e9glises de village\".", "start_date": "2026-09-02T20:10:00+00:00", "title": "La France des villages"}, {"desc": "Louis, Marie, L\u00e9o et Mathieu ont de 26 A 34 ans : ils incarnent tous une g\u00e9n\u00e9ration qui construit son univers professionnel sur de nouveaux \u00e9quilibres.", "start_date": "2026-09-02T21:00:00+00:00", "title": "A nous la terre\u2026 de Nouvelle-Aquitaine"}, {"desc": "Des contreforts de l'Aubrac aux falaises des Grands Causses, Samuel Ostiguy et Jeanfi Janssens vivent un road trip joyeux et sensible, \u00e0 la rencontre de femmes et d'hommes passionn\u00e9s, qui cultivent l'interd\u00e9pendance et s\u00e8ment les graines d'autres fa\u00e7ons d'habiter le monde. Des moments charg\u00e9s de sens et riches d'\u00e9changes.", "start_date": "2026-09-02T22:00:00+00:00", "title": "Nos terres inconnues"}, {"desc": null, "start_date": "2026-09-02T23:35:00+00:00", "title": "Journal M\u00e9t\u00e9o Climat"}, {"desc": "Dans la France des ann\u00e9es 1950, ma m\u00e8re, blonde aux yeux bleus, a aim\u00e9 un beau S\u00e9n\u00e9galai, disparu avant ma naissance. De lui ne me restent que la couleur de ma peau.", "start_date": "2026-09-02T23:40:00+00:00", "title": "Ce qui reste des amours de nos m\u00e8res"}, {"desc": "Romans, essais, classiques ou encore bandes dessin\u00e9es, Fran\u00e7ois Busnel vous propose chaque jour de d\u00e9couvrir ou red\u00e9couvrir une \u0153uvre fran\u00e7aise ou \u00e9trang\u00e8re : du lundi au dimanche sur toutes les antennes du groupe France T\u00e9l\u00e9visions !", "start_date": "2026-09-03T00:45:00+00:00", "title": "La p'tite librairie"}, {"desc": null, "start_date": "2026-09-03T00:50:00+00:00", "title": "Le gala de l'humour - juste pour rire"}, {"desc": null, "start_date": "2026-09-03T02:40:00+00:00", "title": "Les matinales"}, {"desc": null, "start_date": "2026-09-03T02:45:00+00:00", "title": "Duels en familles"}, {"desc": null, "start_date": "2026-09-03T03:20:00+00:00", "title": "Slam"}, {"desc": "Quelques exercices \u00e0 mettre en place de fa\u00e7on r\u00e9guli\u00e8re, afin de renforcer le bas du corps, le rendre plus mobile et am\u00e9liorer son \u00e9quilibre et sa stabilit\u00e9.", "start_date": "2026-09-03T04:01:00+00:00", "title": "Alors on bouge en r\u00e9gion"}, {"desc": null, "start_date": "2026-09-03T04:30:00+00:00", "title": "ICI Matin - Limousin"}, {"desc": "Une session sur chaise \u00e0 faire au bureau ou chez soi ,pour renforcer le corps,lib\u00e9rer les tensions dans la colonne dues \u00e0 une posture assise trop longue et r\u00e9duire la graisse abdominale. Accessible \u00e0 tous.", "start_date": "2026-09-03T07:05:00+00:00", "title": "Alors on bouge en r\u00e9gion"}, {"desc": "Retour sur l'histoire du groupe Casino, une enseigne embl\u00e9matique du commerce fran\u00e7ais, pionni\u00e8re dans la transformation de l'\u00e9picerie traditionnelle en supermarch\u00e9 moderne.", "start_date": "2026-09-03T07:32:00+00:00", "title": "Casino, la chute d'un g\u00e9ant"}, {"desc": "Une \u00e9mission propos\u00e9e et \u00e9crite par Fran\u00e7ois Busnel Produite par Rosebud Productions avec la participation de France T\u00e9l\u00e9visions Fran\u00e7ois Busnel propose chaque jour de vous faire d\u00e9couvrir ou red\u00e9couvrir une \u0153uvre fran\u00e7aise ou \u00e9trang\u00e8re : roman, essai, grand classique ou encore bande dessin\u00e9e.", "start_date": "2026-09-03T08:25:00+00:00", "title": "La p'tite librairie"}, {"desc": "Ce magazine va nous faire d\u00e9couvrir les r\u00e9gions fran\u00e7aises en plongeant le t\u00e9l\u00e9spectateur au c\u0153ur d'une ville, d'un d\u00e9partement fran\u00e7ais, d'une r\u00e9gion, et lui fera d\u00e9couvrir son histoire, ses richesses patrimoniales, ses sp\u00e9cialit\u00e9s gastronomiques et ses lieux incontournables\u2026 Escales en France va \u00e0 la rencontre de ces fran\u00e7ais agriculteurs, marins p\u00eacheurs, artisans, restaurateurs, \u00e9leveurs, guid", "start_date": "2026-09-03T08:30:00+00:00", "title": "Escales en France"}, {"desc": "Dans le village de Quenza r\u00e9put\u00e9 pour sa cuisine traditionnelle, rencontre notamment avec F\u00e9licien Balesi, un des pionniers de l'accueil touristique dans la Corse de l'int\u00e9rieur.", "start_date": "2026-09-03T09:00:00+00:00", "title": "Al Dente"}, {"desc": "Alexandra Retion, di\u00e9t\u00e9ticienne-nutritionniste et grande gourmande, cuisine un cheesecake sal\u00e9 aux asperges, au cresson et au fromage de ch\u00e8vre, une alliance fra\u00eeche et savoureuse.", "start_date": "2026-09-03T09:30:00+00:00", "title": "C'est succulent !"}, {"desc": null, "start_date": "2026-09-03T10:00:00+00:00", "title": "M\u00e9t\u00e9o"}, {"desc": "Pr\u00e9par\u00e9 et propos\u00e9 par la R\u00e9daction du P\u00f4le Outre-mer Une production France T\u00e9l\u00e9visions Pr\u00e9sent\u00e9 en alternance par Kessi Weishaupt et Laurence Theatin Le journal d'information qui vous emm\u00e8ne au c\u0153ur des Outre-mer et de leur actualit\u00e9.", "start_date": "2026-09-03T10:05:00+00:00", "title": "Outremer.l'info"}, {"desc": "Aujourd'hui, on va parler d'ab\u00eemes, de Lucifer et de haute technologie !", "start_date": "2026-09-03T10:15:00+00:00", "title": "Histoire d'ICI"}, {"desc": null, "start_date": "2026-09-03T10:22:00+00:00", "title": "M\u00e9t\u00e9o - Nouvelle Aquitaine"}, {"desc": "Regarder la vid\u00e9o \u00c9mission du lundi 2 d\u00e9cembre 2024 sur france.tv.", "start_date": "2026-09-03T10:25:00+00:00", "title": "ICI 12/13 - Limousin"}, {"desc": null, "start_date": "2026-09-03T10:55:00+00:00", "title": "M\u00e9t\u00e9o \u00e0 la carte"}, {"desc": "Une \u00e9mission r\u00e9alis\u00e9e par Captain Productions Une production Enibas Productions, A Prime Group, avec la participation de France T\u00e9l\u00e9visions R\u00e9dacteurs en chef : St\u00e9phane Evanno et Laetitia Bouchon Pr\u00e9sent\u00e9e par Marine Vignes et Laurent Romejko En direct Ce nouveau format se veut encore plus interactif. Les t\u00e9l\u00e9spectateurs gardent une place importante dans l'\u00e9mission et sur les r\u00e9seaux. Les photos ", "start_date": "2026-09-03T11:55:00+00:00", "title": "M\u00e9t\u00e9o \u00e0 la carte (la suite)"}, {"desc": "Un jeune homme est assassin\u00e9. Les policiers peinent \u00e0 trouver une piste et savent seulement que son meilleur ami entretenait une liaison avec une mineure.", "start_date": "2026-09-03T12:40:00+00:00", "title": "Rex, chien flic"}, {"desc": "Hoffmann tente de comprendre pourquoi un vieil homme fortun\u00e9 a \u00e9t\u00e9 agress\u00e9 par des inconnus dans sa propri\u00e9t\u00e9. Etrangement, il semble que rien n'ait \u00e9t\u00e9 d\u00e9rob\u00e9.", "start_date": "2026-09-03T13:35:00+00:00", "title": "Rex, chien flic"}, {"desc": "L'un des pensionnaires les plus ex\u00e9crables d'une maison de retraite est assassin\u00e9. Hoffmann se rend sur place et constate que personne ne regrette le d\u00e9funt.", "start_date": "2026-09-03T14:35:00+00:00", "title": "Rex, chien flic"}, {"desc": null, "start_date": "2026-09-03T15:25:00+00:00", "title": "Duels en familles"}, {"desc": null, "start_date": "2026-09-03T16:00:00+00:00", "title": "Slam"}, {"desc": null, "start_date": "2026-09-03T16:50:00+00:00", "title": "Journal M\u00e9t\u00e9o Climat"}, {"desc": null, "start_date": "2026-09-03T17:00:00+00:00", "title": "Histoire d'ICI"}, {"desc": null, "start_date": "2026-09-03T17:04:00+00:00", "title": "Qualit\u00e9 de l'air - Nouvelle Aquitaine"}, {"desc": null, "start_date": "2026-09-03T17:05:00+00:00", "title": "ICI 19/20 Limousin les titres"}, {"desc": null, "start_date": "2026-09-03T17:06:00+00:00", "title": "M\u00e9t\u00e9o - Nouvelle Aquitaine"}, {"desc": null, "start_date": "2026-09-03T17:07:00+00:00", "title": "ICI 19/20 - Pays de Corr\u00e8ze"}, {"desc": null, "start_date": "2026-09-03T17:14:00+00:00", "title": "ICI 19/20 - Limousin"}, {"desc": null, "start_date": "2026-09-03T17:50:00+00:00", "title": "On vous emm\u00e8ne ici"}, {"desc": "Le magazine qui va au-del\u00e0 du seul r\u00e9sultat sportif : histoires humaines, enjeux soci\u00e9taux, innovations, culture sport, inclusion, environnement\u2026 Un regard moderne et ouvert sur le sport d'aujourd'hui.", "start_date": "2026-09-03T18:00:00+00:00", "title": "Stade 2 la quotidienne"}, {"desc": "Page quotidienne in\u00e9dite enti\u00e8rement d\u00e9di\u00e9e \u00e0 la Ligue 1 de football, offrant une immersion totale au c\u0153ur du championnat de France : derni\u00e8res actualit\u00e9s, r\u00e9sultats, informations sur les clubs et joueurs du championnat de France de football.", "start_date": "2026-09-03T18:10:00+00:00", "title": "Stade 2 Ligue 1"}, {"desc": null, "start_date": "2026-09-03T18:20:00+00:00", "title": "M\u00e9t\u00e9o - Nouvelle Aquitaine"}, {"desc": "Florent d\u00e9couvre un autre visage de C\u00e9cile. Quant \u00e0 Sabine, elle appr\u00e9hende le retour de C\u00e9leste, sa belle-m\u00e8re.", "start_date": "2026-09-03T18:25:00+00:00", "title": "Un si grand soleil"}, {"desc": "Alors que Yann se d\u00e9voile sur sa nouvelle relation aupr\u00e8s de ses coll\u00e8gues, la rencontre entre C\u00e9leste et Claudine promet de faire des \u00e9tincelles.", "start_date": "2026-09-03T18:45:00+00:00", "title": "Un si grand soleil"}, {"desc": "Pendant le Festival du cin\u00e9ma britannique de Dinard, un r\u00e9alisateur en comp\u00e9tition est assassin\u00e9. Son meurtre serait-il li\u00e9 au d\u00e9c\u00e8s de sa soeur des ann\u00e9es plus t\u00f4t ?", "start_date": "2026-09-03T19:10:00+00:00", "title": "Lame de fond"}, {"desc": "Arriv\u00e9 en 2021 \u00e0 La Rochelle pour s'installer dans un r\u00eave de bord de mer, Sylvain Lapoix se voit submerg\u00e9 par la prise de conscience d'une mont\u00e9e irr\u00e9m\u00e9diable des risques littoraux.", "start_date": "2026-09-03T20:50:00+00:00", "title": "Un trait sur la c\u00f4te"}, {"desc": "Agn\u00e8s Rosenstiehl proc\u00e8de \u00e0 toutes les \u00e9tapes de fabrication de son prochain livre, pendant que les \u00e9l\u00e8ves de l'\u00e9cole de Tonneville cr\u00e9ent un film d'animation en stop-motion.", "start_date": "2026-09-03T21:42:00+00:00", "title": "Eh Mimi Cracra ! La mer monte !"}, {"desc": null, "start_date": "2026-09-03T22:35:00+00:00", "title": "Journal M\u00e9t\u00e9o Climat"}, {"desc": "A l'occasion des 40 ans de la Fondation Brigitte Bardot, cr\u00e9\u00e9e en 1986, et quelques mois apr\u00e8s la disparition de l'ic\u00f4ne le 28 d\u00e9cembre 2025, cette \u00e9mission raconte le v\u00e9ritable h\u00e9ritage de BB. Entour\u00e9 de nombreux invit\u00e9s, St\u00e9phane Bern dresse le portrait d'une femme qui a transform\u00e9 sa c\u00e9l\u00e9brit\u00e9 en levier d'action, de lois, de sauvetages et de mobilisation populaire au profit de la cause animale.", "start_date": "2026-09-03T22:40:00+00:00", "title": "Brigitte Bardot, le combat en h\u00e9ritage"}], "offset": "+00:00", "timezone": "UTC", "error_code": -1, "start_date": "2026-09-02", "icon": ""}