{"end_date": "2026-09-01", "name": "France 3 - Bretagne", "info_url": "https://epg.pw/channels/443106/20260831.html", "country": "France", "description": null, "error_message": "", "provider": "", "source_url": "https://epg.pw/api/epg.json?channel_id=443106&date=20260831&timezone=None", "epg_list": [{"desc": "1971. Un bus est pris dans une temp\u00eate. Les passagers, dont Morse, se r\u00e9fugient dans un h\u00f4tel abandonn\u00e9. Autrefois, les lieux ont \u00e9t\u00e9 le th\u00e9\u00e2tre d'un crime.", "start_date": "2026-08-31T01:20:00+00:00", "title": "Les enqu\u00eates de Morse"}, {"desc": null, "start_date": "2026-08-31T02:50:00+00:00", "title": "Journal M\u00e9t\u00e9o Climat"}, {"desc": null, "start_date": "2026-08-31T03:00:00+00:00", "title": "Les matinales"}, {"desc": null, "start_date": "2026-08-31T03:15:00+00:00", "title": "Questions pour un champion"}, {"desc": "Cette s\u00e9ance est accessible pour tous. Au programme : 3 \u00e0 4 tours de circuit compos\u00e9s de 5 exercices.", "start_date": "2026-08-31T04:01:00+00:00", "title": "Alors on bouge en r\u00e9gion"}, {"desc": "De 6h30 \u00e0 9h, \\\" Ici Matin \\\" est votre premier rendez-vous de la journ\u00e9e avec l'information de proximit\u00e9. Elle ouvre les matin\u00e9es 100 % r\u00e9gionales de France 3. Au programme, des journaux d'information en hyper proximit\u00e9 tous les quarts d'heure, des points m\u00e9t\u00e9o et trafic r\u00e9guliers, de l'interactivit\u00e9 avec les auditeurs et t\u00e9l\u00e9spectateurs, et surtout une grande bouff\u00e9e de bonne humeur pour d\u00e9marre", "start_date": "2026-08-31T04:30:00+00:00", "title": "ICI Matin"}, {"desc": "La vall\u00e9e du V\u00e9n\u00e9on, en Oisans, compte parmi les plus sauvages des Alpes. Malgr\u00e9 la crue de 2024 qui a emport\u00e9 une partie du hameau de la B\u00e9rarde, la vall\u00e9e continue \u00e0 se reconstruire et veut accueillir \u00e0 nouveau alpinistes et randonneurs.", "start_date": "2026-08-31T07:05:00+00:00", "title": "Chroniques d'en haut"}, {"desc": "Un voyage \u00e0 travers les arcanes du chant gr\u00e9gorien \u00e0 la d\u00e9couverte d'une musique sacr\u00e9e compos\u00e9e au Moyen Age en l'honneur du saint patron de l'Islande.", "start_date": "2026-08-31T07:32:00+00:00", "title": "Le chant des origines"}, {"desc": "Une \u00e9mission propos\u00e9e et \u00e9crite par Fran\u00e7ois Busnel Produite par Rosebud Productions avec la participation de France T\u00e9l\u00e9visions Fran\u00e7ois Busnel propose chaque jour de vous faire d\u00e9couvrir ou red\u00e9couvrir une \u0153uvre fran\u00e7aise ou \u00e9trang\u00e8re : roman, essai, grand classique ou encore bande dessin\u00e9e.", "start_date": "2026-08-31T08:25:00+00:00", "title": "La p'tite librairie"}, {"desc": "Ce magazine va nous faire d\u00e9couvrir les r\u00e9gions fran\u00e7aises en plongeant le t\u00e9l\u00e9spectateur au c\u0153ur d'une ville, d'un d\u00e9partement fran\u00e7ais, d'une r\u00e9gion, et lui fera d\u00e9couvrir son histoire, ses richesses patrimoniales, ses sp\u00e9cialit\u00e9s gastronomiques et ses lieux incontournables\u2026 Escales en France va \u00e0 la rencontre de ces fran\u00e7ais agriculteurs, marins p\u00eacheurs, artisans, restaurateurs, \u00e9leveurs, guid", "start_date": "2026-08-31T08:30:00+00:00", "title": "Escales en France"}, {"desc": "Install\u00e9 au mur de pelote basque construit sur la commune de Santa Maria Poghju il y a 40 ans \u00e0 l'occasion d'un jumelage, le chef accueillera une productrice d'huile d'olive.", "start_date": "2026-08-31T09:00:00+00:00", "title": "Al Dente"}, {"desc": "St\u00e9phanie Ginglinger, vigneronne et propri\u00e9taire d'une maison d'h\u00f4tes \u00e0 Eguisheim, en Alsace, pr\u00e9sente une truite aux petits l\u00e9gumes accompagn\u00e9e d'une chantilly au raifort.", "start_date": "2026-08-31T09:30:00+00:00", "title": "C'est succulent !"}, {"desc": null, "start_date": "2026-08-31T10:00:00+00:00", "title": "M\u00e9t\u00e9o"}, {"desc": null, "start_date": "2026-08-31T10:05:00+00:00", "title": "En terre animale"}, {"desc": null, "start_date": "2026-08-31T10:15:00+00:00", "title": "M\u00e9t\u00e9o - Bretagne"}, {"desc": "Regarder la vid\u00e9o \u00c9mission du lundi 25 novembre 2024 sur france.tv.", "start_date": "2026-08-31T10:25:00+00:00", "title": "ICI 12/13 - Bretagne"}, {"desc": null, "start_date": "2026-08-31T10:50:00+00:00", "title": "ICI 12/13 - An Taol Lagad"}, {"desc": null, "start_date": "2026-08-31T10:55:00+00:00", "title": "M\u00e9t\u00e9o \u00e0 la carte"}, {"desc": "Une \u00e9mission r\u00e9alis\u00e9e par Captain Productions Une production Enibas Productions, A Prime Group, avec la participation de France T\u00e9l\u00e9visions R\u00e9dacteurs en chef : St\u00e9phane Evanno et Laetitia Bouchon Pr\u00e9sent\u00e9e par Marine Vignes et Laurent Romejko En direct Ce nouveau format se veut encore plus interactif. Les t\u00e9l\u00e9spectateurs gardent une place importante dans l'\u00e9mission et sur les r\u00e9seaux. Les photos ", "start_date": "2026-08-31T11:55:00+00:00", "title": "M\u00e9t\u00e9o \u00e0 la carte (la suite)"}, {"desc": "Niki est kidnapp\u00e9e par des malfrats : ils esp\u00e8rent l'\u00e9changer contre les bijoux qu'ils ont d\u00fb laisser derri\u00e8re eux apr\u00e8s le braquage rat\u00e9 d'une bijouterie.", "start_date": "2026-08-31T12:35:00+00:00", "title": "Rex, chien flic"}, {"desc": "Condamn\u00e9 pour vol \u00e0 main arm\u00e9e et meurtre, un d\u00e9tenu imagine un plan machiav\u00e9lique utilisant l'analyse ADN, une technique des services de police.", "start_date": "2026-08-31T13:35:00+00:00", "title": "Rex, chien flic"}, {"desc": "Rex, Marc et Niki sont plac\u00e9s sur une bien \u00e9trange affaire : un meurtrier aux m\u00e9thodes insolites assassine des jeunes femmes \u00e0 coups de bouteille de champagne.", "start_date": "2026-08-31T14:30:00+00:00", "title": "Rex, chien flic"}, {"desc": null, "start_date": "2026-08-31T15:25:00+00:00", "title": "Duels en familles"}, {"desc": null, "start_date": "2026-08-31T16:00:00+00:00", "title": "Slam"}, {"desc": "Programme Court Parrain\u00e9 avec FTP Annonceur GMF Production VML.", "start_date": "2026-08-31T16:40:00+00:00", "title": "R\u00e9flexe !"}, {"desc": null, "start_date": "2026-08-31T16:50:00+00:00", "title": "Journal M\u00e9t\u00e9o Climat"}, {"desc": null, "start_date": "2026-08-31T17:00:00+00:00", "title": "Ici et vous"}, {"desc": null, "start_date": "2026-08-31T17:04:00+00:00", "title": "M\u00e9t\u00e9o - Bretagne"}, {"desc": null, "start_date": "2026-08-31T17:06:00+00:00", "title": "ICI 19/20 - Iroise"}, {"desc": "Regarder la vid\u00e9o \u00c9mission du lundi 25 novembre 2024 sur france.tv.", "start_date": "2026-08-31T17:14:00+00:00", "title": "ICI 19/20 - Bretagne"}, {"desc": null, "start_date": "2026-08-31T17:50:00+00:00", "title": "On vous emm\u00e8ne ici"}, {"desc": "Le magazine qui va au-del\u00e0 du seul r\u00e9sultat sportif : histoires humaines, enjeux soci\u00e9taux, innovations, culture sport, inclusion, environnement\u2026 Un regard moderne et ouvert sur le sport d'aujourd'hui.", "start_date": "2026-08-31T18:00:00+00:00", "title": "Stade 2 la quotidienne"}, {"desc": "Page quotidienne in\u00e9dite enti\u00e8rement d\u00e9di\u00e9e \u00e0 la Ligue 1 de football, offrant une immersion totale au c\u0153ur du championnat de France : derni\u00e8res actualit\u00e9s, r\u00e9sultats, informations sur les clubs et joueurs du championnat de France de football.", "start_date": "2026-08-31T18:10:00+00:00", "title": "Stade 2 Ligue 1"}, {"desc": null, "start_date": "2026-08-31T18:20:00+00:00", "title": "M\u00e9t\u00e9o - Bretagne"}, {"desc": "Quelqu'un place une bombe sous la voiture de Kevin Fouquet. Serignan aimerait voir C\u00e9cile plus souvent. Elise a h\u00e2te de rentrer du Luxembourg.", "start_date": "2026-08-31T18:25:00+00:00", "title": "Un si grand soleil"}, {"desc": "Alors qu'Elise se sent responsable de la faille de s\u00e9curit\u00e9 durant sa mission, Muriel r\u00e9alise que Saskia tourne autour de Boris.", "start_date": "2026-08-31T18:45:00+00:00", "title": "Un si grand soleil"}, {"desc": null, "start_date": "2026-08-31T19:10:00+00:00", "title": "Le bon, la brute et le truand"}, {"desc": "En 1969, un acteur et sa doublure voient leur carri\u00e8re p\u00e9ricliter au sein d'une usine \u00e0 r\u00eaves qui change, entre mouvement hippie et arriv\u00e9e d'un gourou.", "start_date": "2026-08-31T22:00:00+00:00", "title": "Once Upon a Time... in Hollywood"}, {"desc": null, "start_date": "2026-09-01T00:15:00+00:00", "title": "Journal M\u00e9t\u00e9o Climat"}, {"desc": "St\u00e9phane Bern raconte l'\u00e9pop\u00e9e de Charlotte d'Angleterre, grand-m\u00e8re de la reine Victoria et a\u00efeule de l'actuel roi Charles III. Cette souveraine est \u00e0 l'origine de nombreuses r\u00e9volutions artistiques et sociales qui perdurent encore aujourd'hui, comme l'\u00e9ducation des femmes, ou la cr\u00e9ation d'orphelinats et d'h\u00f4pitaux pour les futures m\u00e8res. Quinze enfants vont na\u00eetre de son union avec le roi Georg", "start_date": "2026-09-01T00:20:00+00:00", "title": "Secrets d'histoire"}, {"desc": null, "start_date": "2026-09-01T02:40:00+00:00", "title": "Les matinales"}, {"desc": null, "start_date": "2026-09-01T02:45:00+00:00", "title": "Duels en familles"}, {"desc": null, "start_date": "2026-09-01T03:20:00+00:00", "title": "Slam"}, {"desc": "Un flow qui va agir comme un v\u00e9ritable reset du corps et de l'esprit, vous laissant avec le sentiment d'\u00eatre totalement revitalis\u00e9 ! Vous allez retrouver cet \u00e9quilibre parfait, ainsi que cette paix int\u00e9rieure . Accessible \u00e0 tous .", "start_date": "2026-09-01T04:01:00+00:00", "title": "Alors on bouge en r\u00e9gion"}, {"desc": "De 6h30 \u00e0 9h, \\\" Ici Matin \\\" est votre premier rendez-vous de la journ\u00e9e avec l'information de proximit\u00e9. Elle ouvre les matin\u00e9es 100 % r\u00e9gionales de France 3. Au programme, des journaux d'information en hyper proximit\u00e9 tous les quarts d'heure, des points m\u00e9t\u00e9o et trafic r\u00e9guliers, de l'interactivit\u00e9 avec les auditeurs et t\u00e9l\u00e9spectateurs, et surtout une grande bouff\u00e9e de bonne humeur pour d\u00e9marre", "start_date": "2026-09-01T04:30:00+00:00", "title": "ICI Matin"}, {"desc": "Valentine Amette, agricultrice dans l'Orne : portrait d'une jeune femme qui r\u00e9invente l'agriculture normande.", "start_date": "2026-09-01T07:05:00+00:00", "title": "Ma petite escapade"}, {"desc": "A Paimboeuf, en Loire-Atlantique, une r\u00e9alisatrice explore l'histoire locale du cin\u00e9ma \u00e0 travers les vestiges d'un ancien cin\u00e9ma des ann\u00e9es 30, le Fran\u00e7ais.", "start_date": "2026-09-01T07:32:00+00:00", "title": "Le cin\u00e9ma, Monique et moi"}, {"desc": "Romans, essais, classiques ou encore bandes dessin\u00e9es, Fran\u00e7ois Busnel vous propose chaque jour de d\u00e9couvrir ou red\u00e9couvrir une \u0153uvre fran\u00e7aise ou \u00e9trang\u00e8re : du lundi au dimanche sur toutes les antennes du groupe France T\u00e9l\u00e9visions !", "start_date": "2026-09-01T08:25:00+00:00", "title": "La p'tite librairie"}, {"desc": null, "start_date": "2026-09-01T08:30:00+00:00", "title": "Escales en France"}, {"desc": "Rencontre avec le chef marseillais S\u00e9bastien Richard, et d\u00e9couverte de la recette du chef albanais Armand Hasampapav dans son restaurant bastiais le Tima'.", "start_date": "2026-09-01T09:00:00+00:00", "title": "Al Dente"}, {"desc": "Jo\u00eblle Umbdenstock, professeure de cuisine \u00e0 Ostheim, propose un plat aux notes alsaciennes : un tataki de veau \u00e0 l'ail des ours avec des asperges et des cubes de munster blanc.", "start_date": "2026-09-01T09:30:00+00:00", "title": "C'est succulent !"}, {"desc": null, "start_date": "2026-09-01T10:00:00+00:00", "title": "M\u00e9t\u00e9o"}, {"desc": null, "start_date": "2026-09-01T10:05:00+00:00", "title": "En terre animale"}, {"desc": null, "start_date": "2026-09-01T10:15:00+00:00", "title": "M\u00e9t\u00e9o - Bretagne"}, {"desc": "Regarder la vid\u00e9o \u00c9mission du lundi 25 novembre 2024 sur france.tv.", "start_date": "2026-09-01T10:25:00+00:00", "title": "ICI 12/13 - Bretagne"}, {"desc": null, "start_date": "2026-09-01T10:50:00+00:00", "title": "ICI 12/13 - An Taol Lagad"}, {"desc": null, "start_date": "2026-09-01T10:55:00+00:00", "title": "M\u00e9t\u00e9o \u00e0 la carte"}, {"desc": "Une \u00e9mission r\u00e9alis\u00e9e par Captain Productions Une production Enibas Productions, A Prime Group, avec la participation de France T\u00e9l\u00e9visions R\u00e9dacteurs en chef : St\u00e9phane Evanno et Laetitia Bouchon Pr\u00e9sent\u00e9e par Marine Vignes et Laurent Romejko En direct Ce nouveau format se veut encore plus interactif. Les t\u00e9l\u00e9spectateurs gardent une place importante dans l'\u00e9mission et sur les r\u00e9seaux. Les photos ", "start_date": "2026-09-01T11:55:00+00:00", "title": "M\u00e9t\u00e9o \u00e0 la carte (la suite)"}, {"desc": "Egon Limbach et Roman Forster, deux marchands d'art, se voient proposer dix millions de dollars par un collectionneur pour voler une momie \u00e9gyptienne.", "start_date": "2026-09-01T12:40:00+00:00", "title": "Rex, chien flic"}, {"desc": "Pr\u00e9sentatrice radio, Nina Klaus m\u00e8ne une campagne contre l'alcool au volant. Certains d\u00e9sapprouvent cette action et Nina re\u00e7oit des menaces par t\u00e9l\u00e9phone...", "start_date": "2026-09-01T13:35:00+00:00", "title": "Rex, chien flic"}, {"desc": "Deux adolescents prennent des photos sur un chantier en d\u00e9molition. Ils s'amusent ensuite avec un pistolet appartenant au p\u00e8re de la jeune fille. Le coup part.", "start_date": "2026-09-01T14:35:00+00:00", "title": "Rex, chien flic"}, {"desc": null, "start_date": "2026-09-01T15:25:00+00:00", "title": "Duels en familles"}, {"desc": null, "start_date": "2026-09-01T16:00:00+00:00", "title": "Slam"}, {"desc": "Programme Court Parrain\u00e9 avec FTP Annonceur GMF Production VML.", "start_date": "2026-09-01T16:34:00+00:00", "title": "R\u00e9flexe !"}, {"desc": null, "start_date": "2026-09-01T16:50:00+00:00", "title": "Journal M\u00e9t\u00e9o Climat"}, {"desc": null, "start_date": "2026-09-01T17:00:00+00:00", "title": "Ici et vous"}, {"desc": null, "start_date": "2026-09-01T17:04:00+00:00", "title": "M\u00e9t\u00e9o - Bretagne"}, {"desc": null, "start_date": "2026-09-01T17:06:00+00:00", "title": "ICI 19/20 - Iroise"}, {"desc": "Regarder la vid\u00e9o \u00c9mission du lundi 25 novembre 2024 sur france.tv.", "start_date": "2026-09-01T17:14:00+00:00", "title": "ICI 19/20 - Bretagne"}, {"desc": null, "start_date": "2026-09-01T17:50:00+00:00", "title": "On vous emm\u00e8ne ici"}, {"desc": "Le magazine qui va au-del\u00e0 du seul r\u00e9sultat sportif : histoires humaines, enjeux soci\u00e9taux, innovations, culture sport, inclusion, environnement\u2026 Un regard moderne et ouvert sur le sport d'aujourd'hui.", "start_date": "2026-09-01T18:00:00+00:00", "title": "Stade 2 la quotidienne"}, {"desc": "Page quotidienne in\u00e9dite enti\u00e8rement d\u00e9di\u00e9e \u00e0 la Ligue 1 de football, offrant une immersion totale au c\u0153ur du championnat de France : derni\u00e8res actualit\u00e9s, r\u00e9sultats, informations sur les clubs et joueurs du championnat de France de football.", "start_date": "2026-09-01T18:10:00+00:00", "title": "Stade 2 Ligue 1"}, {"desc": null, "start_date": "2026-09-01T18:20:00+00:00", "title": "M\u00e9t\u00e9o - Bretagne"}, {"desc": "Alors qu'Elise se sent responsable de la faille de s\u00e9curit\u00e9 durant sa mission, Muriel r\u00e9alise que Saskia tourne autour de Boris.", "start_date": "2026-09-01T18:25:00+00:00", "title": "Un si grand soleil"}, {"desc": "Sabine comprend qu'une fois de plus, Claudine l'a manipul\u00e9e pour obtenir ce qu'elle voulait. C\u00f4t\u00e9 enqu\u00eate, Manu se heurte \u00e0 un suspect mutique.", "start_date": "2026-09-01T18:45:00+00:00", "title": "Un si grand soleil"}, {"desc": "La mort d'une jeune femme d\u00e9voile les secrets d'une petite communaut\u00e9 divis\u00e9e. D'apr\u00e8s une analyse ADN, le suspect pr\u00e9sente une correspondance g\u00e9n\u00e9tique avec Constance.", "start_date": "2026-09-01T19:10:00+00:00", "title": "La stagiaire"}, {"desc": "Un brillant lyc\u00e9en est tu\u00e9 par balle pr\u00e8s de son \u00e9cole. Deux enqu\u00eateurs tentent de comprendre les circonstances de ce drame qui choque tout le monde.", "start_date": "2026-09-01T19:55:00+00:00", "title": "La stagiaire"}, {"desc": "Les juges Delcourt et Meyer enqu\u00eatent sur la mort d'un m\u00e9decin dans une for\u00eat des environs de Marseille. Son entourage, mais aussi ses patients, sont soup\u00e7onn\u00e9s.", "start_date": "2026-09-01T20:45:00+00:00", "title": "La stagiaire"}, {"desc": "Un homme, discret p\u00e8re de famille, a \u00e9t\u00e9 assassin\u00e9, pouss\u00e9 dans un pr\u00e9cipice. L'enqu\u00eate m\u00e8ne Constance et Boris dans le monde du spectacle et des cabarets.", "start_date": "2026-09-01T21:35:00+00:00", "title": "La stagiaire"}, {"desc": "Un pickpocket aux doigts de f\u00e9e a une derni\u00e8re journ\u00e9e pour rembourser son ex, dont il a trahi la confiance. Faute de complice, il se rabat sur son jeune cousin.", "start_date": "2026-09-01T22:30:00+00:00", "title": "Skinny bottines"}, {"desc": "Une jeune com\u00e9dienne fran\u00e7aise \u00e0 Los Angeles r\u00eave de faire carri\u00e8re. Sur le chemin d'un tournage elle s'arr\u00eate dans un supermarch\u00e9. Le r\u00eave am\u00e9ricain vire au cauchemar.", "start_date": "2026-09-01T22:50:00+00:00", "title": "Agn\u00e8s"}, {"desc": "Dans l'\u00e9blouissante incandescence d'un d\u00e9sert, trois \u00e2nes croisent un observatoire astronomique abandonn\u00e9 et l'univers.", "start_date": "2026-09-01T23:00:00+00:00", "title": "Une parfaite \u00e9tranget\u00e9"}, {"desc": "La m\u00e8re du petit Maxime est tr\u00e8s inqui\u00e8te pour son enfant lorsque son enseignante lui d\u00e9clare qu'il n'est pas normal. Elle se rend aussit\u00f4t \u00e0 l'h\u00f4pital.", "start_date": "2026-09-01T23:15:00+00:00", "title": "La main gauche"}, {"desc": null, "start_date": "2026-09-01T23:30:00+00:00", "title": "Journal M\u00e9t\u00e9o Climat"}, {"desc": "Autrefois, les humoristes se produisaient sur sc\u00e8ne, mais la t\u00e9l\u00e9vision a tout bouleverser. Depuis le \"Petit th\u00e9\u00e2tre\" de Bouvard, les stars de l'humour se sont r\u00e9v\u00e9l\u00e9es \u00e0 la t\u00e9l\u00e9.", "start_date": "2026-09-01T23:35:00+00:00", "title": "Les grands comiques du petit \u00e9cran"}], "offset": "+00:00", "timezone": "UTC", "error_code": -1, "start_date": "2026-08-31", "icon": ""}