{"end_date": "2026-09-01", "name": "ARD alpha", "info_url": "https://epg.pw/channels/438466/20260831.html", "country": "Germany", "description": null, "error_message": "", "provider": "", "source_url": "https://epg.pw/api/epg.json?channel_id=438466&date=20260831&timezone=None", "epg_list": [{"desc": "Geschichtenerz\u00e4hlen und Astrophysik \u2013 das sind seine beiden gro\u00dfen Leidenschaften: Harald Lesch ist Professor f\u00fcr theoretische Astrophysik an der Ludwig-Maximilians-Universit\u00e4t M\u00fcnchen und unterrichtet Naturphilosophie an der Hochschule f\u00fcr Philosophie S.J. in M\u00fcnchen. Au\u00dferdem ist er Mitglied der Kommission \"Astronomie in Unterricht und Lehramt\". Seine Hauptforschungsgebiete sind kosmische Plasma", "start_date": "2026-08-31T00:30:00+00:00", "title": "alpha-centauri"}, {"desc": "Die Sendung entf\u00fchrt die Zuschauerinnen und Zuschauer auf eine faszinierende Reise durch die Weiten des Universums und zeigt spektakul\u00e4re Aufnahmen von Erde und Weltraum. Eindrucksvolle Bilder in hoher Qualit\u00e4t vermitteln die Sch\u00f6nheit und Vielfalt unseres Planeten sowie kosmischer Landschaften aus einer einzigartigen Perspektive. Begleitet werden die visuellen Eindr\u00fccke von atmosph\u00e4rischer Musik ", "start_date": "2026-08-31T00:45:00+00:00", "title": "Space Night classics"}, {"desc": "Geschichtenerz\u00e4hlen und Astrophysik \u2013 das sind seine beiden gro\u00dfen Leidenschaften: Harald Lesch ist Professor f\u00fcr theoretische Astrophysik an der Ludwig-Maximilians-Universit\u00e4t M\u00fcnchen und unterrichtet Naturphilosophie an der Hochschule f\u00fcr Philosophie S.J. in M\u00fcnchen. Au\u00dferdem ist er Mitglied der Kommission \"Astronomie in Unterricht und Lehramt\". Seine Hauptforschungsgebiete sind kosmische Plasma", "start_date": "2026-08-31T02:00:00+00:00", "title": "alpha-centauri"}, {"desc": "Die Sendung nimmt die Zuschauerinnen und Zuschauer mit auf eine faszinierende Reise durch das Universum. Eindrucksvolle Aufnahmen und wissenschaftlich fundierte Animationen machen ferne Galaxien, Sterne und kosmische Ph\u00e4nomene erlebbar. Grundlage sind die Erkenntnisse modernster Observatorien und Teleskope, die mit hochentwickelter Technik immer tiefere Einblicke in das Weltall erm\u00f6glichen. Die Se", "start_date": "2026-08-31T02:15:00+00:00", "title": "Space Night"}, {"desc": "Geschichtenerz\u00e4hlen und Astrophysik \u2013 das sind seine beiden gro\u00dfen Leidenschaften: Harald Lesch ist Professor f\u00fcr theoretische Astrophysik an der Ludwig-Maximilians-Universit\u00e4t M\u00fcnchen und unterrichtet Naturphilosophie an der Hochschule f\u00fcr Philosophie S.J. in M\u00fcnchen. Au\u00dferdem ist er Mitglied der Kommission \"Astronomie in Unterricht und Lehramt\". Seine Hauptforschungsgebiete sind kosmische Plasma", "start_date": "2026-08-31T03:15:00+00:00", "title": "alpha-centauri"}, {"desc": "\"Jeder Mensch ein K\u00fcnstler!\" Dies ber\u00fchmt-ber\u00fcchtigte Motto von Joseph Beuys k\u00f6nnte auch von Bob Ross (1942-1995) stammen. Allein, der amerikanische Fernsehmaler hat \u2013 anders als Beuys \u2013 keine gro\u00dfen sozialen und politischen Revolutionen im Sinn. Bob Ross will \"nur\" die einzelnen Menschen gl\u00fccklicher machen, und das hei\u00dft, zu potenten Malern, die ihre eigene Welt erschaffen. Er will uns zeigen: Ei", "start_date": "2026-08-31T03:30:00+00:00", "title": "Bob Ross \u2013 The Joy of Painting"}, {"desc": "Der 39-teilige Franz\u00f6sischkurs \"Bon Courage\" richtet sich an Anf\u00e4nger oder dient zur Auffrischung von Sprachkenntnissen. Der Kurs bringt nicht nur die franz\u00f6sische Sprache, sondern auch die Lebensart der Franzosen n\u00e4her. (Senderinfo).", "start_date": "2026-08-31T04:00:00+00:00", "title": "Bon Courage"}, {"desc": "Ausgew\u00e4hlte Regionen Frankreichs werden in diesen musisch-akzentuierten Dokumentationen in ihrer geographischen, gesellschaftlichen und kulturellen Besonderheit dargestellt. Landschaftliche Sch\u00f6nheiten geh\u00f6ren ebenso dazu wie Zentren wirtschaftlicher Bedeutung, St\u00e4tten der bildenden Kunst oder Schaupl\u00e4tze der Literatur. Interviews mit Franzosen verschiedenster Lebensbereiche vermitteln zus\u00e4tzlich ", "start_date": "2026-08-31T04:30:00+00:00", "title": "TELEKOLLEG Franz\u00f6sisch"}, {"desc": "Platzende W\u00fcrstchen, platzende Seifenblasen, platzender Lumpi \u2013 so oder \u00e4hnlich hatten Clarissa und Ralph sich das gedacht. Aber sie haben die Rechnung ohne Lumpi gemacht. Der hat gar keine Lust auf \"Platz!\". Daf\u00fcr aber besch\u00e4ftigen sich die beiden \"Wissen macht Ah!\"-Moderatoren ausgiebig mit diesem Thema. Sie stellen stabilen Schaum her f\u00fcr Blasen, die nicht so schnell platzen, und lassen mit reg", "start_date": "2026-08-31T05:00:00+00:00", "title": "Wissen macht Ah!"}, {"desc": "Was tun, wenn keiner was sagt \u2013 Rechtsextremismus unter Jugendlichen: Rechte Spr\u00fcche, rassistische Witze und Nazi-Memes waren f\u00fcr Curcuma (Name ge\u00e4ndert) in der Schule irgendwann fast normal. Als sie begann, ihr Umfeld zu hinterfragen und sich gegen Rechtsextremismus zu positionieren, bekam sie selbst Gegenwind. POV-Host Valentin trifft Curcuma beim CSD in K\u00f6then in Sachsen-Anhalt, wo sie mit ihre", "start_date": "2026-08-31T05:25:00+00:00", "title": "POV \u2013 Deine Geschichte z\u00e4hlt"}, {"desc": "Chips, Pommes, Reiberdatschi \u2013 vieles von dem, was wir essen, ist aus Kartoffeln. Woher die Kartoffeln kommen und wie sie wachsen, das will Willi heute wissen und ist deshalb mit Bauer Pauli Strixner aus Sch\u00f6nesberg unterwegs, um bei der Ernte zu helfen. Zweimal im Jahr f\u00e4hrt Pauli mit der Erntemaschine \u00fcber seine Kartoffelfelder, um die Knollen aus der Erde zu holen, zu sortieren, zu verpacken un", "start_date": "2026-08-31T05:35:00+00:00", "title": "Willi wills wissen"}, {"desc": "Viele Paare verfolgen gemeinsame Ziele. Aber was, wenn das gro\u00dfe Vorhaben nicht gelingt? H\u00e4lt die Beziehung das aus? In der zweiten Staffel der ARD-Mediatheks-Serie \"3 Paare, ein Ziel\" geht es um die Hochzeit von Sandra und Ringo, Cansu und Sertan und Morin und Roman. Sie alle tr\u00e4umen von einem perfekten Tag, aber bis es so weit ist, kann noch einiges schiefgehen. Auf diesem emotionalen und spanne", "start_date": "2026-08-31T06:00:00+00:00", "title": "3 Paare, ein Ziel \u2013 Wir wollen heiraten"}, {"desc": "R\u00fcckenschmerzen sind die Zivilisationskrankheit Nummer Eins. Die beste Therapie besteht in der aktiven Vorbeugung durch gezieltes Training! Um den R\u00fccken komplett zu trainieren braucht der \u00dcbende allerdings von Zeit zu Zeit neue Herausforderungen. Johanna Fellner zeigt effektive Trainingseinheiten f\u00fcr einen starken und gesunden R\u00fccken. Beugende, streckende und rotierende Bewegungen sowie statische", "start_date": "2026-08-31T06:30:00+00:00", "title": "Tele-Gym"}, {"desc": "Seit vielen Jahren er\u00f6ffnen die beliebten Panoramabilder den Tag mit eindrucksvollen Ansichten aus Bayern, \u00d6sterreich und S\u00fcdtirol. Stimmungsvolle Aufnahmen von Bergen, T\u00e4lern, Seen und St\u00e4dten zeigen die Sch\u00f6nheit der Landschaften im Wandel der Jahreszeiten und zu unterschiedlichen Tageszeiten. Begleitet von regionalen und lokalen Wetterinformationen bieten die Bilder einen entspannten und atmosp", "start_date": "2026-08-31T06:45:00+00:00", "title": "Panoramabilder"}, {"desc": "Mit Tipps f\u00fcr die Gartenpraxis und die Gestaltung von G\u00e4rten, Terrassen und Balkonen. Einen Schwerpunkt bilden Berichte \u00fcber Pflanzen und Filme \u00fcber die sch\u00f6nsten G\u00e4rten der Welt. Hinzu kommen viele Anregungen und Gestaltungs-Inspirationen sowie Bastelvorschl\u00e4ge, Rezepte und Wissenswertes \u00fcber Ern\u00e4hrung, Gesundheit und Heilpflanzen. Tomatenliebe Annika liebt Tomaten und probiert j\u00e4hrlich neue Sort", "start_date": "2026-08-31T08:00:00+00:00", "title": "Schnittgut. Alles aus dem Garten"}, {"desc": "DNA als Speicher Die meisten Datenspeicher halten nur wenige Jahrzehnte, gleichzeitig produzieren wir immer mehr Daten. In Zukunft k\u00f6nnten diese \u00e4hnlich gespeichert werden wie unser Erbgut: auf der DNA \u2013 langlebig und auf kleinstem Raum. Wie kann das funktionieren? Nasen-OPs sinnvoll? Schnupfen, schniefen schnarchen: wann ist eine Nasen-OP notwendig? Chronischer Schnupfen, Nebenh\u00f6hlenentz\u00fcndung, S", "start_date": "2026-08-31T08:30:00+00:00", "title": "aktiv und gesund"}, {"desc": null, "start_date": "2026-08-31T09:00:00+00:00", "title": "In den Nockbergen"}, {"desc": "Stefan und Tatiana Timmann haben ein komplett marodes, 300 Jahre altes Bauernhaus gekauft und saniert. Obwohl das Denkmalamt sie vor der Arbeit und den Kosten gewarnt hat, haben sie es sich zur Aufgabe gemacht, das denkmalgesch\u00fctzte Reetdachhaus in Altengamme bei Hamburg zu retten. Heute wohnen und arbeiten sie in ihrem \"Haus Anna Elbe.", "start_date": "2026-08-31T09:45:00+00:00", "title": "ARD Room Tour"}, {"desc": "Im Tagesgespr\u00e4ch k\u00f6nnen Zuschauer einem kompetenten Studiogast Fragen zu einem aktuellen Thema stellen und ihre Meinung \u00e4u\u00dfern. Politik, Wirtschaft, Kultur, Religion und Sport \u2013 im Tagesgespr\u00e4ch debattieren wir \u00fcber alle gesellschaftlich wichtigen Bereiche. (Senderinfo).", "start_date": "2026-08-31T10:05:00+00:00", "title": "Tagesgespr\u00e4ch"}, {"desc": "Werden Sie Teil unserer motivierten Turngruppe und starten sie mit Freude und Bewegung in die Woche. Sportwissenschaftlerin Heidi Sykora gibt mit einer selektiven \u00dcbungsauswahl einen Impuls in Richtung Gesundheit durch und mit Bewegung. Die \u00dcbungen werden genau erkl\u00e4rt, langsam und deutlich demonstriert, so dass sie auch zu Hause leicht und richtig durchgef\u00fchrt werden k\u00f6nnen \u2013 und dies an den sch\u00f6", "start_date": "2026-08-31T11:00:00+00:00", "title": "Fit aktiv f\u00fcr Junggebliebene \u2013 Sportsendung zum Mitmachen"}, {"desc": "Armut ist weiblich \u2013 warum das so ist und wie dennoch Selbsterm\u00e4chtigung m\u00f6glich ist, zeigt der Film von Anna Katharina Wohlgenannt. In einf\u00fchlsamer Weise begleitet sie Frauen, die auf unterschiedliche Weise von Armut betroffen sind, und zeigt damit die vielf\u00e4ltigen Gesichter von weiblicher Armut \u2013 und inwiefern nicht nur Einzelne, sondern die Gesellschaft gefordert und in der Lage ist Verantwortu", "start_date": "2026-08-31T11:30:00+00:00", "title": "kreuz und quer"}, {"desc": "Kopftuchverbot, Sterbehilfe, religi\u00f6se Symbole im Wahlkampf: Religion und Ethik spielen in der \u00f6ffentlichen Diskussion immer wieder eine zentrale Rolle. \"Prisma.", "start_date": "2026-08-31T12:05:00+00:00", "title": "Prisma"}, {"desc": "Es f\u00e4ngt bei allt\u00e4glichen Betr\u00fcgereien an: Scammer wissen genau, wie wir ticken. Sie nutzen unsere psychologischen Schwachstellen und bringen uns dazu, wirklich dumme Dinge zu tun \u2013 etwa sehr viel Geld an sie zu \u00fcberweisen. Als g\u00e4be es Kn\u00f6pfe, die man einfach nur dr\u00fccken muss, als w\u00e4ren wir hackbar. Die Sozialpsychologin Pia Lamberty zeigt, dass Manipulation l\u00e4ngst kein Randph\u00e4nomen mehr ist: In e", "start_date": "2026-08-31T12:20:00+00:00", "title": "42 \u2013 Die Antwort auf fast alles"}, {"desc": "Die Reihe beleuchtet, wie Menschen weltweit ihren Alltag gestalten und welche Themen sie bewegen. In kurzen Portr\u00e4ts erz\u00e4hlen Personen aus verschiedenen L\u00e4ndern von ihren Herausforderungen, Hoffnungen und Ideen f\u00fcr eine bessere Zukunft. Ob Arbeit, Familie, soziale Fragen oder kulturelle Besonderheiten \u2013 jede Folge zeigt, wie unterschiedlich Lebensrealit\u00e4ten sein k\u00f6nnen und wo sich dennoch gemeinsa", "start_date": "2026-08-31T12:45:00+00:00", "title": "Global Us"}, {"desc": "Die Sendung widmet sich innovativen Entwicklungen und technischen Ideen, die das Leben von morgen pr\u00e4gen k\u00f6nnten. Journalistin Anja Reschke stellt gemeinsam mit Adrian Pflug zukunftsweisende Erfindungen und Forschungsvorhaben vor und beleuchtet deren Chancen und Herausforderungen. Verst\u00e4ndlich und anschaulich werden wissenschaftliche Zusammenh\u00e4nge erkl\u00e4rt und m\u00f6gliche Auswirkungen auf Gesellschaft", "start_date": "2026-08-31T13:10:00+00:00", "title": "Wissen vor acht \u2013 Zukunft"}, {"desc": "Rudolf Sass und Gerhard Weber haben damals f\u00fcr Radio Bremen \u00fcber dieses neue Ph\u00e4nomen berichtet: Die Do-it-yourself-Bewegung war in Deutschland angekommen. Der Titel ihres Films lautete \"Selbst ist der Mann\". Ja, das war damals wirklich noch eine reine M\u00e4nnerwelt: Papi macht das selbst, Papi kann das. Gl\u00fccklicherweise haben sich seitdem die Rollenklischees doch massiv abgeschw\u00e4cht. Aber den unglau", "start_date": "2026-08-31T13:15:00+00:00", "title": "Selbst ist der Mann"}, {"desc": "1992 gingen Mischka Popp und Thomas Bergmann vom Saarl\u00e4ndischen Rundfunk das Thema \"Do it yourself\" bereits ein wenig ironisch an. Der Baumarkt als Einkaufsparadies ist l\u00e4ngst etabliert und man sieht in ihrem Film M\u00e4nner mit mehr oder minder wunderlichen Ideen. Der eine baut eine Falle gegen die Schnecken im Garten: die Schnecken bekommen einen Stromschlag, wenn sie sich den Pflanzen n\u00e4hern. Der n", "start_date": "2026-08-31T13:55:00+00:00", "title": "Die Heimwerker \u2013 Bericht aus deutschen H\u00f6hlen"}, {"desc": "Uschi D\u00e4mmrich pr\u00e4sentierte 1981 eine Folge aus der Reihe \"Das Beste aus der Hobbythek\": Weine zum Selbermachen! Es gibt darin ein Wiedersehen mit Wolfgang Back und Jean P\u00fctz, die genau erkl\u00e4ren, wie das geht. Die B\u00fccher jedoch, die Uschi D\u00e4mmrich erw\u00e4hnt, k\u00f6nnen nicht mehr verschickt werden. Sie m\u00fcssten heute stattdessen antiquarisch erworben werden. (Senderinfo).", "start_date": "2026-08-31T14:40:00+00:00", "title": "Weine zum Selbermachen"}, {"desc": "Sch\u00e4dliches Mikroplastik mit einem besonderen Messystem erkennen: Das ist die Gesch\u00e4ftsidee des Start-Ups von Till (31) und Jens (30). Darauf wollten sie ihr eigenes Business aufbauen und vielleicht Million\u00e4re werden. Doch das neu gegr\u00fcndete Unternehmen aus Bayreuth konnte auch nach Drehschluss keine Investoren von ihrer Vision \u00fcberzeugen. Die Gr\u00fcnder m\u00fcssen aufgeben, die die Marktl\u00fccke aktuell wo", "start_date": "2026-08-31T15:10:00+00:00", "title": "Lohnt sich das?"}, {"desc": "Die Sendung nimmt sich Zeit f\u00fcr besondere Geschichten aus den Regionen Bayerns und l\u00e4dt dazu ein, genauer hinzuschauen und Neues zu entdecken. Im Mittelpunkt stehen Menschen, die mit Engagement, Kreativit\u00e4t und Leidenschaft ihre Heimat pr\u00e4gen und bewahren. Reportagen und Portr\u00e4ts vermitteln Einblicke in Geschichte und Gegenwart, in Traditionen, Handwerk, Kultur und Natur. Dabei erz\u00e4hlt die Sendung", "start_date": "2026-08-31T15:30:00+00:00", "title": "Zwischen Spessart und Karwendel"}, {"desc": "Allein in Deutschland erscheinen jedes Jahr 90.000 neue B\u00fccher. Ganz sch\u00f6n schwer, hier den \u00dcberblick zu behalten. \"Druckfrisch.", "start_date": "2026-08-31T16:15:00+00:00", "title": "Druckfrisch"}, {"desc": "KI-Drohne gegen Waldbr\u00e4nde Anfangs wollte der damalige Mechatronik-Student Tobias Raczok (24) von der Uni Erlangen-N\u00fcrnberg mit seinen Kommilitonen einfach nur eine spektakul\u00e4re Langstreckendrohne bauen, die dank zweier verschiedener Antriebssysteme sowohl senkrecht starten, als auch in gro\u00dfer H\u00f6he schweben kann. Nach intensivem T\u00fcfteln haben sie die Drohne nicht nur gebaut, sondern mit ihr auch W", "start_date": "2026-08-31T16:45:00+00:00", "title": "Einfach genial"}, {"desc": "Wie lebt es sich mit der Alkoholsucht, wenn der Entzug geschafft ist und der Alltag wieder beginnt? Oleg begleitet Sebastian, der nach \u00fcber 20 Jahren Abh\u00e4ngigkeit inzwischen seit mehr als 400 Tagen trocken ist. Sebastian teilt offen, welche Strategien ihm heute gegen den Suchtdruck helfen \u2013 von festen Routinen bis hin zu neuen Hobbys. Gemeinsam mit Oleg stellt sich Sebastian einer gro\u00dfen H\u00fcrde: er", "start_date": "2026-08-31T17:10:00+00:00", "title": "Die Frage"}, {"desc": "Das 3sat-Wissenschaftsmagazin berichtet ausf\u00fchrlich, verst\u00e4ndlich und aktuell \u00fcber Technik, Medizin, Wissenschaft und Forschung. \"nano\" macht Zukunftsvisionen sichtbar und erfahrbar. Durch eine unterhaltsame, spannende und informative Mischung von Wissenschaftsfilmen macht \"nano\" seine Zuschauer fit f\u00fcr die Welt von morgen. \"nano\" ist ein aktuelles Magazin und enth\u00e4lt Studio- und Schaltgespr\u00e4che. ", "start_date": "2026-08-31T17:30:00+00:00", "title": "nano"}, {"desc": "Seit 1952 wird die Nachrichtensendung pr\u00e4sentiert. Sie informiert t\u00e4glich \u00fcber die wichtigsten Ereignisse aus Politik, Wirtschaft, Gesellschaft, Kultur und Sport. Die Sendung bietet einen kompakten und verl\u00e4sslichen \u00dcberblick \u00fcber das nationale und internationale Geschehen. Reporterinnen und Reporter sowie Korrespondentinnen und Korrespondenten berichten aus dem In- und Ausland und ordnen aktuelle", "start_date": "2026-08-31T18:00:00+00:00", "title": "Tagesschau"}, {"desc": "Faszinierende Wasserwelt! \u00dcber 2574 Kilometer schl\u00e4ngelt sich der viertl\u00e4ngste Strom Afrikas von seiner Quelle an der Grenze zur Demokratischen Republik Kongo, bis er in Mosambik in den Indischen Ozean m\u00fcndet. Auf dem Weg dorthin begeistern die gigantischen Viktoriaf\u00e4lle, die seit 1989 zum UNESCO-Weltnaturerbe geh\u00f6ren. \\n\\nHier st\u00fcrzt der m\u00e4chtige Fluss auf einer Breite von 1708 Metern in eine ca.", "start_date": "2026-08-31T18:15:00+00:00", "title": "Flussgiganten"}, {"desc": "In dieser Dokumentation erz\u00e4hlen \"Birdwatcher\" von der Magie des Gefiederten und wie sich die Vogelbeobachtung auf sie auswirkt: Profis genauso wie Amateure, eine Umweltpsychologin und einer der renommiertesten Vogelmaler der Welt. Sie alle haben ihren eigenen Zugang zur Naturbeobachtung. Leander Khil ist Naturschutzbiologe, Fotograf und Autor vieler Vogelb\u00fccher. Seine Faszination f\u00fcr Tiere zeichn", "start_date": "2026-08-31T19:00:00+00:00", "title": "Die Magie der V\u00f6gel: Was Birdwatcher begeistert"}, {"desc": "In \u00d6sterreich und Ungarn gibt es immer \u00f6fter Angriffe auf seltene Greifv\u00f6gel. Bedroht ist vor allem der Kaiseradler. Vogelsch\u00fctzer versuchen deshalb, m\u00f6glichst viele der Tiere mit Sendern auszustatten und zu bewachen. Die Situation ist dramatisch. Von den Jungv\u00f6geln sind in den letzten Jahren zwei Drittel get\u00f6tet worden oder verschollen. Sie sterben durch Schussverletzungen oder verenden durch Gif", "start_date": "2026-08-31T19:45:00+00:00", "title": "alpha-planet"}, {"desc": "Zuk\u00fcnftige Perspektive f\u00fcr Wasserstoff im Antriebssektor skizziert im Gespr\u00e4ch Prof. Dr. Patrick Pl\u00f6tz vom Fraunhofer ISI in Karlsruhe. Kann Virtual Reality den Klimawandel f\u00fchlbar machen? \u2013 ein einschl\u00e4giges Projekt in Hessen zeigt M\u00f6glichkeiten auf, in die Klimazukunft zu sehen. Was passiert eigentlich in der Klimakrise mit '. \u00c4pfeln? Wir zeigen, wie der Deutschen Lieblingsobst durch Hitze leide", "start_date": "2026-08-31T20:15:00+00:00", "title": "Klimazeit"}, {"desc": "Die Sendung bietet authentische Einblicke in Studium, Ausbildung und Berufseinstieg. Studierende, Berufseinsteigerinnen und Berufseinsteiger berichten offen von ihren Erfahrungen, Herausforderungen und pers\u00f6nlichen Wegen. Ob Jura, Psychologie oder andere Fachrichtungen \u2013 die Zuschauerinnen und Zuschauer erfahren aus erster Hand, wie der Studienalltag aussieht, welche Anforderungen auf sie warten u", "start_date": "2026-08-31T20:30:00+00:00", "title": "alpha Uni"}, {"desc": "Diesmal erl\u00e4utert der Physiker Anton Eisenhauer vom Helmholtz-Zentrum f\u00fcr Ozeanforschung in Kiel, wie die Meeresforschung diagnostische Ans\u00e4tze f\u00fcr die Erkennung der Krankheit Osteoporose bietet.Und der Literatur- und Filmwissenschaftler Keyvan Sarkhosh vom Max-Planck-Institut f\u00fcr empirische \u00c4sthetik in Frankfurt am Main verr\u00e4t uns, warum gerade kluge Menschen gerne schlechte Filme anschauen. (Sen", "start_date": "2026-08-31T21:00:00+00:00", "title": "Campus Talks"}, {"desc": "DW's The Day provides viewers with the background and analysis they need to understand the top stories of the last 24 hours. Join our Chief News Anchor Brent Goff as he puts the day's events into context and discusses them with experts and correspondents in the field. (Senderinfo).", "start_date": "2026-08-31T21:30:00+00:00", "title": "The Day \u2013 News in Review"}, {"desc": "Mit der Tagesschau vor 20 Jahren hat ARD-alpha eine \"Daily.", "start_date": "2026-08-31T22:00:00+00:00", "title": "Die Tagesschau vor 20 Jahren"}, {"desc": "\"Jeder Mensch ein K\u00fcnstler!\" Dies ber\u00fchmt-ber\u00fcchtigte Motto von Joseph Beuys k\u00f6nnte auch von Bob Ross (1942-1995) stammen. Allein, der amerikanische Fernsehmaler hat \u2013 anders als Beuys \u2013 keine gro\u00dfen sozialen und politischen Revolutionen im Sinn. Bob Ross will \"nur\" die einzelnen Menschen gl\u00fccklicher machen, und das hei\u00dft, zu potenten Malern, die ihre eigene Welt erschaffen. Er will uns zeigen: Ei", "start_date": "2026-08-31T22:15:00+00:00", "title": "Bob Ross \u2013 The Joy of Painting"}, {"desc": "\"Ges\u00e4ttigt von den wundersch\u00f6nen Bildern fallen die Augen irgendwann ganz von alleine zu. Sie schweben zur\u00fcck ins Bett und tr\u00e4umen von einem Planeten, den Sie am liebsten erobern w\u00fcrden. Gleich morgen!\" So schw\u00e4rmt die \"S\u00fcddeutsche Zeitung\" von der Space Night \u2013 dem Nachtprogramm des BR Fernsehen. Jetzt gibt's neue Folgen der Kultserie \u2013 mit spektakul\u00e4ren HD-Bildern aus dem All und mit Creative-Co", "start_date": "2026-08-31T22:45:00+00:00", "title": "Space Night classics"}, {"desc": "Geschichtenerz\u00e4hlen und Astrophysik \u2013 das sind seine beiden gro\u00dfen Leidenschaften: Harald Lesch ist Professor f\u00fcr theoretische Astrophysik an der Ludwig-Maximilians-Universit\u00e4t M\u00fcnchen und unterrichtet Naturphilosophie an der Hochschule f\u00fcr Philosophie S.J. in M\u00fcnchen. Au\u00dferdem ist er Mitglied der Kommission \"Astronomie in Unterricht und Lehramt\". Seine Hauptforschungsgebiete sind kosmische Plasma", "start_date": "2026-09-01T00:05:00+00:00", "title": "alpha-centauri"}, {"desc": "Der Film zeigt den italienischen Astronauten Luca Parmitano bei der ESA-Vorbereitung auf seinen Astronauteneinsatz, zeigt ihn beim Start im russischen Baikonur und begleitet ihn in seinem ALLtag auf der ISS. (Senderinfo).", "start_date": "2026-09-01T00:20:00+00:00", "title": "Space Night"}, {"desc": "Geschichtenerz\u00e4hlen und Astrophysik \u2013 das sind seine beiden gro\u00dfen Leidenschaften: Harald Lesch ist Professor f\u00fcr theoretische Astrophysik an der Ludwig-Maximilians-Universit\u00e4t M\u00fcnchen und unterrichtet Naturphilosophie an der Hochschule f\u00fcr Philosophie S.J. in M\u00fcnchen. Au\u00dferdem ist er Mitglied der Kommission \"Astronomie in Unterricht und Lehramt\". Seine Hauptforschungsgebiete sind kosmische Plasma", "start_date": "2026-09-01T01:20:00+00:00", "title": "alpha-centauri"}, {"desc": "Die Sendung nimmt die Zuschauerinnen und Zuschauer mit auf eine faszinierende Reise durch das Universum. Eindrucksvolle Aufnahmen und wissenschaftlich fundierte Animationen machen ferne Galaxien, Sterne und kosmische Ph\u00e4nomene erlebbar. Grundlage sind die Erkenntnisse modernster Observatorien und Teleskope, die mit hochentwickelter Technik immer tiefere Einblicke in das Weltall erm\u00f6glichen. Die Se", "start_date": "2026-09-01T01:35:00+00:00", "title": "Space Night"}, {"desc": "Geschichtenerz\u00e4hlen und Astrophysik \u2013 das sind seine beiden gro\u00dfen Leidenschaften: Harald Lesch ist Professor f\u00fcr theoretische Astrophysik an der Ludwig-Maximilians-Universit\u00e4t M\u00fcnchen und unterrichtet Naturphilosophie an der Hochschule f\u00fcr Philosophie S.J. in M\u00fcnchen. Au\u00dferdem ist er Mitglied der Kommission \"Astronomie in Unterricht und Lehramt\". Seine Hauptforschungsgebiete sind kosmische Plasma", "start_date": "2026-09-01T02:40:00+00:00", "title": "alpha-centauri"}, {"desc": "Die Sendung nimmt die Zuschauerinnen und Zuschauer mit auf eine faszinierende Reise durch das Universum. Eindrucksvolle Aufnahmen und wissenschaftlich fundierte Animationen machen ferne Galaxien, Sterne und kosmische Ph\u00e4nomene erlebbar. Grundlage sind die Erkenntnisse modernster Observatorien und Teleskope, die mit hochentwickelter Technik immer tiefere Einblicke in das Weltall erm\u00f6glichen. Die Se", "start_date": "2026-09-01T02:55:00+00:00", "title": "Space Night"}, {"desc": "Das 3sat-Wissenschaftsmagazin berichtet ausf\u00fchrlich, verst\u00e4ndlich und aktuell \u00fcber Technik, Medizin, Wissenschaft und Forschung. \"nano\" macht Zukunftsvisionen sichtbar und erfahrbar. Durch eine unterhaltsame, spannende und informative Mischung von Wissenschaftsfilmen macht \"nano\" seine Zuschauer fit f\u00fcr die Welt von morgen. \"nano\" ist ein aktuelles Magazin und enth\u00e4lt Studio- und Schaltgespr\u00e4che. ", "start_date": "2026-09-01T03:00:00+00:00", "title": "nano"}, {"desc": "\"Jeder Mensch ein K\u00fcnstler!\" Dies ber\u00fchmt-ber\u00fcchtigte Motto von Joseph Beuys k\u00f6nnte auch von Bob Ross (1942-1995) stammen. Allein, der amerikanische Fernsehmaler hat \u2013 anders als Beuys \u2013 keine gro\u00dfen sozialen und politischen Revolutionen im Sinn. Bob Ross will \"nur\" die einzelnen Menschen gl\u00fccklicher machen, und das hei\u00dft, zu potenten Malern, die ihre eigene Welt erschaffen. Er will uns zeigen: Ei", "start_date": "2026-09-01T03:30:00+00:00", "title": "Bob Ross \u2013 The Joy of Painting"}, {"desc": "Der Sprachkurs \"Fast Track English\" bietet die M\u00f6glichkeit, vorhandene Englischkenntnisse aufzufrischen und zu vertiefen. Die einzelnen Folgen sind rein englischsprachig. Die Begleitb\u00fccher geben aber deutschsprachige Hinweise und Anleitungen. Die Filme wurden an Originalschaupl\u00e4tzen in England gedreht. Es wird allt\u00e4gliches Englisch gesprochen. Dabei wechseln individuelle Akzente und das Sprechtemp", "start_date": "2026-09-01T04:00:00+00:00", "title": "Fast Track English"}, {"desc": "Ausgew\u00e4hlte Regionen Frankreichs werden in diesen musisch-akzentuierten Dokumentationen in ihrer geographischen, gesellschaftlichen und kulturellen Besonderheit dargestellt. Landschaftliche Sch\u00f6nheiten geh\u00f6ren ebenso dazu wie Zentren wirtschaftlicher Bedeutung, St\u00e4tten der bildenden Kunst oder Schaupl\u00e4tze der Literatur. Interviews mit Franzosen verschiedenster Lebensbereiche vermitteln zus\u00e4tzlich ", "start_date": "2026-09-01T04:30:00+00:00", "title": "TELEKOLLEG Franz\u00f6sisch"}, {"desc": "50 Jahre hat sie hinter sich; wie sehen wohl die kommenden f\u00fcr den wissenden WDR-Nager aus? Die Macher um Armin Maiwald reisen in die Zukunft, Ideen f\u00fcr Sachgeschichten im Gep\u00e4ck: selbst packende Schulranzen, rasende Fortbewegung per Hyperloop u. a.", "start_date": "2026-09-01T05:00:00+00:00", "title": "Die Sendung mit der Maus"}, {"desc": "Wer findet den Pfad? 2007 gibt es f\u00fcr etwa 38 Millionen Pfadfinder auf der ganzen Welt etwas zu feiern: Vor 100 Jahren rief der Engl\u00e4nder Robert Stephenson Smyth Baden-Powell die Pfadfinder-Bewegung ins Leben. Herzlichen Gl\u00fcckwunsch zum Jubil\u00e4um! Reporter Willi m\u00f6chte heute herausfinden, was die Pfadfinder so treiben und vor allem, wie sie den Pfad finden! Deshalb ist er in Kleinzerlang in Mecklen", "start_date": "2026-09-01T05:30:00+00:00", "title": "Willi wills wissen"}, {"desc": "Ein Fernsehteam besucht den Bauernhof und beobachtet einen seltenen Vogel. W\u00e4hrend der Vogel auf sich warten l\u00e4sst, macht der Kameramann eine viel interessantere Entdeckung: Schafe, die Cricket spielen! Doch immer wenn er filmen will, hat er nur grasende Tiere vor der Linse. Klar, denn Shaun hat den Mann l\u00e4ngst entdeckt! (Senderinfo).", "start_date": "2026-09-01T05:55:00+00:00", "title": "Shaun das Schaf"}, {"desc": "Viele Paare verfolgen gemeinsame Ziele. Aber was, wenn das gro\u00dfe Vorhaben nicht gelingt? H\u00e4lt die Beziehung das aus? In der zweiten Staffel der ARD-Mediatheks-Serie \"3 Paare, ein Ziel\" geht es um die Hochzeit von Sandra und Ringo, Cansu und Sertan und Morin und Roman. Sie alle tr\u00e4umen von einem perfekten Tag, aber bis es so weit ist, kann noch einiges schiefgehen. Auf diesem emotionalen und spanne", "start_date": "2026-09-01T06:00:00+00:00", "title": "3 Paare, ein Ziel \u2013 Wir wollen heiraten"}, {"desc": "Unter einer Traumfigur versteht jeder etwas anderes \u2013 aber in einem sind sich alle einig: Ein flacher Bauch, ein knackiger Po und straffe Beine geh\u00f6ren einfach dazu! Die Fitness-Expertin Nina Winkler hat nach neuen sportwissenschaftlichen Erkenntnissen die besten \u00dcbungen zusammengestellt. Das Trainingsprogramm funktioniert nach dem Prinzip \"2 in 1\": Fettverbrennung und Training finden in einer ein", "start_date": "2026-09-01T06:30:00+00:00", "title": "Tele-Gym"}, {"desc": "Seit vielen Jahren er\u00f6ffnen die beliebten Panoramabilder den Tag mit eindrucksvollen Ansichten aus Bayern, \u00d6sterreich und S\u00fcdtirol. Stimmungsvolle Aufnahmen von Bergen, T\u00e4lern, Seen und St\u00e4dten zeigen die Sch\u00f6nheit der Landschaften im Wandel der Jahreszeiten und zu unterschiedlichen Tageszeiten. Begleitet von regionalen und lokalen Wetterinformationen bieten die Bilder einen entspannten und atmosp", "start_date": "2026-09-01T06:45:00+00:00", "title": "Panoramabilder"}, {"desc": "Tipps f\u00fcr die Gartenpraxis und die Gestaltung von G\u00e4rten, Terrassen und Balkonen. Einen Schwerpunkt bilden Berichte \u00fcber Pflanzen und Filme \u00fcber die sch\u00f6nsten G\u00e4rten der Welt. Hinzu kommen viele Anregungen und Gestaltungs-Inspirationen sowie Bastelvorschl\u00e4ge, Rezepte und Wissenswertes \u00fcber Ern\u00e4hrung, Gesundheit und Heilpflanzen. Roter Meier Der Rote Meier ist ein Gem\u00fcse, dass schon Karl der Gro\u00dfe ", "start_date": "2026-09-01T08:00:00+00:00", "title": "Schnittgut. Alles aus dem Garten"}, {"desc": "Vitamine per Bonbon? Angereicherte Lebensmittel z.B. Bonbons mit Vitaminen, geht das? Naschen und Vitamine, damit werben die S\u00fc\u00dfigkeitenhersteller. Die Verbraucherzentralen sehen das kritisch, Ern\u00e4hrungsmediziner auch. Woran erkenne ich angereicherte Lebensmittel? Warum reichern die Hersteller die Lebensmittel an? Wie wirken angereicherte Lebensmittel im K\u00f6rper? Digitale Eifersucht In sozialen Net", "start_date": "2026-09-01T08:30:00+00:00", "title": "aktiv und gesund"}, {"desc": "Die Sendung nimmt sich Zeit f\u00fcr besondere Geschichten aus den Regionen Bayerns und l\u00e4dt dazu ein, genauer hinzuschauen und Neues zu entdecken. Im Mittelpunkt stehen Menschen, die mit Engagement, Kreativit\u00e4t und Leidenschaft ihre Heimat pr\u00e4gen und bewahren. Reportagen und Portr\u00e4ts vermitteln Einblicke in Geschichte und Gegenwart, in Traditionen, Handwerk, Kultur und Natur. Dabei erz\u00e4hlt die Sendung", "start_date": "2026-09-01T09:00:00+00:00", "title": "Zwischen Spessart und Karwendel"}, {"desc": "Sina und Fabian haben sich ihren Traum von einem Haus mit Geschichte erf\u00fcllt. In einem kleinen Ort in der N\u00e4he von Heidelberg haben sie altes Pfarrhaus von 1749 gefunden und es drei Jahre lang saniert. Dabei hatten Sina und Fabian ganz konkrete Ideen, wie ihr Haus aussehen soll. Die Geschichte des Geb\u00e4udes sollte sicht- und sp\u00fcrbar sein. Sina war es wichtig, dass die Holzbalken als Teil des alten ", "start_date": "2026-09-01T09:45:00+00:00", "title": "ARD Room Tour"}, {"desc": "Im Tagesgespr\u00e4ch k\u00f6nnen Zuschauer einem kompetenten Studiogast Fragen zu einem aktuellen Thema stellen und ihre Meinung \u00e4u\u00dfern. Politik, Wirtschaft, Kultur, Religion und Sport \u2013 im Tagesgespr\u00e4ch debattieren wir \u00fcber alle gesellschaftlich wichtigen Bereiche. (Senderinfo).", "start_date": "2026-09-01T10:05:00+00:00", "title": "Tagesgespr\u00e4ch"}, {"desc": "TELE-GYM aktiv & beweglich mit 60+ mit Gabi Fastner Zwanzig Jahre 50 bleiben! Mit diesem Training schaffen Sie das! Bewegung ist die beste M\u00f6glichkeit, ein gesundes und selbst\u00e4ndiges Leben bis ins hohe Alter zu f\u00fchren. Ohne Bewegung lassen wichtige Funktionen nach, die Muskeln werden schw\u00e4cher, die Gelenke unbeweglicher, das Gleichgewicht schwindet. Unser K\u00f6rper erh\u00e4lt nur die Funktionen, die er a", "start_date": "2026-09-01T11:00:00+00:00", "title": "Tele-Gym"}, {"desc": "R\u00fcckenschmerzen sind die Zivilisationskrankheit Nummer Eins. Die beste Therapie besteht in der aktiven Vorbeugung durch gezieltes Training! Um den R\u00fccken komplett zu trainieren braucht der \u00dcbende allerdings von Zeit zu Zeit neue Herausforderungen. Johanna Fellner zeigt effektive Trainingseinheiten f\u00fcr einen starken und gesunden R\u00fccken. Beugende, streckende und rotierende Bewegungen sowie statische", "start_date": "2026-09-01T11:15:00+00:00", "title": "Tele-Gym"}, {"desc": "Das 3sat-Wissenschaftsmagazin berichtet ausf\u00fchrlich, verst\u00e4ndlich und aktuell \u00fcber Technik, Medizin, Wissenschaft und Forschung. \"nano\" macht Zukunftsvisionen sichtbar und erfahrbar. Durch eine unterhaltsame, spannende und informative Mischung von Wissenschaftsfilmen macht \"nano\" seine Zuschauer fit f\u00fcr die Welt von morgen. \"nano\" ist ein aktuelles Magazin und enth\u00e4lt Studio- und Schaltgespr\u00e4che. ", "start_date": "2026-09-01T11:30:00+00:00", "title": "nano"}, {"desc": "KI-Drohne gegen Waldbr\u00e4nde Anfangs wollte der damalige Mechatronik-Student Tobias Raczok (24) von der Uni Erlangen-N\u00fcrnberg mit seinen Kommilitonen einfach nur eine spektakul\u00e4re Langstreckendrohne bauen, die dank zweier verschiedener Antriebssysteme sowohl senkrecht starten, als auch in gro\u00dfer H\u00f6he schweben kann. Nach intensivem T\u00fcfteln haben sie die Drohne nicht nur gebaut, sondern mit ihr auch W", "start_date": "2026-09-01T12:00:00+00:00", "title": "Einfach genial"}, {"desc": "Wie lebt es sich mit der Alkoholsucht, wenn der Entzug geschafft ist und der Alltag wieder beginnt? Oleg begleitet Sebastian, der nach \u00fcber 20 Jahren Abh\u00e4ngigkeit inzwischen seit mehr als 400 Tagen trocken ist. Sebastian teilt offen, welche Strategien ihm heute gegen den Suchtdruck helfen \u2013 von festen Routinen bis hin zu neuen Hobbys. Gemeinsam mit Oleg stellt sich Sebastian einer gro\u00dfen H\u00fcrde: er", "start_date": "2026-09-01T12:25:00+00:00", "title": "Die Frage"}, {"desc": "Schloss Blumenthal \u2013 wo soziale Innovation, Nachhaltigkeit und Kultur Hand in Hand gehen. 30 Erwachsene und 20 Kinder leben auf dem Anwesen eines ehemaligen Wasserschlosses bei Augsburg. Vor 20 Jahren drohte es zu verfallen, doch einige \"mutige Wahnsinnige\" hatten die Vision einer sich selbst tragenden Lebensgemeinschaft. Ihre Grunds\u00e4tze: Gemeinwohl steht vor wirtschaftlichem Interesse und jeder s", "start_date": "2026-09-01T12:45:00+00:00", "title": "L\u00e4ndermagazin"}, {"desc": "Millionen von Menschen beobachten in ihrer Freizeit V\u00f6gel und treten so in Kontakt zur Natur. Die Forschung zeigt: Das baut Stress ab und macht uns gl\u00fccklicher. Eine intakte, artenreiche Natur f\u00f6rdert unser Wohlbefinden. Sogar Vogelgesang wird mit unserer Zufriedenheit in Verbindung gebracht. Ist das der Grund, warum sich so viele Menschen f\u00fcr die Vogelwelt begeistern? Welche anderen Motive machen", "start_date": "2026-09-01T13:15:00+00:00", "title": "Die Magie der V\u00f6gel: Was Birdwatcher begeistert"}, {"desc": "In \u00d6sterreich und Ungarn gibt es immer \u00f6fter Angriffe auf seltene Greifv\u00f6gel. Bedroht ist vor allem der Kaiseradler. Vogelsch\u00fctzer versuchen deshalb, m\u00f6glichst viele der Tiere mit Sendern auszustatten und zu bewachen. Die Situation ist dramatisch. Von den Jungv\u00f6geln sind in den letzten Jahren zwei Drittel get\u00f6tet worden oder verschollen. Sie sterben durch Schussverletzungen oder verenden durch Gif", "start_date": "2026-09-01T14:00:00+00:00", "title": "alpha-planet"}, {"desc": "Tierarzt Henrik (46) arbeitet an der Grenzkontrollstelle am Flughafen M\u00fcnchen. Dort kontrolliert er Tiere und Waren tierischen Ursprungs, die aus Nicht-EU-L\u00e4ndern nach Deutschland kommen. Jedes Jahr werden am Flughafen M\u00fcnchen rund 4 Millionen Tiere gepr\u00fcft. Henrik untersucht Hunde, Katzen, V\u00f6gel, Luchse, M\u00e4use \u2013 aber auch exotische Tiere wie Affen, Schlangen oder Vogelspinnen. Er checkt die Gesun", "start_date": "2026-09-01T14:30:00+00:00", "title": "Lohnt sich das?"}, {"desc": "Faszinierende Wasserwelt! \u00dcber 2574 Kilometer schl\u00e4ngelt sich der viertl\u00e4ngste Strom Afrikas von seiner Quelle an der Grenze zur Demokratischen Republik Kongo, bis er in Mosambik in den Indischen Ozean m\u00fcndet. Auf dem Weg dorthin begeistern die gigantischen Viktoriaf\u00e4lle, die seit 1989 zum UNESCO-Weltnaturerbe geh\u00f6ren. \\n\\nHier st\u00fcrzt der m\u00e4chtige Fluss auf einer Breite von 1708 Metern in eine ca.", "start_date": "2026-09-01T14:45:00+00:00", "title": "Flussgiganten"}, {"desc": "Die donauschw\u00e4bische Grenze w\u00e4re ohne Napoleon nicht denkbar, auf seinen Spuren kann man in Elchingen wandeln. Langenau ist eine Stadt des Wassers und versorgt weite Teile Baden-W\u00fcrttembergs mit Trinkwasser. Entlang der Donau geht es \u00fcber Leipheim, G\u00fcnzburg und Lauingen bis nach Dillingen. \u00dcberall spielt Naturschutz eine gro\u00dfe Rolle und sogar im Schatten des m\u00e4chtigen Kernkraftwerkes Gundremmingen", "start_date": "2026-09-01T15:30:00+00:00", "title": "Expedition in die Heimat"}, {"desc": "Forciert durch den Klimawandel geraten Nationalparks in Europa unter Druck. L\u00e4ngere Trockenperioden, steigende Temperaturen und immer heftigere Waldbr\u00e4nde versch\u00e4rfen einen grundlegenden Konflikt: Sch\u00fctzen Nationalparks die Natur \u2013 oder gef\u00e4hrden sie auch die Menschen, die in und mit ihr leben? Der Film f\u00fchrt in das deutsch-tschechische Grenzgebiet. Dort spitzt sich der Konflikt in den benachbarte", "start_date": "2026-09-01T16:15:00+00:00", "title": "Unkraut"}, {"desc": "Endlich Erntezeit! Beste Zeit f\u00fcr regionale und saisonale Lebensmittel! Diese sind im Trend. Denn sie sollen nicht nur die lokale Wirtschaft st\u00e4rken, sondern auch der Umwelt guttun und sogar besser f\u00fcr unsere Gesundheit sein. Aber stimmt das alles? Viele wollen sich bewusster ern\u00e4hren und sind bereit, daf\u00fcr auch mehr Geld auszugeben. Marketing-Experten nutzen das und kleben immer \u00f6fter das Label \"", "start_date": "2026-09-01T16:45:00+00:00", "title": "Quarks"}, {"desc": "Das 3sat-Wissenschaftsmagazin berichtet ausf\u00fchrlich, verst\u00e4ndlich und aktuell \u00fcber Technik, Medizin, Wissenschaft und Forschung. \"nano\" macht Zukunftsvisionen sichtbar und erfahrbar. Durch eine unterhaltsame, spannende und informative Mischung von Wissenschaftsfilmen macht \"nano\" seine Zuschauer fit f\u00fcr die Welt von morgen. \"nano\" ist ein aktuelles Magazin und enth\u00e4lt Studio- und Schaltgespr\u00e4che. ", "start_date": "2026-09-01T17:30:00+00:00", "title": "nano"}, {"desc": "Seit 1952 wird die Nachrichtensendung pr\u00e4sentiert. Sie informiert t\u00e4glich \u00fcber die wichtigsten Ereignisse aus Politik, Wirtschaft, Gesellschaft, Kultur und Sport. Die Sendung bietet einen kompakten und verl\u00e4sslichen \u00dcberblick \u00fcber das nationale und internationale Geschehen. Reporterinnen und Reporter sowie Korrespondentinnen und Korrespondenten berichten aus dem In- und Ausland und ordnen aktuelle", "start_date": "2026-09-01T18:00:00+00:00", "title": "Tagesschau"}, {"desc": "Das kleine Land im S\u00fcdosten Europas steckt voller Sehensw\u00fcrdigkeiten. Besonders stolz sind die Einheimischen auf ihre sauberen Fl\u00fcsse, B\u00e4che und Seen, deren Wasser fast \u00fcberall Trinkqualit\u00e4t hat. Im S\u00fcdwesten liegt eine der gr\u00f6\u00dften Tropfsteinh\u00f6hlen der Welt. Mit einer Bahn geht es tief hinein in die atemberaubende Wunderwelt von Postojna. Ebenso namhaft ist das Gest\u00fct Lipica, dicht an der Grenze z", "start_date": "2026-09-01T18:15:00+00:00", "title": "Slowenien \u2013 Zwischen Alpen und Adria"}, {"desc": "Unf\u00e4lle, schwere Verletzungen und Schicksalsschl\u00e4ge \u2013 in der BG Unfallklinik Ludwigshafen z\u00e4hlt jede Sekunde. In einer der gr\u00f6\u00dften Notaufnahmen Deutschlands leisten \u00c4rztinnen, \u00c4rzte und Pflegekr\u00e4fte t\u00e4glich Au\u00dfergew\u00f6hnliches: sie retten Leben, spenden Trost und begleiten Patientinnen und Patienten in ihren schwersten Momenten. Die Doku-Serie bietet exklusive Einblicke in den hochintensiven Klinika", "start_date": "2026-09-01T19:00:00+00:00", "title": "Die Unfallklinik"}, {"desc": "Unf\u00e4lle, schwere Verletzungen und Schicksalsschl\u00e4ge \u2013 in der BG Unfallklinik Ludwigshafen z\u00e4hlt jede Sekunde. In einer der gr\u00f6\u00dften Notaufnahmen Deutschlands leisten \u00c4rztinnen, \u00c4rzte und Pflegekr\u00e4fte t\u00e4glich Au\u00dfergew\u00f6hnliches: sie retten Leben, spenden Trost und begleiten Patientinnen und Patienten in ihren schwersten Momenten. Die Doku-Serie bietet exklusive Einblicke in den hochintensiven Klinika", "start_date": "2026-09-01T19:45:00+00:00", "title": "Die Unfallklinik"}, {"desc": "Endlich Erntezeit! Beste Zeit f\u00fcr regionale und saisonale Lebensmittel! Diese sind im Trend. Denn sie sollen nicht nur die lokale Wirtschaft st\u00e4rken, sondern auch der Umwelt guttun und sogar besser f\u00fcr unsere Gesundheit sein. Aber stimmt das alles? Viele wollen sich bewusster ern\u00e4hren und sind bereit, daf\u00fcr auch mehr Geld auszugeben. Marketing-Experten nutzen das und kleben immer \u00f6fter das Label \"", "start_date": "2026-09-01T20:30:00+00:00", "title": "Quarks"}, {"desc": "Belege sortieren, Zahlen pr\u00fcfen und Fristen im Blick behalten: Consti stellt sich der JobChallenge als Steuerfachangestellter. In nur 20 Minuten soll er eine Steuererkl\u00e4rung erstellen: Keine leichte Aufgabe f\u00fcr jemanden ohne Erfahrung. Unterst\u00fctzung bekommt er von Azubi Dominique, die ihm allerdings nur f\u00fcnf Tipps geben darf. Beh\u00e4lt Consti den \u00dcberblick? Und stimmt am Ende die berechnete Steuerr\u00fcc", "start_date": "2026-09-01T21:15:00+00:00", "title": "JobChallenge"}, {"desc": "Die einen schicken reihenweise Bewerbungen \u2013 ohne Erfolg. Anderen fehlt jede Orientierung, was ihnen als Ausbildung eigentlich liegen w\u00fcrde. Wieder andere brechen ihre Ausbildung ab, weil ihnen individuelle Unterst\u00fctzung fehlt. Was steckt hinter diesen Geschichten? Sind das alles Einzelf\u00e4lle oder Hinweise auf ein kaputtes System? Schlie\u00dflich scheitern daran jedes Jahr zigtausende junge Menschen. R", "start_date": "2026-09-01T21:25:00+00:00", "title": "RESPEKT \u2013 Demokratische Grundwerte f\u00fcr alle!"}, {"desc": "DW's The Day provides viewers with the background and analysis they need to understand the top stories of the last 24 hours. Join our Chief News Anchor Brent Goff as he puts the day's events into context and discusses them with experts and correspondents in the field. (Senderinfo).", "start_date": "2026-09-01T21:55:00+00:00", "title": "The Day \u2013 News in Review"}, {"desc": "Mit der Tagesschau vor 20 Jahren hat ARD-alpha eine \"Daily.", "start_date": "2026-09-01T22:25:00+00:00", "title": "Die Tagesschau vor 20 Jahren"}, {"desc": "\"Jeder Mensch ein K\u00fcnstler!\" Dies ber\u00fchmt-ber\u00fcchtigte Motto von Joseph Beuys k\u00f6nnte auch von Bob Ross (1942-1995) stammen. Allein, der amerikanische Fernsehmaler hat \u2013 anders als Beuys \u2013 keine gro\u00dfen sozialen und politischen Revolutionen im Sinn. Bob Ross will \"nur\" die einzelnen Menschen gl\u00fccklicher machen, und das hei\u00dft, zu potenten Malern, die ihre eigene Welt erschaffen. Er will uns zeigen: Ei", "start_date": "2026-09-01T22:40:00+00:00", "title": "Bob Ross \u2013 The Joy of Painting"}, {"desc": "Die Sendung nimmt die Zuschauerinnen und Zuschauer mit auf eine faszinierende Reise durch das Universum. Eindrucksvolle Aufnahmen und wissenschaftlich fundierte Animationen machen ferne Galaxien, Sterne und kosmische Ph\u00e4nomene erlebbar. Grundlage sind die Erkenntnisse modernster Observatorien und Teleskope, die mit hochentwickelter Technik immer tiefere Einblicke in das Weltall erm\u00f6glichen. Die Se", "start_date": "2026-09-01T23:10:00+00:00", "title": "Space Night"}], "offset": "+00:00", "timezone": "UTC", "error_code": -1, "start_date": "2026-08-31", "icon": ""}