{"end_date": "2026-09-03", "name": "Kinowelt", "info_url": "https://epg.pw/channels/427663/20260902.html", "country": "Russian Federation", "description": null, "error_message": "", "provider": "", "source_url": "https://epg.pw/api/epg.json?channel_id=427663&date=20260902&timezone=None", "epg_list": [{"desc": null, "start_date": "2026-09-02T01:15:00+00:00", "title": "Nordmagazin"}, {"desc": null, "start_date": "2026-09-02T01:45:00+00:00", "title": "Schleswig-Holstein Magazin"}, {"desc": null, "start_date": "2026-09-02T02:15:00+00:00", "title": "Hamburg Journal"}, {"desc": null, "start_date": "2026-09-02T02:45:00+00:00", "title": "buten un binnen | regionalmagazin"}, {"desc": null, "start_date": "2026-09-02T03:15:00+00:00", "title": "DAS! Rote Sofa"}, {"desc": null, "start_date": "2026-09-02T04:00:00+00:00", "title": "Sesamstra\u00dfe"}, {"desc": null, "start_date": "2026-09-02T04:20:00+00:00", "title": "mareTV kompakt"}, {"desc": null, "start_date": "2026-09-02T04:35:00+00:00", "title": "Die Tricks von Lidl | S05E15"}, {"desc": null, "start_date": "2026-09-02T05:20:00+00:00", "title": "Rote Rosen | S4367E24"}, {"desc": null, "start_date": "2026-09-02T06:10:00+00:00", "title": "Sturm der Liebe | S4620E22"}, {"desc": null, "start_date": "2026-09-02T07:00:00+00:00", "title": "Nordmagazin"}, {"desc": null, "start_date": "2026-09-02T07:30:00+00:00", "title": "Hamburg Journal"}, {"desc": null, "start_date": "2026-09-02T08:00:00+00:00", "title": "Schleswig-Holstein Magazin"}, {"desc": null, "start_date": "2026-09-02T08:30:00+00:00", "title": "buten un binnen | regionalmagazin"}, {"desc": null, "start_date": "2026-09-02T09:00:00+00:00", "title": "Hallo Niedersachsen"}, {"desc": null, "start_date": "2026-09-02T09:30:00+00:00", "title": "Brisant"}, {"desc": null, "start_date": "2026-09-02T09:55:00+00:00", "title": "NaturNah: Der \u00d6-Kuh-Hof"}, {"desc": null, "start_date": "2026-09-02T10:25:00+00:00", "title": "In aller Freundschaft | S04E09"}, {"desc": null, "start_date": "2026-09-02T11:10:00+00:00", "title": "In aller Freundschaft \u2013 Die jungen \u00c4rzte | S28E06"}, {"desc": null, "start_date": "2026-09-02T12:00:00+00:00", "title": "Watt geht hier? \u2013 Leben und arbeiten an der Westk\u00fcste"}, {"desc": null, "start_date": "2026-09-02T13:00:00+00:00", "title": "NDR Info"}, {"desc": null, "start_date": "2026-09-02T13:10:00+00:00", "title": "WaPo Berlin | S04E04"}, {"desc": null, "start_date": "2026-09-02T14:00:00+00:00", "title": "NDR Info"}, {"desc": null, "start_date": "2026-09-02T14:15:00+00:00", "title": "Wer wei\u00df denn sowas?"}, {"desc": null, "start_date": "2026-09-02T15:00:00+00:00", "title": "NDR Info"}, {"desc": null, "start_date": "2026-09-02T15:10:00+00:00", "title": "Leopard, Seeb\u00e4r & Co. | S23E02"}, {"desc": null, "start_date": "2026-09-02T16:00:00+00:00", "title": "buten un binnen um 6"}, {"desc": null, "start_date": "2026-09-02T16:06:00+00:00", "title": "buten un binnen | sportblitz"}, {"desc": null, "start_date": "2026-09-02T16:13:00+00:00", "title": "buten un binnen | wetter"}, {"desc": null, "start_date": "2026-09-02T16:15:00+00:00", "title": "Die Trecker-Docs \u2013 Landmaschinen-Profis im Einsatz"}, {"desc": null, "start_date": "2026-09-02T16:45:00+00:00", "title": "DAS! Rote Sofa"}, {"desc": null, "start_date": "2026-09-02T17:30:00+00:00", "title": "buten un binnen | regionalmagazin"}, {"desc": null, "start_date": "2026-09-02T17:58:00+00:00", "title": "buten un binnen | wetter"}, {"desc": null, "start_date": "2026-09-02T18:00:00+00:00", "title": "Tagesschau"}, {"desc": null, "start_date": "2026-09-02T18:15:00+00:00", "title": "Die gr\u00f6\u00dften Fl\u00fcsse der Erde | S03E02"}, {"desc": null, "start_date": "2026-09-02T19:00:00+00:00", "title": "Jahrhundert-Liebe"}, {"desc": null, "start_date": "2026-09-02T19:45:00+00:00", "title": "NDR Info"}, {"desc": null, "start_date": "2026-09-02T20:00:00+00:00", "title": "Klar"}, {"desc": null, "start_date": "2026-09-02T20:30:00+00:00", "title": "oha! Zwei Welten an einem Tisch"}, {"desc": null, "start_date": "2026-09-02T21:00:00+00:00", "title": "Land unter Druck \u2013 50 Stimmen aus dem Volk"}, {"desc": null, "start_date": "2026-09-02T21:45:00+00:00", "title": "Mein K\u00f6rper. Meine H\u00e4nde"}, {"desc": null, "start_date": "2026-09-02T22:30:00+00:00", "title": "Autismus \u2013 das r\u00e4tselhafte Spektrum"}, {"desc": null, "start_date": "2026-09-02T23:25:00+00:00", "title": "Hilfe, alles wird teurer \u2013 Leben mit der Inflation"}, {"desc": null, "start_date": "2026-09-02T23:55:00+00:00", "title": "Panorama 3"}, {"desc": null, "start_date": "2026-09-03T00:45:00+00:00", "title": "Hallo Niedersachsen"}, {"desc": null, "start_date": "2026-09-03T01:15:00+00:00", "title": "Nordmagazin"}, {"desc": null, "start_date": "2026-09-03T01:45:00+00:00", "title": "Schleswig-Holstein Magazin"}, {"desc": null, "start_date": "2026-09-03T02:15:00+00:00", "title": "Hamburg Journal"}, {"desc": null, "start_date": "2026-09-03T02:45:00+00:00", "title": "buten un binnen | regionalmagazin"}, {"desc": null, "start_date": "2026-09-03T03:15:00+00:00", "title": "DAS! Rote Sofa"}, {"desc": null, "start_date": "2026-09-03T04:00:00+00:00", "title": "Sesamstra\u00dfe"}, {"desc": null, "start_date": "2026-09-03T04:20:00+00:00", "title": "mareTV kompakt"}, {"desc": null, "start_date": "2026-09-03T04:35:00+00:00", "title": "Jahrhundert-Liebe"}, {"desc": null, "start_date": "2026-09-03T05:20:00+00:00", "title": "Rote Rosen | S4368E24"}, {"desc": null, "start_date": "2026-09-03T06:10:00+00:00", "title": "Sturm der Liebe | S4621E22"}, {"desc": null, "start_date": "2026-09-03T07:00:00+00:00", "title": "Nordmagazin"}, {"desc": null, "start_date": "2026-09-03T07:30:00+00:00", "title": "Hamburg Journal"}, {"desc": null, "start_date": "2026-09-03T08:00:00+00:00", "title": "Schleswig-Holstein Magazin"}, {"desc": null, "start_date": "2026-09-03T08:30:00+00:00", "title": "buten un binnen | regionalmagazin"}, {"desc": null, "start_date": "2026-09-03T09:00:00+00:00", "title": "Hallo Niedersachsen"}, {"desc": null, "start_date": "2026-09-03T09:30:00+00:00", "title": "Brisant"}, {"desc": null, "start_date": "2026-09-03T09:55:00+00:00", "title": "Blitz-Baustelle Autobahn \u2013 Stra\u00dfenbau rund um die Uhr"}, {"desc": null, "start_date": "2026-09-03T10:25:00+00:00", "title": "In aller Freundschaft | S05E09"}, {"desc": null, "start_date": "2026-09-03T11:10:00+00:00", "title": "In aller Freundschaft \u2013 Die jungen \u00c4rzte | S30E01"}, {"desc": null, "start_date": "2026-09-03T12:00:00+00:00", "title": "Abenteuer Campingplatz \u2013 Arbeiten, wo andere entspannen"}, {"desc": null, "start_date": "2026-09-03T13:00:00+00:00", "title": "NDR Info"}, {"desc": null, "start_date": "2026-09-03T13:10:00+00:00", "title": "WaPo Berlin | S05E04"}, {"desc": null, "start_date": "2026-09-03T14:00:00+00:00", "title": "NDR Info"}, {"desc": null, "start_date": "2026-09-03T14:15:00+00:00", "title": "Wer wei\u00df denn sowas?"}, {"desc": null, "start_date": "2026-09-03T15:00:00+00:00", "title": "NDR Info"}, {"desc": null, "start_date": "2026-09-03T15:10:00+00:00", "title": "Leopard, Seeb\u00e4r & Co. | S24E02"}, {"desc": null, "start_date": "2026-09-03T16:00:00+00:00", "title": "buten un binnen um 6"}, {"desc": null, "start_date": "2026-09-03T16:06:00+00:00", "title": "buten un binnen | sportblitz"}, {"desc": null, "start_date": "2026-09-03T16:13:00+00:00", "title": "buten un binnen | wetter"}, {"desc": null, "start_date": "2026-09-03T16:15:00+00:00", "title": "Gro\u00dfeinsatz auf der Rostocker Hanse Sail \u2013 Ausnahmezustand an der Kaikante"}, {"desc": null, "start_date": "2026-09-03T16:45:00+00:00", "title": "DAS! Rote Sofa"}, {"desc": null, "start_date": "2026-09-03T17:30:00+00:00", "title": "buten un binnen | regionalmagazin"}, {"desc": null, "start_date": "2026-09-03T17:58:00+00:00", "title": "buten un binnen | wetter"}, {"desc": null, "start_date": "2026-09-03T18:00:00+00:00", "title": "Tagesschau"}, {"desc": null, "start_date": "2026-09-03T18:15:00+00:00", "title": "mareTV \u2013 Die Saronischen Inseln \u2013 Wo die Griechen Urlaub machen"}, {"desc": null, "start_date": "2026-09-03T19:00:00+00:00", "title": "mareTV \u2013 Bulgarien \u2013 Schwarzes Meer und Sonnenstrand"}, {"desc": null, "start_date": "2026-09-03T19:45:00+00:00", "title": "NDR Info"}, {"desc": null, "start_date": "2026-09-03T20:00:00+00:00", "title": "Wendepunkt \u2013 Der Usedom-Krimi | S25E01"}, {"desc": null, "start_date": "2026-09-03T21:30:00+00:00", "title": "Gro\u00dfstadtrevier | S13E30"}, {"desc": null, "start_date": "2026-09-03T22:20:00+00:00", "title": "Gertrud Stranitzki | S01E02"}, {"desc": null, "start_date": "2026-09-03T22:45:00+00:00", "title": "Gertrud Stranitzki | S02E02"}, {"desc": null, "start_date": "2026-09-03T23:10:00+00:00", "title": "Wendepunkt \u2013 Der Usedom-Krimi | S25E01"}], "offset": "+00:00", "timezone": "UTC", "error_code": -1, "start_date": "2026-09-02", "icon": "https://epg.pw/media/images/epg/2025/04/23/20250423020719033416_92.png"}