{"end_date": "2026-09-02", "name": "La 1\u00e8re", "info_url": "https://epg.pw/channels/403214/20260901.html", "country": "France", "description": null, "error_message": "", "provider": "", "source_url": "https://epg.pw/api/epg.json?channel_id=403214&date=20260901&timezone=None", "epg_list": [{"desc": "Un point m\u00e9t\u00e9o complet sur la m\u00e9t\u00e9o dans les Outre-mer, avec les pr\u00e9visions de temp\u00e9ratures et la force des vents.", "start_date": "2026-09-01T00:05:00+00:00", "title": "Journal M\u00e9t\u00e9o climat outre-mer"}, {"desc": "Julia Vignali accueille et accompagne les propri\u00e9taires d'objets lors de leur expertise par l'un des commissaires-priseurs. En accord avec l'estimation de l'expert, Julia Vignali remet un \"pass\" au propri\u00e9taire, pr\u00e9cieux s\u00e9same pour se pr\u00e9senter en salle des ventes devant des acheteurs. Le vendeur peut alors esp\u00e9rer tirer le meilleur prix de son objet en le vendant aux ench\u00e8res \u00e0 une s\u00e9lection d'a", "start_date": "2026-09-01T00:06:00+00:00", "title": "Affaire conclue, tout le monde a quelque chose \u00e0 vendre"}, {"desc": "Cam\u00e9raman reporter, Xavier Petit part \u00e0 la d\u00e9couverte d'un pays, d'une ville, d'un peuple et, bien s\u00fbr, d'un march\u00e9 traditionnel et d'une sp\u00e9cialit\u00e9 locale.", "start_date": "2026-09-01T00:50:00+00:00", "title": "Pays et march\u00e9s du monde"}, {"desc": "Cam\u00e9raman reporter, Xavier Petit part \u00e0 la d\u00e9couverte d'un pays, d'une ville, d'un peuple et, bien s\u00fbr, d'un march\u00e9 traditionnel et d'une sp\u00e9cialit\u00e9 locale.", "start_date": "2026-09-01T00:55:00+00:00", "title": "Pays et march\u00e9s du monde"}, {"desc": "Quiz de culture g\u00e9n\u00e9rale au cours duquel 6 candidats vont tenter chaque jour de d\u00e9loger le champion en titre (qui accumule les gains d'\u00e9mission en \u00e9mission) et de prendre sa place. Les 2 premi\u00e8res manches, \"les qualifs.", "start_date": "2026-09-01T01:10:00+00:00", "title": "Tout le monde veut prendre sa place"}, {"desc": "Un rendez-vous r\u00e9veil-matin, avec un point sur l'actualit\u00e9 assorti de diff\u00e9rentes rubriques qui permettent d'en explorer certains aspects plus en profondeur.", "start_date": "2026-09-01T02:00:00+00:00", "title": "Le 6h info"}, {"desc": "De l'info et de la bonne humeur, sept jours sur sept : r\u00e9solument dans l'air du temps, la premi\u00e8re matinale de France, forte de sa richesse \u00e9ditoriale et de sa dynamique d'\u00e9quipe, aborde de nombreuses th\u00e9matiques et traite l'actualit\u00e9 avec s\u00e9rieux et sans dramatisation.", "start_date": "2026-09-01T02:35:00+00:00", "title": "T\u00e9l\u00e9matin"}, {"desc": "Pour bien d\u00e9marrer la journ\u00e9e, la r\u00e9daction de France 2 propose un point sur l'actualit\u00e9. Les principales informations nationales et internationales sont pass\u00e9es en revue.", "start_date": "2026-09-01T04:00:00+00:00", "title": "Journal 08h00"}, {"desc": "De l'info et de la bonne humeur, sept jours sur sept : r\u00e9solument dans l'air du temps, la premi\u00e8re matinale de France, forte de sa richesse \u00e9ditoriale et de sa dynamique d'\u00e9quipe, aborde de nombreuses th\u00e9matiques et traite l'actualit\u00e9 avec s\u00e9rieux et sans dramatisation.", "start_date": "2026-09-01T04:30:00+00:00", "title": "T\u00e9l\u00e9matin"}, {"desc": "Agathe et sa bande vous accueillent dans \"T\u00e9l\u00e9matin, la suite.", "start_date": "2026-09-01T05:15:00+00:00", "title": "T\u00e9l\u00e9matin, la suite"}, {"desc": "Un point m\u00e9t\u00e9o complet sur la m\u00e9t\u00e9o dans les Outre-mer, avec les pr\u00e9visions de temp\u00e9ratures et la force des vents.", "start_date": "2026-09-01T06:41:00+00:00", "title": "Journal M\u00e9t\u00e9o climat outre-mer"}, {"desc": "Des participants tir\u00e9s au sort parmi le public doivent r\u00e9pondre \u00e0 des questions de culture g\u00e9n\u00e9rale dans l'espoir de se qualifier pour la deuxi\u00e8me \u00e9preuve\u2009: le billard japonais, un jeu d'adresse qui peut rapporter cadeaux et argent. Les candidats qui perdent leur duel de culture g\u00e9n\u00e9rale r\u00e9int\u00e8grent le public et peuvent donc \u00eatre \u00e0 nouveau tir\u00e9s au sort.", "start_date": "2026-09-01T06:45:00+00:00", "title": "Chacun son Tour"}, {"desc": "Des participants tir\u00e9s au sort parmi le public doivent r\u00e9pondre \u00e0 des questions de culture g\u00e9n\u00e9rale dans l'espoir de se qualifier pour la deuxi\u00e8me \u00e9preuve\u2009: le billard japonais, un jeu d'adresse qui peut rapporter cadeaux et argent. Les candidats qui perdent leur duel de culture g\u00e9n\u00e9rale r\u00e9int\u00e8grent le public et peuvent donc \u00eatre \u00e0 nouveau tir\u00e9s au sort.", "start_date": "2026-09-01T07:25:00+00:00", "title": "Chacun son Tour"}, {"desc": "Quiz de culture g\u00e9n\u00e9rale au cours duquel 6 candidats vont tenter chaque jour de d\u00e9loger le champion en titre (qui accumule les gains d'\u00e9mission en \u00e9mission) et de prendre sa place. Les 2 premi\u00e8res manches, \"les qualifs.", "start_date": "2026-09-01T07:55:00+00:00", "title": "Tout le monde veut prendre sa place"}, {"desc": "Un point quotidien sur l'actualit\u00e9 m\u00e9t\u00e9o et climatique, avec des reportages et des interviews d'experts.", "start_date": "2026-09-01T08:55:00+00:00", "title": "Journal M\u00e9t\u00e9o Climat"}, {"desc": "Tous les jours, \u00e0 13h, la r\u00e9daction propose un point sur l'actualit\u00e9. Les informations nationales et internationales sont pass\u00e9es \u00e0 la loupe et mises en perspective, illustr\u00e9es par des reportages sur le terrain.", "start_date": "2026-09-01T09:00:00+00:00", "title": "Journal 13h00"}, {"desc": "Un point quotidien sur l'actualit\u00e9 m\u00e9t\u00e9o et climatique, avec des reportages et des interviews d'experts.", "start_date": "2026-09-01T09:40:00+00:00", "title": "Journal M\u00e9t\u00e9o Climat"}, {"desc": "Fran\u00e7ois Busnel propose chaque jour de d\u00e9couvrir ou red\u00e9couvrir une oeuvre fran\u00e7aise ou \u00e9trang\u00e8re : roman, essai, grand classique ou encore bande dessin\u00e9e.", "start_date": "2026-09-01T09:45:00+00:00", "title": "La p'tite librairie"}, {"desc": "Organisations syndicales, partis politiques, mais aussi mouvements d'entrepreneurs prennent la parole.", "start_date": "2026-09-01T09:50:00+00:00", "title": "Expression directe"}, {"desc": "Tous les jours, Faustine BOLLAERT accueille sur le plateau de \\\" Ca commence aujourd'hui \\\" des hommes et des femmes qui viennent t\u00e9moigner sur une p\u00e9riode de leur vie, un drame, une \u00e9preuve, un cap \u00e0 passer ou un changement, et qui font souvent \u00e9cho \u00e0 de grands sujets de soci\u00e9t\u00e9. Entour\u00e9e d'experts : psychologues, psychiatres, avocats, gyn\u00e9cologue, Faustine aide les t\u00e9moins et les t\u00e9l\u00e9spectateurs", "start_date": "2026-09-01T09:55:00+00:00", "title": "\u00c7a commence aujourd'hui"}, {"desc": "Faustine Bollaert re\u00e7oit sur le plateau 3 t\u00e9moignages assez originaux. \u00c0 la suite du d\u00e9c\u00e8s d'un proche, elles ont d\u00e9couvert un secret de famille. Audrey a d\u00e9couvert \u00e0 l\u2019adolescence que son p\u00e8re n\u2019\u00e9tait pas son p\u00e8re biologique. Apr\u00e8s des recherches, elle a retrouv\u00e9 son vrai p\u00e8re et tiss\u00e9 avec lui un lien fort, mais secret, sa famille refusant de la reconna\u00eetre. Lorsqu\u2019il est d\u00e9c\u00e9d\u00e9, elle n\u2019a pas \u00e9t", "start_date": "2026-09-01T11:05:00+00:00", "title": "\u00c7a commence aujourd'hui"}, {"desc": "Julia Vignali accueillera et accompagnera les propri\u00e9taires d'objets lors de leur expertise par l'un de nos commissaires-priseurs. En accord avec l'estimation de l'expert, Julia Vignali remettra un Pass au propri\u00e9taire, pr\u00e9cieux s\u00e9same pour se pr\u00e9senter en salle des ventes devant nos acheteurs. Le vendeur pourra esp\u00e9rer tirer le meilleur prix de son objet en le vendant aux ench\u00e8res \u00e0 une s\u00e9lection", "start_date": "2026-09-01T12:20:00+00:00", "title": "Affaire conclue, tout le monde a quelque chose \u00e0 vendre"}, {"desc": "Julia Vignali accueillera et accompagnera les propri\u00e9taires d'objets lors de leur expertise par l'un de nos commissaires-priseurs. En accord avec l'estimation de l'expert, Julia Vignali remettra un Pass au propri\u00e9taire, pr\u00e9cieux s\u00e9same pour se pr\u00e9senter en salle des ventes devant nos acheteurs. Le vendeur pourra esp\u00e9rer tirer le meilleur prix de son objet en le vendant aux ench\u00e8res \u00e0 une s\u00e9lection", "start_date": "2026-09-01T13:20:00+00:00", "title": "Affaire conclue, tout le monde a quelque chose \u00e0 vendre"}, {"desc": "Mot de passe - Le Duel est un jeu qui consiste \u00e0 faire deviner des mots \u00e0 un partenaire de jeu en donnant des mots indices. Il se joue avec deux candidats face \u00e0 deux c\u00e9l\u00e9brit\u00e9s. Du lundi au jeudi, ce sont les Duels et la Finale se joue en fin de semaine, le vendredi, avec le meilleur des 2 candidats et les deux c\u00e9l\u00e9brit\u00e9s.", "start_date": "2026-09-01T14:01:00+00:00", "title": "Mot de passe : le duel"}, {"desc": "\u00c9mission quotidienne pour jouer avec la langue fran\u00e7aise et enrichir sa culture g\u00e9n\u00e9rale. Autour de Sidonie Bonnec et Bruno Guillon, 2 \u00e9quipes jouent en r\u00e9pondant \u00e0 des questions. Chacune est constitu\u00e9e d'un candidat, \u00e9paul\u00e9 par 2 personnalit\u00e9s : humoristes, com\u00e9diens, journalistes...", "start_date": "2026-09-01T14:05:00+00:00", "title": "Tout le monde a son mot \u00e0 dire"}, {"desc": "Les candidats chantent en karaok\u00e9 accompagn\u00e9s par un orchestre. Quand les mots s'effacent, seuls gagnent ceux qui se souviennent de toutes les paroles.", "start_date": "2026-09-01T14:40:00+00:00", "title": "N'oubliez pas les paroles"}, {"desc": "Les candidats chantent en karaok\u00e9 accompagn\u00e9s par un orchestre. Quand les mots s'effacent, seuls gagnent ceux qui se souviennent de toutes les paroles.", "start_date": "2026-09-01T15:15:00+00:00", "title": "N'oubliez pas les paroles"}, {"desc": "Un point quotidien sur l'actualit\u00e9 m\u00e9t\u00e9o et climatique, avec des reportages et des interviews d'experts.", "start_date": "2026-09-01T15:55:00+00:00", "title": "Journal M\u00e9t\u00e9o Climat"}, {"desc": "Les principales informations nationales et internationales sont pass\u00e9es \u00e0 la loupe et mises en perspective, illustr\u00e9es par des reportages sur le terrain.", "start_date": "2026-09-01T16:00:00+00:00", "title": "Journal 20h00"}, {"desc": "Un point quotidien sur l'actualit\u00e9 m\u00e9t\u00e9o et climatique, avec des reportages et des interviews d'experts.", "start_date": "2026-09-01T16:55:00+00:00", "title": "Journal M\u00e9t\u00e9o Climat"}, {"desc": "Programme Court Parrain\u00e9 avec FTP Annonceur GMF Production VML.", "start_date": "2026-09-01T17:00:00+00:00", "title": "R\u00e9flexe !"}, {"desc": "Coup de projecteur sur l'actualit\u00e9 musicale, dans un format dynamique et accessible.", "start_date": "2026-09-01T17:05:00+00:00", "title": "Basique, l'essentiel de la musique"}, {"desc": "Apr\u00e8s avoir \u00e9t\u00e9 sacr\u00e9 plus grand nageur de sa g\u00e9n\u00e9ration aux Jeux Olympiques, L\u00e9on Marchand semble avoir atteint le sommet. Mais lorsque la pression retombe, il d\u00e9couvre une autre r\u00e9alit\u00e9 : tout devient plus dur. Alors qu\u2019il a perdu son \u00e9tincelle, il devient l\u2019homme \u00e0 abattre.", "start_date": "2026-09-01T17:10:00+00:00", "title": "L\u00e9on, au-del\u00e0 de l'or"}, {"desc": "Pour redevenir champion du monde, L\u00e9on retourne aux \u00c9tats-Unis retrouver l\u2019entra\u00eeneur l\u00e9gendaire Bob Bowman. Entre vie d\u2019\u00e9tudiant presque normale au Colorado et entra\u00eenement aux c\u00f4t\u00e9s de ceux qu\u2019il devra battre, il tente de retrouver le chemin du sommet.", "start_date": "2026-09-01T17:48:00+00:00", "title": "L\u00e9on, au-del\u00e0 de l'or"}, {"desc": "Pour redevenir champion du monde, L\u00e9on retourne aux \u00c9tats-Unis retrouver l\u2019entra\u00eeneur l\u00e9gendaire Bob Bowman. Entre vie d\u2019\u00e9tudiant presque normale au Colorado et entra\u00eenement aux c\u00f4t\u00e9s de ceux qu\u2019il devra battre, il tente de retrouver le chemin du sommet.", "start_date": "2026-09-01T17:50:00+00:00", "title": "L\u00e9on, au-del\u00e0 de l'or"}, {"desc": "\u00c0 Singapour, L\u00e9on joue bien plus qu\u2019un titre mondial : il joue la place qu\u2019il veut prendre dans sa propre vie. Pour son p\u00e8re, ce moment d\u00e9passe la victoire ou la d\u00e9faite ; c\u2019est l\u00e0 que L\u00e9on peut cesser d\u2019\u00eatre seulement un nageur pour devenir l\u2019homme qu\u2019il choisit d\u2019\u00eatre, entre performance et cr\u00e9ation, jusqu\u2019\u00e0 composer la musique de la s\u00e9rie.", "start_date": "2026-09-01T18:25:00+00:00", "title": "L\u00e9on, au-del\u00e0 de l'or"}, {"desc": "\u00c0 Singapour, L\u00e9on joue bien plus qu\u2019un titre mondial : il joue la place qu\u2019il veut prendre dans sa propre vie. Pour son p\u00e8re, ce moment d\u00e9passe la victoire ou la d\u00e9faite ; c\u2019est l\u00e0 que L\u00e9on peut cesser d\u2019\u00eatre seulement un nageur pour devenir l\u2019homme qu\u2019il choisit d\u2019\u00eatre, entre performance et cr\u00e9ation, jusqu\u2019\u00e0 composer la musique de la s\u00e9rie.", "start_date": "2026-09-01T18:27:00+00:00", "title": "L\u00e9on, au-del\u00e0 de l'or"}, {"desc": "Chaque ann\u00e9e, \u00e0 la fin du mois d'ao\u00fbt, Chamonix accueille l'une des courses les plus mythiques au monde. Cr\u00e9\u00e9 en 2003, l'Ultra-Trail du Mont-Blanc r\u00e9unit sur la m\u00eame ligne de d\u00e9part les meilleurs athl\u00e8tes de la plan\u00e8te et des amateurs passionn\u00e9s, tous pr\u00eats \u00e0 relever un d\u00e9fi hors norme : parcourir 171 kilom\u00e8tres et plus de 10 000 m\u00e8tres de d\u00e9nivel\u00e9 positif \u00e0 travers la France, l'Italie et la Suiss", "start_date": "2026-09-01T19:10:00+00:00", "title": "Ultra-trail du Mont-Blanc, la course de leur vie"}, {"desc": "Ils viennent de France, du Br\u00e9sil, des Etats-Unis ou encore d'Afghanistan : rencontre avec six athl\u00e8tes internationaux de handisport, parmi des milliers d'autres sportifs, qui tentent d'entrer dans la l\u00e9gende et de d\u00e9crocher une m\u00e9daille d'or lors des Jeux Paralympiques de Paris 2024. Handicap\u00e9s de naissance ou suite \u00e0 un drame de la vie, ils vivent l'aboutissement de leur parcours au cours des qu", "start_date": "2026-09-01T20:40:00+00:00", "title": "\u00c0 corps perdus"}, {"desc": "Un point m\u00e9t\u00e9o complet sur la m\u00e9t\u00e9o dans les Outre-mer, avec les pr\u00e9visions de temp\u00e9ratures et la force des vents.", "start_date": "2026-09-01T22:15:00+00:00", "title": "Journal M\u00e9t\u00e9o climat outre-mer"}, {"desc": "Colette Deromme, 50 ans, a \u00e9t\u00e9 tu\u00e9e le 14 avril 2011 \u00e0 Lorgues, dans le Var, par son ex-belle-soeur Sylviane Fabre. Retour sur cette affaire.", "start_date": "2026-09-01T22:20:00+00:00", "title": "Au bout de l'enqu\u00eate, la fin du crime parfait ?"}, {"desc": "Entre 1985 et 1999, Denis Waxin a viol\u00e9 et tu\u00e9 trois fillettes et viol\u00e9 deux gar\u00e7ons et une autre fillette dans la r\u00e9gion de Lille. Arr\u00eat\u00e9 en janvier 1999 et condamn\u00e9 en novembre 2003 \u00e0 la r\u00e9clusion criminelle \u00e0 perp\u00e9tuit\u00e9 avec une p\u00e9riode de s\u00fbret\u00e9 de 29 ans.", "start_date": "2026-09-01T23:10:00+00:00", "title": "Au bout de l'enqu\u00eate, la fin du crime parfait ?"}, {"desc": "Julia Vignali accueillera et accompagnera les propri\u00e9taires d'objets lors de leur expertise par l'un de nos commissaires-priseurs. En accord avec l'estimation de l'expert, Julia Vignali remettra un Pass au propri\u00e9taire, pr\u00e9cieux s\u00e9same pour se pr\u00e9senter en salle des ventes devant nos acheteurs. Le vendeur pourra esp\u00e9rer tirer le meilleur prix de son objet en le vendant aux ench\u00e8res \u00e0 une s\u00e9lection", "start_date": "2026-09-02T00:00:00+00:00", "title": "Affaire conclue, tout le monde a quelque chose \u00e0 vendre"}, {"desc": "A partir de 2008, Eduardo Hermida, s'est mis \u00e0 peindre sur les murs du quartier de Canido \u00e0 Ferro, en Espagne, mettant l'art \u00e0 la port\u00e9e de toutes et tous.", "start_date": "2026-09-02T00:40:00+00:00", "title": "Courant d'art"}, {"desc": "Cam\u00e9raman reporter, Xavier Petit part \u00e0 la d\u00e9couverte d'un pays, d'une ville, d'un peuple et, bien s\u00fbr, d'un march\u00e9 traditionnel et d'une sp\u00e9cialit\u00e9 locale.", "start_date": "2026-09-02T01:00:00+00:00", "title": "Pays et march\u00e9s du monde"}, {"desc": "Quiz de culture g\u00e9n\u00e9rale au cours duquel 6 candidats vont tenter chaque jour de d\u00e9loger le champion en titre (qui accumule les gains d'\u00e9mission en \u00e9mission) et de prendre sa place. Les 2 premi\u00e8res manches, \"les qualifs.", "start_date": "2026-09-02T01:10:00+00:00", "title": "Tout le monde veut prendre sa place"}, {"desc": "Un rendez-vous r\u00e9veil-matin, avec un point sur l'actualit\u00e9 assorti de diff\u00e9rentes rubriques qui permettent d'en explorer certains aspects plus en profondeur.", "start_date": "2026-09-02T02:00:00+00:00", "title": "Le 6h info"}, {"desc": "De l'info et de la bonne humeur, sept jours sur sept : r\u00e9solument dans l'air du temps, la premi\u00e8re matinale de France, forte de sa richesse \u00e9ditoriale et de sa dynamique d'\u00e9quipe, aborde de nombreuses th\u00e9matiques et traite l'actualit\u00e9 avec s\u00e9rieux et sans dramatisation.", "start_date": "2026-09-02T02:30:00+00:00", "title": "T\u00e9l\u00e9matin"}, {"desc": "Pour bien d\u00e9marrer la journ\u00e9e, la r\u00e9daction de France 2 propose un point sur l'actualit\u00e9. Les principales informations nationales et internationales sont pass\u00e9es en revue.", "start_date": "2026-09-02T04:00:00+00:00", "title": "Journal 08h00"}, {"desc": "De l'info et de la bonne humeur, sept jours sur sept : r\u00e9solument dans l'air du temps, la premi\u00e8re matinale de France, forte de sa richesse \u00e9ditoriale et de sa dynamique d'\u00e9quipe, aborde de nombreuses th\u00e9matiques et traite l'actualit\u00e9 avec s\u00e9rieux et sans dramatisation.", "start_date": "2026-09-02T04:30:00+00:00", "title": "T\u00e9l\u00e9matin"}, {"desc": "Agathe et sa bande vous accueillent dans \"T\u00e9l\u00e9matin, la suite.", "start_date": "2026-09-02T05:15:00+00:00", "title": "T\u00e9l\u00e9matin, la suite"}, {"desc": "Un point m\u00e9t\u00e9o complet sur la m\u00e9t\u00e9o dans les Outre-mer, avec les pr\u00e9visions de temp\u00e9ratures et la force des vents.", "start_date": "2026-09-02T06:41:00+00:00", "title": "Journal M\u00e9t\u00e9o climat outre-mer"}, {"desc": "Des participants tir\u00e9s au sort parmi le public doivent r\u00e9pondre \u00e0 des questions de culture g\u00e9n\u00e9rale dans l'espoir de se qualifier pour la deuxi\u00e8me \u00e9preuve\u2009: le billard japonais, un jeu d'adresse qui peut rapporter cadeaux et argent. Les candidats qui perdent leur duel de culture g\u00e9n\u00e9rale r\u00e9int\u00e8grent le public et peuvent donc \u00eatre \u00e0 nouveau tir\u00e9s au sort.", "start_date": "2026-09-02T06:45:00+00:00", "title": "Chacun son Tour"}, {"desc": "Des participants tir\u00e9s au sort parmi le public doivent r\u00e9pondre \u00e0 des questions de culture g\u00e9n\u00e9rale dans l'espoir de se qualifier pour la deuxi\u00e8me \u00e9preuve\u2009: le billard japonais, un jeu d'adresse qui peut rapporter cadeaux et argent. Les candidats qui perdent leur duel de culture g\u00e9n\u00e9rale r\u00e9int\u00e8grent le public et peuvent donc \u00eatre \u00e0 nouveau tir\u00e9s au sort.", "start_date": "2026-09-02T07:25:00+00:00", "title": "Chacun son Tour"}, {"desc": "Quiz de culture g\u00e9n\u00e9rale au cours duquel 6 candidats vont tenter chaque jour de d\u00e9loger le champion en titre (qui accumule les gains d'\u00e9mission en \u00e9mission) et de prendre sa place. Les 2 premi\u00e8res manches, \"les qualifs.", "start_date": "2026-09-02T07:55:00+00:00", "title": "Tout le monde veut prendre sa place"}, {"desc": "Un point quotidien sur l'actualit\u00e9 m\u00e9t\u00e9o et climatique, avec des reportages et des interviews d'experts.", "start_date": "2026-09-02T08:55:00+00:00", "title": "Journal M\u00e9t\u00e9o Climat"}, {"desc": "Tous les jours, \u00e0 13h, la r\u00e9daction propose un point sur l'actualit\u00e9. Les informations nationales et internationales sont pass\u00e9es \u00e0 la loupe et mises en perspective, illustr\u00e9es par des reportages sur le terrain.", "start_date": "2026-09-02T09:00:00+00:00", "title": "Journal 13h00"}, {"desc": "Un point quotidien sur l'actualit\u00e9 m\u00e9t\u00e9o et climatique, avec des reportages et des interviews d'experts.", "start_date": "2026-09-02T09:40:00+00:00", "title": "Journal M\u00e9t\u00e9o Climat"}, {"desc": "Romans, essais, classiques ou encore bandes dessin\u00e9es, Fran\u00e7ois Busnel vous propose chaque jour de d\u00e9couvrir ou red\u00e9couvrir une \u0153uvre fran\u00e7aise ou \u00e9trang\u00e8re : du lundi au dimanche sur toutes les antennes du groupe France T\u00e9l\u00e9visions !", "start_date": "2026-09-02T09:45:00+00:00", "title": "La p'tite librairie"}, {"desc": "Tous les jours, Faustine BOLLAERT accueille sur le plateau de \\\" Ca commence aujourd'hui \\\" des hommes et des femmes qui viennent t\u00e9moigner sur une p\u00e9riode de leur vie, un drame, une \u00e9preuve, un cap \u00e0 passer ou un changement, et qui font souvent \u00e9cho \u00e0 de grands sujets de soci\u00e9t\u00e9. Entour\u00e9e d'experts : psychologues, psychiatres, avocats, gyn\u00e9cologue, Faustine aide les t\u00e9moins et les t\u00e9l\u00e9spectateurs", "start_date": "2026-09-02T09:55:00+00:00", "title": "\u00c7a commence aujourd'hui"}, {"desc": "Pour cette semaine sp\u00e9ciale mensonges et trahisons, Faustine Bollaert re\u00e7oit sur le plateau des m\u00e8res avec une particularit\u00e9 : elles ont plusieurs enfants, de 4 p\u00e8res diff\u00e9rents !\u00c0 43 ans, Romy a 7 enfants : Mia, 23 ans, Emmy, 19 ans, Lenny, 18 ans, M\u00e9lie, 16 ans, Callie, 13 ans, Lily, 11 ans et Maddie, 8 ans. Cette v\u00e9ritable amoureuse de l\u2019amour a connu plusieurs grandes histoires romantiques, se", "start_date": "2026-09-02T11:05:00+00:00", "title": "\u00c7a commence aujourd'hui"}, {"desc": "Julia Vignali accueillera et accompagnera les propri\u00e9taires d'objets lors de leur expertise par l'un de nos commissaires-priseurs. En accord avec l'estimation de l'expert, Julia Vignali remettra un Pass au propri\u00e9taire, pr\u00e9cieux s\u00e9same pour se pr\u00e9senter en salle des ventes devant nos acheteurs. Le vendeur pourra esp\u00e9rer tirer le meilleur prix de son objet en le vendant aux ench\u00e8res \u00e0 une s\u00e9lection", "start_date": "2026-09-02T12:20:00+00:00", "title": "Affaire conclue, tout le monde a quelque chose \u00e0 vendre"}, {"desc": "Julia Vignali accueillera et accompagnera les propri\u00e9taires d'objets lors de leur expertise par l'un de nos commissaires-priseurs. En accord avec l'estimation de l'expert, Julia Vignali remettra un Pass au propri\u00e9taire, pr\u00e9cieux s\u00e9same pour se pr\u00e9senter en salle des ventes devant nos acheteurs. Le vendeur pourra esp\u00e9rer tirer le meilleur prix de son objet en le vendant aux ench\u00e8res \u00e0 une s\u00e9lection", "start_date": "2026-09-02T13:15:00+00:00", "title": "Affaire conclue, tout le monde a quelque chose \u00e0 vendre"}, {"desc": "Mot de passe - Le Duel est un jeu qui consiste \u00e0 faire deviner des mots \u00e0 un partenaire de jeu en donnant des mots indices. Il se joue avec deux candidats face \u00e0 deux c\u00e9l\u00e9brit\u00e9s. Du lundi au jeudi, ce sont les Duels et la Finale se joue en fin de semaine, le vendredi, avec le meilleur des 2 candidats et les deux c\u00e9l\u00e9brit\u00e9s.", "start_date": "2026-09-02T14:01:00+00:00", "title": "Mot de passe : le duel"}, {"desc": "\u00c9mission quotidienne pour jouer avec la langue fran\u00e7aise et enrichir sa culture g\u00e9n\u00e9rale. Autour de Sidonie Bonnec et Bruno Guillon, 2 \u00e9quipes jouent en r\u00e9pondant \u00e0 des questions. Chacune est constitu\u00e9e d'un candidat, \u00e9paul\u00e9 par 2 personnalit\u00e9s : humoristes, com\u00e9diens, journalistes...", "start_date": "2026-09-02T14:05:00+00:00", "title": "Tout le monde a son mot \u00e0 dire"}, {"desc": "Les candidats chantent en karaok\u00e9 accompagn\u00e9s par un orchestre. Quand les mots s'effacent, seuls gagnent ceux qui se souviennent de toutes les paroles.", "start_date": "2026-09-02T14:40:00+00:00", "title": "N'oubliez pas les paroles"}, {"desc": "Les candidats chantent en karaok\u00e9 accompagn\u00e9s par un orchestre. Quand les mots s'effacent, seuls gagnent ceux qui se souviennent de toutes les paroles.", "start_date": "2026-09-02T15:15:00+00:00", "title": "N'oubliez pas les paroles"}, {"desc": "Un point quotidien sur l'actualit\u00e9 m\u00e9t\u00e9o et climatique, avec des reportages et des interviews d'experts.", "start_date": "2026-09-02T15:55:00+00:00", "title": "Journal M\u00e9t\u00e9o Climat"}, {"desc": "Les principales informations nationales et internationales sont pass\u00e9es \u00e0 la loupe et mises en perspective, illustr\u00e9es par des reportages sur le terrain.", "start_date": "2026-09-02T16:00:00+00:00", "title": "Journal 20h00"}, {"desc": "Un point quotidien sur l'actualit\u00e9 m\u00e9t\u00e9o et climatique, avec des reportages et des interviews d'experts.", "start_date": "2026-09-02T16:55:00+00:00", "title": "Journal M\u00e9t\u00e9o Climat"}, {"desc": "Programme Court Parrain\u00e9 avec FTP Annonceur GMF Production VML.", "start_date": "2026-09-02T17:00:00+00:00", "title": "R\u00e9flexe !"}, {"desc": "Une pastille consacr\u00e9e \u00e0 l'actualit\u00e9 musicale, qui braque les projecteurs sur un ou une artiste.", "start_date": "2026-09-02T17:05:00+00:00", "title": "Basique, l'essentiel de la musique"}, {"desc": "La famille Cellier vient d'emm\u00e9nager dans un joli village et s'appr\u00eate \u00e0 passer un dimanche en famille. Apr\u00e8s une altercation avec sa m\u00e8re, leur fille adolescente, Ana\u00efs, claque la porte et part dans la for\u00eat, casque sur les oreilles, alors qu'une battue est en cours pr\u00e8s de chez eux. Elle est gri\u00e8vement bless\u00e9e par le tir accidentel d'Olivier, un chasseur exp\u00e9riment\u00e9, mari\u00e9 et p\u00e8re de famille. Qu", "start_date": "2026-09-02T17:10:00+00:00", "title": "Un dimanche de chasse"}, {"desc": "Veuf depuis deux ans, Joscelin s'\u00e9tourdit dans le travail. Il faut qu'Alice, sa fille de 16 ans, se fasse renvoyer du lyc\u00e9e pour qu'il admette enfin qu'elle aussi va mal. Leurs rapports sont \u00e0 la fois distants et tendus et l'adolescente est envoy\u00e9e contre son gr\u00e9 \u00e0 la campagne. Elle y m\u00e8ne la vie dure \u00e0 ses grands-parents jusqu'\u00e0 ce qu'elle fasse la connaissance de Doucette, une jolie vache dont l", "start_date": "2026-09-02T18:50:00+00:00", "title": "Le combat d'Alice"}, {"desc": "Au coeur d'un village corse, le corps sans vie d'un ancien m\u00e9decin g\u00e9n\u00e9raliste est d\u00e9couvert au c\u00f4t\u00e9 de son \u00e9pouse inconsciente. Marleau soup\u00e7onne leur fille, L\u00e9zia, chirurgienne revenue de Paris pour prendre la suite de son p\u00e8re, de cacher quelque chose. Elle comprend que son retour a cr\u00e9\u00e9 des inimiti\u00e9, dont celle de son ancien fianc\u00e9 qui aurait d\u00fb reprendre le cabinet du d\u00e9funt. Lorsqu'elle sort", "start_date": "2026-09-02T20:20:00+00:00", "title": "Capitaine Marleau"}, {"desc": "C'\u00e9tait une jeune femme de 23 ans, m\u00e8re d'un enfant d'un an, qui menait une vie simple et sans histoire. Pourtant cette nuit d'avril 2012, Ma\u00ebva Rousseau est retrouv\u00e9e sauvagement assassin\u00e9e dans sa petite maison du Val d'Oise. Commence alors une enqu\u00eate aux multiples rebondissements. Elle va mettre au jour une sombre entreprise macabre, aliment\u00e9e par la vengeance, la suspicion et les fantasmes.", "start_date": "2026-09-02T21:55:00+00:00", "title": "Au bout de l'enqu\u00eate, la fin du crime parfait ?"}, {"desc": "Le 8 novembre 1972, s'ouvrait, devant le tribunal correctionnel de Bobigny, le proc\u00e8s de Mich\u00e8le Chevalier, m\u00e8re de la jeune Marie-Claire, jug\u00e9e le mois pr\u00e9c\u00e9dent pour avoir avort\u00e9. Mich\u00e8le Chevalier, qui a assist\u00e9 sa fille, est accus\u00e9e de \"complicit\u00e9 d'avortement\" et jug\u00e9e en m\u00eame temps que deux coll\u00e8gues \u00e0 qui elle a demand\u00e9 de l'aide, ainsi que de l'\"avorteuse\" qui a interrompu la grossesse non", "start_date": "2026-09-02T22:40:00+00:00", "title": "Au bout de l'enqu\u00eate, la fin du crime parfait ?"}, {"desc": "Un point m\u00e9t\u00e9o complet sur la m\u00e9t\u00e9o dans les Outre-mer, avec les pr\u00e9visions de temp\u00e9ratures et la force des vents.", "start_date": "2026-09-02T23:30:00+00:00", "title": "Journal M\u00e9t\u00e9o climat outre-mer"}, {"desc": "Rediffusion des \u00e9missions religieuses du dimanche pr\u00e9c\u00e9dent.", "start_date": "2026-09-02T23:35:00+00:00", "title": "Emissions religieuses"}], "offset": "+00:00", "timezone": "UTC", "error_code": -1, "start_date": "2026-09-01", "icon": ""}